{"id":21119,"date":"2022-11-19T11:14:53","date_gmt":"2022-11-19T14:14:53","guid":{"rendered":"https:\/\/corrientesdetarde.com\/?p=21119"},"modified":"2022-11-19T11:14:56","modified_gmt":"2022-11-19T14:14:56","slug":"corrientes-registro-un-caso-nuevo-de-coronavirus-en-capital-2","status":"publish","type":"post","link":"https:\/\/corrientesdetarde.com\/index.php\/bienestar-y-salud\/corrientes-registro-un-caso-nuevo-de-coronavirus-en-capital-2\/","title":{"rendered":"Corrientes registr\u00f3 un caso nuevo de Coronavirus en Capital"},"content":{"rendered":"\n<p>Ya no quedan pacientes en terapia intensiva.\u00a0<\/p>\n\n\n\n<p>El informe epidemiol\u00f3gico de la provincia de Corrientes de este viernes, registr\u00f3 un nuevo caso positivo de Coronavirus en Corrientes, ambos en Capital, al haberse analizado 397 muestras en las \u00faltimas 24 horas.<\/p>\n\n\n\n<p>Esto actualiza la cifra de casos activos en 5 y los acumulados en 196.478 en todo el territorio provincial al 18 de noviembre de 2022, con 2.028.375 testeos realizados desde que inici\u00f3 la pandemia y 194.532 recuperados. Mientras que son 2.132 los fallecidos acumulados, y 3 los actuales internados en el Hospital de Campa\u00f1a, con resultado positivo para Covid-19; mientras que uno obtuvo el alta m\u00e9dica.<\/p>\n\n\n\n<p><strong>Hospital de Campa\u00f1a<\/strong><\/p>\n\n\n\n<p>El Ministerio de Salud P\u00fablica inform\u00f3 el parte m\u00e9dico del Hospital de Campa\u00f1a &#8220;Escuela Hogar&#8221;, dando cuenta de la recuperaci\u00f3n de 1 paciente que recibi\u00f3 el alta m\u00e9dica.<\/p>\n\n\n\n<p>El informe emitido desde la instituci\u00f3n detalla que a la fecha (18 de noviembre), se encuentran internados 3 pacientes con diagn\u00f3stico de Covid-19 en Sala de Cl\u00ednica General, cl\u00ednicamente estables.<\/p>\n\n\n\n<p>Fue dado de alta 1 paciente recuperado.<\/p>\n\n\n\n<p>Se realizaron 58 atenciones en guardia, acumul\u00e1ndose 49.143.<\/p>\n","protected":false},"excerpt":{"rendered":"<p>Ya no quedan pacientes en terapia intensiva.\u00a0 El informe epidemiol\u00f3gico de la provincia de Corrientes de este viernes, registr\u00f3 un nuevo caso positivo de Coronavirus en Corrientes, ambos en Capital,&hellip; <\/p>\n","protected":false},"author":3,"featured_media":21120,"comment_status":"closed","ping_status":"open","sticky":false,"template":"","format":"standard","meta":{"footnotes":""},"categories":[16],"tags":[],"class_list":["post-21119","post","type-post","status-publish","format-standard","has-post-thumbnail","hentry","category-bienestar-y-salud"],"_links":{"self":[{"href":"https:\/\/corrientesdetarde.com\/index.php\/wp-json\/wp\/v2\/posts\/21119","targetHints":{"allow":["GET"]}}],"collection":[{"href":"https:\/\/corrientesdetarde.com\/index.php\/wp-json\/wp\/v2\/posts"}],"about":[{"href":"https:\/\/corrientesdetarde.com\/index.php\/wp-json\/wp\/v2\/types\/post"}],"author":[{"embeddable":true,"href":"https:\/\/corrientesdetarde.com\/index.php\/wp-json\/wp\/v2\/users\/3"}],"replies":[{"embeddable":true,"href":"https:\/\/corrientesdetarde.com\/index.php\/wp-json\/wp\/v2\/comments?post=21119"}],"version-history":[{"count":1,"href":"https:\/\/corrientesdetarde.com\/index.php\/wp-json\/wp\/v2\/posts\/21119\/revisions"}],"predecessor-version":[{"id":21121,"href":"https:\/\/corrientesdetarde.com\/index.php\/wp-json\/wp\/v2\/posts\/21119\/revisions\/21121"}],"wp:featuredmedia":[{"embeddable":true,"href":"https:\/\/corrientesdetarde.com\/index.php\/wp-json\/wp\/v2\/media\/21120"}],"wp:attachment":[{"href":"https:\/\/corrientesdetarde.com\/index.php\/wp-json\/wp\/v2\/media?parent=21119"}],"wp:term":[{"taxonomy":"category","embeddable":true,"href":"https:\/\/corrientesdetarde.com\/index.php\/wp-json\/wp\/v2\/categories?post=21119"},{"taxonomy":"post_tag","embeddable":true,"href":"https:\/\/corrientesdetarde.com\/index.php\/wp-json\/wp\/v2\/tags?post=21119"}],"curies":[{"name":"wp","href":"https:\/\/api.w.org\/{rel}","templated":true}]}}