{"id":21122,"date":"2022-11-19T11:16:04","date_gmt":"2022-11-19T14:16:04","guid":{"rendered":"https:\/\/corrientesdetarde.com\/?p=21122"},"modified":"2022-11-19T11:16:08","modified_gmt":"2022-11-19T14:16:08","slug":"nueva-edicion-de-ibera-chic-debajo-del-puente-general-belgrano","status":"publish","type":"post","link":"https:\/\/corrientesdetarde.com\/index.php\/informacion-general\/nueva-edicion-de-ibera-chic-debajo-del-puente-general-belgrano\/","title":{"rendered":"Nueva edici\u00f3n de Iber\u00e1 Chic debajo del Puente General Belgrano"},"content":{"rendered":"\n<p>Participar\u00e1n tres grandes dise\u00f1a\u00addores. La idea es innovar y ofrecer nuevos espacios para el disfrute de la moda y el arte correntino.<\/p>\n\n\n\n<p>A partir de las 19 de hoy se realizar\u00e1 la s\u00e9ptima edi\u00adci\u00f3n de Iber\u00e1 Chic, en la te\u00adrraza que se encuentra bajo el Puente General Belgrano. El evento llega renovado y con la intenci\u00f3n de ofrecer un nuevo desfile de moda, destinado al p\u00fablico en ge\u00adneral.&nbsp;<\/p>\n\n\n\n<p>Desde la organizaci\u00f3n adelantaron que el espec\u00adt\u00e1culo contar\u00e1 con la par\u00adticipaci\u00f3n de Pietro Glam, Carlos Calia y Uriel Arce, tres dise\u00f1adores corren\u00adtinos que presentar\u00e1n sus nuevas colecciones pensa\u00addas para la temporada que se avecina.&nbsp;<\/p>\n\n\n\n<p>Iber\u00e1 Chic es un espacio de arte itinerante en el que se pueden descubrir pro\u00adpuestas art\u00edsticas de cada dise\u00f1ador invitado, suma\u00addas al arte de las modelos, maquilladoras, estilistas, vestuaristas, m\u00fasicos, acto\u00adres, bailarines y fot\u00f3grafos, entre otros participantes de la propuesta.&nbsp;<\/p>\n\n\n\n<p>En cada edici\u00f3n, desta\u00adcaron, emprendedores y profesionales exhiben sus propuestas art\u00edsticas en un evento exclusivo, pensado para resaltar el valor de sus productos y la potencial re\u00adlaci\u00f3n con nuevos clientes. &#8220;Es una oportunidad labo\u00adral para muchos correnti\u00adnos&#8221;, resaltaron.&nbsp;<\/p>\n\n\n\n<p>Los organizadores subra\u00adyaron tambi\u00e9n la impor\u00adtancia de participaci\u00f3n de &#8220;modelos reales&#8221;, personas con discapacidad e igual\u00addad de g\u00e9nero que desfilan junto a las modelos pro\u00adfesionales. &#8220;Nos encanta decir que Iber\u00e1 Chic es un espacio de arte itinerante, donde se puede descubrir y sorprenderse con las pro\u00adpuestas art\u00edsticas de cada dise\u00f1ador invitado, suma\u00addas al arte de las modelos, maquilladoras, estilistas, vestuaristas, artistas (m\u00fasi\u00adcos, actores, VJ, DJ, bailari\u00adnes), conductores, fot\u00f3gra\u00adfos, camar\u00f3grafos, editores, conjugado con las locacio\u00adnes m\u00e1s representativas de la ciudad de Corrientes. Todo es arte&#8221;, explic\u00f3 a NORTE de Corrientes, Sel\u00adva Bobadilla, directora de Iber\u00e1 Chic.&nbsp;<\/p>\n\n\n\n<p>&#8220;En cada edici\u00f3n -precis\u00f3 Carlos Stegelman, produc\u00adtor de la propuesta- convo\u00adcamos a emprendedores y profesionales, trabajadores de la industria de la moda y el dise\u00f1o en la provincia de Corrientes, quienes exhiben sus propuestas art\u00edsticas en un evento exclusivo, pensa\u00addo para resaltar el valor de sus productos y la potencial relaci\u00f3n con nuevos clien\u00adtes. Una oportunidad labo\u00adral para muchos correntinos de poder exhibir y comer\u00adcializar sus ideas art\u00edsticas&#8221;.&nbsp;<\/p>\n\n\n\n<p>Seg\u00fan explicaron los or\u00adganizadores, la producci\u00f3n de cada uno de estos eventos es una motivaci\u00f3n y un gran desaf\u00edo. &#8220;Primero elegir es\u00adcenarios que representen a la ciudad de Corrientes. As\u00ed, decidimos lugares donde nunca se presentaron even\u00adtos de moda, tales como: la Punta San Sebasti\u00e1n, el Co\u00adlegio Nacional General San Mart\u00edn, la plaza 25 de Mayo o la plaza Italia&#8221;.&nbsp;<\/p>\n\n\n\n<p>Con la idea de ofrecer un nuevo y desafiante desfile de moda, se ofre\u00adcer\u00e1 al p\u00fablico en general y con entrada libre y gra\u00adtuita, un espect\u00e1culo de la mano de 3 Dise\u00f1adores Correntinos<\/p>\n","protected":false},"excerpt":{"rendered":"<p>Participar\u00e1n tres grandes dise\u00f1a\u00addores. La idea es innovar y ofrecer nuevos espacios para el disfrute de la moda y el arte correntino. A partir de las 19 de hoy se&hellip; <\/p>\n","protected":false},"author":3,"featured_media":21123,"comment_status":"closed","ping_status":"open","sticky":false,"template":"","format":"standard","meta":{"footnotes":""},"categories":[1],"tags":[],"class_list":["post-21122","post","type-post","status-publish","format-standard","has-post-thumbnail","hentry","category-informacion-general"],"_links":{"self":[{"href":"https:\/\/corrientesdetarde.com\/index.php\/wp-json\/wp\/v2\/posts\/21122","targetHints":{"allow":["GET"]}}],"collection":[{"href":"https:\/\/corrientesdetarde.com\/index.php\/wp-json\/wp\/v2\/posts"}],"about":[{"href":"https:\/\/corrientesdetarde.com\/index.php\/wp-json\/wp\/v2\/types\/post"}],"author":[{"embeddable":true,"href":"https:\/\/corrientesdetarde.com\/index.php\/wp-json\/wp\/v2\/users\/3"}],"replies":[{"embeddable":true,"href":"https:\/\/corrientesdetarde.com\/index.php\/wp-json\/wp\/v2\/comments?post=21122"}],"version-history":[{"count":1,"href":"https:\/\/corrientesdetarde.com\/index.php\/wp-json\/wp\/v2\/posts\/21122\/revisions"}],"predecessor-version":[{"id":21124,"href":"https:\/\/corrientesdetarde.com\/index.php\/wp-json\/wp\/v2\/posts\/21122\/revisions\/21124"}],"wp:featuredmedia":[{"embeddable":true,"href":"https:\/\/corrientesdetarde.com\/index.php\/wp-json\/wp\/v2\/media\/21123"}],"wp:attachment":[{"href":"https:\/\/corrientesdetarde.com\/index.php\/wp-json\/wp\/v2\/media?parent=21122"}],"wp:term":[{"taxonomy":"category","embeddable":true,"href":"https:\/\/corrientesdetarde.com\/index.php\/wp-json\/wp\/v2\/categories?post=21122"},{"taxonomy":"post_tag","embeddable":true,"href":"https:\/\/corrientesdetarde.com\/index.php\/wp-json\/wp\/v2\/tags?post=21122"}],"curies":[{"name":"wp","href":"https:\/\/api.w.org\/{rel}","templated":true}]}}