{"id":21127,"date":"2022-11-19T16:02:04","date_gmt":"2022-11-19T19:02:04","guid":{"rendered":"https:\/\/corrientesdetarde.com\/?p=21127"},"modified":"2022-11-19T16:02:06","modified_gmt":"2022-11-19T19:02:06","slug":"valdes-acompano-al-pueblo-de-saladas-en-un-nuevo-aniversario-y-proyecto-obras-de-infraestructura-para-la-comuna","status":"publish","type":"post","link":"https:\/\/corrientesdetarde.com\/index.php\/informacion-general\/valdes-acompano-al-pueblo-de-saladas-en-un-nuevo-aniversario-y-proyecto-obras-de-infraestructura-para-la-comuna\/","title":{"rendered":"Vald\u00e9s acompa\u00f1\u00f3 al pueblo de Saladas en un nuevo aniversario y proyect\u00f3 obras de infraestructura para la comuna"},"content":{"rendered":"\n<p>El gobernador Gustavo Vald\u00e9s encabez\u00f3 este s\u00e1bado, el acto central por el 290\u00b0 aniversario fundacional de la ciudad de Saladas. En la jornada, junto al intendente Noel G\u00f3mez, proyect\u00f3 un esquema de trabajo e inversiones para la concreci\u00f3n de obras de infraestructura rural y urbana para la Comuna. Tambi\u00e9n se refiri\u00f3 a la importancia de la planificaci\u00f3n de una Autov\u00eda que conecte a la jurisdicci\u00f3n con Capital. Con antelaci\u00f3n, el mandatario provincial particip\u00f3 de la inauguraci\u00f3n del mural de ingreso a la localidad, sobre Ruta Nro. 118.<\/p>\n\n\n\n<p>El acto transcurri\u00f3 en la Plaza Cabral y en primer lugar, se entonaron las estrofas del Himno Nacional Argentino, ejecutado por la Banda de M\u00fasica de la Polic\u00eda de Corrientes, tras la cual el gobernador Vald\u00e9s y el intendente G\u00f3mez, acompa\u00f1ados por el viceintendente, Rolando Billordo, y el ministro de Salud P\u00fablica, Ricardo Cardozo, depositaron ofrendas florales al pie del monumento del Sargento Cabral.<\/p>\n\n\n\n<p>\u201cEs fundamental trabajar juntos para que los salade\u00f1os sigan mostrando la pasi\u00f3n que tienen por crecer y transformar a la localidad\u201d, dijo a manera de introducci\u00f3n el gobernador Vald\u00e9s, enfatizando que con el intendente G\u00f3mez \u201ctrabajamos codo a codo, apuntalando a la ciudad con inversiones de la provincia, que surgen de los recursos que son de los correntinos\u201d.<\/p>\n\n\n\n<p>En este rumbo, Vald\u00e9s asegur\u00f3 que con el jefe comunal proyectaron importantes obras, que son el \u201cmejor homenaje que le podemos brindar a esta comunidad, con una mirada para transformar el futuro\u201d.<\/p>\n\n\n\n<p>De esa manera, el mandatario precis\u00f3 que se proyecta avanzar en obras de infraestructura urbana, asfalto e iluminaci\u00f3n, caminos rurales. Mencionando como ejemplos al barrio Estaci\u00f3n y la Costanera, generando nuevos atractivos tur\u00edsticos.<\/p>\n\n\n\n<p>En materia de producci\u00f3n, el gobernador dijo que Saladas tiene \u201cun potencial gigantesco que debemos aprovecharlo\u201d.<\/p>\n\n\n\n<p>Tambi\u00e9n puso de relieve Vald\u00e9s la importancia de crear nuevos Institutos de Formaci\u00f3n Docente para fortalecer la educaci\u00f3n p\u00fablica y subray\u00f3 que habr\u00e1 un apoyo irrestricto al deporte, con fuertes inversiones para recuperar los clubes y que brinden un espacio de sana competencia y recreaci\u00f3n para los ni\u00f1os y j\u00f3venes.<\/p>\n\n\n\n<p>Seguidamente, Vald\u00e9s se dirigi\u00f3 al intendente Noel G\u00f3mez y le dijo: \u201cQuedese tranquilo, que sabemos que usted va a conducir a Saladas hacia el destino venturoso que est\u00e1 apuntando\u201d.<\/p>\n\n\n\n<p>P\u00e1rrafo aparte tuvo Vald\u00e9s para referirse a los 290 a\u00f1os de Saladas, se\u00f1alando que se forj\u00f3 con grandes hombres a lo largo de su historia, como el \u201cSargento Cabral que ofrend\u00f3 su vida para salvar a San Mart\u00edn que fue quien nos dio la libertad como pueblo\u201d.<\/p>\n\n\n\n<p>\u201cEs un s\u00edmbolo del sacrificio que debemos tener presente todos\u201d, resalt\u00f3 y expres\u00f3 luego que Saladas es la consecuencia del esfuerzo de su gente.<\/p>\n\n\n\n<p>\u201cConvocamos a todos a ser parte de este proyecto de transformaci\u00f3n, nosotros como gobierno los vamos a estar acompa\u00f1and siempreo\u201d, manifest\u00f3 Vald\u00e9s, cerrando sus palabras con el deseo de un feliz aniversario para los salade\u00f1os a quienes \u201clos tenemos en el coraz\u00f3n\u201d.<\/p>\n\n\n\n<p><strong>Intendente Noel G\u00f3mez<\/strong><\/p>\n\n\n\n<p>Al tomar la palabra, el intendente Noel G\u00f3mez destac\u00f3 que con la \u201cayuda del gobernador Vald\u00e9s, vamos a cumplir muchos de los sue\u00f1os que tenemos para Saladas\u201d.<\/p>\n\n\n\n<p>Y en nombre de la comunidad, agradeci\u00f3 al mandatario por \u201ctodas las obras que se ejecutan en Saladas\u201d, fundamentales para apuntalar el desarrollo y crecimiento de la localidad.<\/p>\n\n\n\n<p><strong>Descubrimiento de Mural de Acceso<\/strong><\/p>\n\n\n\n<p>Previo al desarrollo del acto central, el gobernador Vald\u00e9s, junto al intendente Noel G\u00f3mez inaugur\u00f3 el Mural de Acceso a Saladas, ubicado en Ruta Nacional 118 en el ingreso al Viejo Camino Real.<\/p>\n\n\n\n<p>En la oportunidad hubo corte de cintas y descubrimiento de placa alusiva al aniversario.<\/p>\n\n\n\n<p>Dicho mural destaca la figura del Sargento Juan Jos\u00e9 Cabral y la religiosidad de la comunidad salade\u00f1a.<\/p>\n\n\n\n<p>El mismo estuvo a cargo de los artistas pl\u00e1sticos Marcos Kura y Edid Mart\u00ednez. Se trata de dos muros de 5 metros por 4 metros de alto que contienen sentimiento e historia, reflejando a h\u00e9roes, lugares y diferentes expresiones que hacen al ser salade\u00f1o.<\/p>\n\n\n\n<p>El mural se realiz\u00f3 con la t\u00e9cnica esgrafiado y se nutre de im\u00e1genes representativas que la conforman como por ejemplo, el Sargento Cabral, la Batalla de San Lorenzo, la imagen de San Jos\u00e9, patrono de Saladas y el ni\u00f1o, entre otros.<\/p>\n\n\n\n<p><strong>Presencias<\/strong><\/p>\n\n\n\n<p>Tambi\u00e9n participaron del acto, ministros, secretarios y subsecretarios del gabinete provincial, legisladores nacionales y provinciales, autoridades comunales, concejales, intendentes de localidades vecinas, el jefe de la Polic\u00eda de Corrientes, Arnaldo Molina y p\u00fablico en general.<\/p>\n\n\n\n<p><strong>Declaraciones a la prensa<\/strong><\/p>\n\n\n\n<p>Concluido el acto, el gobernador Gustavo Vald\u00e9s tom\u00f3 contacto con los medios de prensa apostados en Saladas y en primer lugar, al ser consultado sobre el pedido formulado a Naci\u00f3n para avanzar con el proyecto de construcci\u00f3n de la Autov\u00eda Corrientes \u2013 Saladas, respondi\u00f3 que \u201c necesitamos que la Naci\u00f3n termine el proyecto ejecutivo, porque hoy tenemos casi 10 mil veh\u00edculos por d\u00eda que transitan en ese tramo de la Ruta 12\u201d, agregando que \u201cvamos a seguir insistiendo en nuestros reclamos para que haga ese viaducto que es central, porque est\u00e1 en juego la vida de las personas. Necesitamos tener esta obra de infraestructura que no puede seguir demorada\u201d.<\/p>\n\n\n\n<p>En tanto, sobre la posibilidad de incorporar a Saladas dentro de un polo de desarrollo tur\u00edstico, Vald\u00e9s afirm\u00f3 que fue otro de los temas que abord\u00f3 con el intendente Noel G\u00f3mez, puntualizando que la industria del turismo es \u201cuno de los grandes motores que tiene la econom\u00eda y genera miles de puestos de trabajo, por eso esta ciudad debe estar dentro de esa gran idea de crecimiento\u201d.<\/p>\n\n\n\n<p>Por \u00faltimo, el titular del ejecutivo provincial habl\u00f3 sobre la reuni\u00f3n de gobernadores del Norte Grande que tendr\u00e1 lugar el 23 de noviembre en Corrientes.<\/p>\n\n\n\n<p>\u201cYa tenemos una agenda de trabajo &nbsp;definida y consolidada con el presidente pro t\u00e9mpore, Gerardo Zamora, mandatario de Santiago del Estero\u201d, coment\u00f3 y mencion\u00f3 que entre los temas a abordarse uno d los puntos centrales ser\u00e1 el pedido a Naci\u00f3n de incorporar el suministro de gas natural, ya que \u201clo necesitamos para poder radicar m\u00e1s empresas y que tengan una rentabilidad adecuada\u201d.<\/p>\n\n\n\n<p>Tambi\u00e9n se\u00f1al\u00f3 Vald\u00e9s que en la agenda de conversaciones estar\u00e1n la tarifa el\u00e9ctrica, los subsidios al transporte y obras de infraestructura que son fundamentales para las provincias del Norte Grande.<\/p>\n\n\n\n<p><\/p>\n","protected":false},"excerpt":{"rendered":"<p>El gobernador Gustavo Vald\u00e9s encabez\u00f3 este s\u00e1bado, el acto central por el 290\u00b0 aniversario fundacional de la ciudad de Saladas. En la jornada, junto al intendente Noel G\u00f3mez, proyect\u00f3 un&hellip; <\/p>\n","protected":false},"author":1,"featured_media":21128,"comment_status":"closed","ping_status":"open","sticky":false,"template":"","format":"standard","meta":{"footnotes":""},"categories":[1],"tags":[],"class_list":["post-21127","post","type-post","status-publish","format-standard","has-post-thumbnail","hentry","category-informacion-general"],"_links":{"self":[{"href":"https:\/\/corrientesdetarde.com\/index.php\/wp-json\/wp\/v2\/posts\/21127","targetHints":{"allow":["GET"]}}],"collection":[{"href":"https:\/\/corrientesdetarde.com\/index.php\/wp-json\/wp\/v2\/posts"}],"about":[{"href":"https:\/\/corrientesdetarde.com\/index.php\/wp-json\/wp\/v2\/types\/post"}],"author":[{"embeddable":true,"href":"https:\/\/corrientesdetarde.com\/index.php\/wp-json\/wp\/v2\/users\/1"}],"replies":[{"embeddable":true,"href":"https:\/\/corrientesdetarde.com\/index.php\/wp-json\/wp\/v2\/comments?post=21127"}],"version-history":[{"count":1,"href":"https:\/\/corrientesdetarde.com\/index.php\/wp-json\/wp\/v2\/posts\/21127\/revisions"}],"predecessor-version":[{"id":21129,"href":"https:\/\/corrientesdetarde.com\/index.php\/wp-json\/wp\/v2\/posts\/21127\/revisions\/21129"}],"wp:featuredmedia":[{"embeddable":true,"href":"https:\/\/corrientesdetarde.com\/index.php\/wp-json\/wp\/v2\/media\/21128"}],"wp:attachment":[{"href":"https:\/\/corrientesdetarde.com\/index.php\/wp-json\/wp\/v2\/media?parent=21127"}],"wp:term":[{"taxonomy":"category","embeddable":true,"href":"https:\/\/corrientesdetarde.com\/index.php\/wp-json\/wp\/v2\/categories?post=21127"},{"taxonomy":"post_tag","embeddable":true,"href":"https:\/\/corrientesdetarde.com\/index.php\/wp-json\/wp\/v2\/tags?post=21127"}],"curies":[{"name":"wp","href":"https:\/\/api.w.org\/{rel}","templated":true}]}}