{"id":21130,"date":"2022-11-19T16:04:49","date_gmt":"2022-11-19T19:04:49","guid":{"rendered":"https:\/\/corrientesdetarde.com\/?p=21130"},"modified":"2022-11-19T16:04:52","modified_gmt":"2022-11-19T19:04:52","slug":"las-ferias-de-la-ciudad-estaran-en-los-barrios-mil-viviendas-beron-de-astrada-y-laguna-seca","status":"publish","type":"post","link":"https:\/\/corrientesdetarde.com\/index.php\/locales\/las-ferias-de-la-ciudad-estaran-en-los-barrios-mil-viviendas-beron-de-astrada-y-laguna-seca\/","title":{"rendered":"<strong>Las Ferias de la Ciudad estar\u00e1n en los barrios&nbsp;<br>Mil Viviendas, Ber\u00f3n de Astrada y Laguna Seca&nbsp;<\/strong>"},"content":{"rendered":"\n<p><em>Las ferias itinerantes recorrer\u00e1n, del 22 al 27 de noviembre, diferentes zonas de la ciudad acercando a los vecinos productos frescos, de calidad y a precios accesibles. Habr\u00e1 adem\u00e1s promociones y combos. Como siempre en el horario de 8 a 13.&nbsp;<\/em><\/p>\n\n\n\n<p>Con importantes promociones, adem\u00e1s de ofrecer productos de calidad, las Ferias de la Ciudad tendr\u00e1n su recorrido habitual la pr\u00f3xima semana por las plazas c\u00e9ntricas, adem\u00e1s de otros espacios p\u00fablicos de diferentes barrios. En el marco de un cronograma previsto, en esta oportunidad los feriantes dir\u00e1n presente tambi\u00e9n para los vecinos de las Mil Viviendas, Ber\u00f3n de Astrada y Laguna Seca.&nbsp;<br><br>Con una variedad de frutas, verduras, plantas ornamentales, panificados caseros, dulces regionales y artesan\u00edas, las Ferias comenzar\u00e1n su recorrido el martes 22, de 8 a 13 \u2013horario fijo para todos los d\u00edas- en la plazoleta Los Amigos del barrio Libertad (Poncho Verde y Brasil) y en la plaza Libertad (San Mart\u00edn y Per\u00fa).&nbsp;<br><br>El mi\u00e9rcoles ser\u00e1 el turno de la plaza Torrent (San Lorenzo y Bol\u00edvar) y en la plazoleta Evita del barrio Ber\u00f3n de Astrada (Sarmiento y Maip\u00fa). El jueves se repetir\u00e1 el recorrido en la plaza Torrent.&nbsp;<br><br>El viernes los feriantes estar\u00e1n ofreciendo sus productos en la plaza Vera (San Juan y Agust\u00edn Gonz\u00e1lez), como as\u00ed tambi\u00e9n en la plaza Rep\u00fablica del Per\u00fa del barrio Mil Viviendas (Patagonia y avenida La Paz) y la plazoleta de Los Inmigrantes del barrio Ber\u00f3n de Astrada (Sarmiento y Aviador Correa Fern\u00e1ndez). &nbsp;<br><br>Tambi\u00e9n el viernes de manera simult\u00e1nea las Ferias dir\u00e1n presente en la delegaci\u00f3n municipal del barrio Laguna Seca (Pit\u00e1goras y Sussini). En tanto que el s\u00e1bado, como es habitual, los feriantes estar\u00e1n en el parque Mitre, al que se sumar\u00e1n tambi\u00e9n emprendedores con sus manualidades, tejidos, art\u00edculos de cuero, en madera, entre otros.&nbsp;<br><br>En tanto que el domingo, de 9 a 22, los feriantes se ubicar\u00e1n en el Paseo Arazaty, en la explanada del puente interprovincial Manuel Belgrano.<br><br>COMBO VERDE&nbsp;<br>Adem\u00e1s de las habituales ofertas se ofrecer\u00e1 el combo verde \u2018De la chacra a la mesa\u2019&nbsp;&nbsp;&nbsp;<br>&nbsp;<br>Por 300 pesos, la propuesta incluye: 1,5 kg de Acelga, 1.2 kg de lechuga, 2 mazos achicoria, 1 mazo de r\u00facula, 2 mazos de cebollita de verdeo, 2 mazos de perejil, 2 hojas de apio, 2 limones.<\/p>\n\n\n\n<figure class=\"wp-block-image size-full\"><img loading=\"lazy\" decoding=\"async\" width=\"848\" height=\"848\" src=\"https:\/\/corrientesdetarde.com\/wp-content\/uploads\/2022\/11\/2957769c-ddfe-5a06-aae1-7d00ce71271b.jpg\" alt=\"\" class=\"wp-image-21131\" srcset=\"https:\/\/corrientesdetarde.com\/wp-content\/uploads\/2022\/11\/2957769c-ddfe-5a06-aae1-7d00ce71271b.jpg 848w, https:\/\/corrientesdetarde.com\/wp-content\/uploads\/2022\/11\/2957769c-ddfe-5a06-aae1-7d00ce71271b-300x300.jpg 300w, https:\/\/corrientesdetarde.com\/wp-content\/uploads\/2022\/11\/2957769c-ddfe-5a06-aae1-7d00ce71271b-150x150.jpg 150w, https:\/\/corrientesdetarde.com\/wp-content\/uploads\/2022\/11\/2957769c-ddfe-5a06-aae1-7d00ce71271b-768x768.jpg 768w, https:\/\/corrientesdetarde.com\/wp-content\/uploads\/2022\/11\/2957769c-ddfe-5a06-aae1-7d00ce71271b-375x375.jpg 375w\" sizes=\"auto, (max-width: 848px) 100vw, 848px\" \/><\/figure>\n\n\n\n<figure class=\"wp-block-image size-large\"><img loading=\"lazy\" decoding=\"async\" width=\"1024\" height=\"1024\" src=\"https:\/\/corrientesdetarde.com\/wp-content\/uploads\/2022\/11\/110d8078-d2fe-dc0b-9810-2cedb5565464-1024x1024.jpg\" alt=\"\" class=\"wp-image-21132\" srcset=\"https:\/\/corrientesdetarde.com\/wp-content\/uploads\/2022\/11\/110d8078-d2fe-dc0b-9810-2cedb5565464-1024x1024.jpg 1024w, https:\/\/corrientesdetarde.com\/wp-content\/uploads\/2022\/11\/110d8078-d2fe-dc0b-9810-2cedb5565464-300x300.jpg 300w, https:\/\/corrientesdetarde.com\/wp-content\/uploads\/2022\/11\/110d8078-d2fe-dc0b-9810-2cedb5565464-150x150.jpg 150w, https:\/\/corrientesdetarde.com\/wp-content\/uploads\/2022\/11\/110d8078-d2fe-dc0b-9810-2cedb5565464-768x768.jpg 768w, https:\/\/corrientesdetarde.com\/wp-content\/uploads\/2022\/11\/110d8078-d2fe-dc0b-9810-2cedb5565464-1536x1536.jpg 1536w, https:\/\/corrientesdetarde.com\/wp-content\/uploads\/2022\/11\/110d8078-d2fe-dc0b-9810-2cedb5565464-2048x2048.jpg 2048w, https:\/\/corrientesdetarde.com\/wp-content\/uploads\/2022\/11\/110d8078-d2fe-dc0b-9810-2cedb5565464-375x375.jpg 375w\" sizes=\"auto, (max-width: 1024px) 100vw, 1024px\" \/><\/figure>\n","protected":false},"excerpt":{"rendered":"<p>Las ferias itinerantes recorrer\u00e1n, del 22 al 27 de noviembre, diferentes zonas de la ciudad acercando a los vecinos productos frescos, de calidad y a precios accesibles. Habr\u00e1 adem\u00e1s promociones&hellip; <\/p>\n","protected":false},"author":1,"featured_media":21133,"comment_status":"closed","ping_status":"open","sticky":false,"template":"","format":"standard","meta":{"footnotes":""},"categories":[8],"tags":[],"class_list":["post-21130","post","type-post","status-publish","format-standard","has-post-thumbnail","hentry","category-locales"],"_links":{"self":[{"href":"https:\/\/corrientesdetarde.com\/index.php\/wp-json\/wp\/v2\/posts\/21130","targetHints":{"allow":["GET"]}}],"collection":[{"href":"https:\/\/corrientesdetarde.com\/index.php\/wp-json\/wp\/v2\/posts"}],"about":[{"href":"https:\/\/corrientesdetarde.com\/index.php\/wp-json\/wp\/v2\/types\/post"}],"author":[{"embeddable":true,"href":"https:\/\/corrientesdetarde.com\/index.php\/wp-json\/wp\/v2\/users\/1"}],"replies":[{"embeddable":true,"href":"https:\/\/corrientesdetarde.com\/index.php\/wp-json\/wp\/v2\/comments?post=21130"}],"version-history":[{"count":1,"href":"https:\/\/corrientesdetarde.com\/index.php\/wp-json\/wp\/v2\/posts\/21130\/revisions"}],"predecessor-version":[{"id":21134,"href":"https:\/\/corrientesdetarde.com\/index.php\/wp-json\/wp\/v2\/posts\/21130\/revisions\/21134"}],"wp:featuredmedia":[{"embeddable":true,"href":"https:\/\/corrientesdetarde.com\/index.php\/wp-json\/wp\/v2\/media\/21133"}],"wp:attachment":[{"href":"https:\/\/corrientesdetarde.com\/index.php\/wp-json\/wp\/v2\/media?parent=21130"}],"wp:term":[{"taxonomy":"category","embeddable":true,"href":"https:\/\/corrientesdetarde.com\/index.php\/wp-json\/wp\/v2\/categories?post=21130"},{"taxonomy":"post_tag","embeddable":true,"href":"https:\/\/corrientesdetarde.com\/index.php\/wp-json\/wp\/v2\/tags?post=21130"}],"curies":[{"name":"wp","href":"https:\/\/api.w.org\/{rel}","templated":true}]}}