{"id":21135,"date":"2022-11-19T16:06:42","date_gmt":"2022-11-19T19:06:42","guid":{"rendered":"https:\/\/corrientesdetarde.com\/?p=21135"},"modified":"2022-11-19T16:11:19","modified_gmt":"2022-11-19T19:11:19","slug":"con-una-exposicion-vecinos-del-anahireflejaron-la-integracion-de-las-naciones","status":"publish","type":"post","link":"https:\/\/corrientesdetarde.com\/index.php\/cultura\/con-una-exposicion-vecinos-del-anahireflejaron-la-integracion-de-las-naciones\/","title":{"rendered":"<strong>Con una exposici\u00f3n, vecinos del Anah\u00ed<br>reflejaron la integraci\u00f3n de las naciones<\/strong>"},"content":{"rendered":"\n<p>Los vecinos que concurren al CIC del barrio Anah\u00ed a realizar diversas actividades, llevaron adelante una exposici\u00f3n de las expresiones culturales de distintos pa\u00edses de Am\u00e9rica. Platos, danzas y flores t\u00edpicas fueron representados en este encuentro del que particip\u00f3 el viceintendente Emilio Lanari.<\/p>\n\n\n\n<p>En un clima festivo y de integraci\u00f3n, vecinos del barrio Anah\u00ed realizaron una exposici\u00f3n de inmigrantes y sus culturas. El encuentro tuvo lugar en el Centro Integrador Comunitario (CIC) General Andresito \u2013Cristo Obrero 345- y cont\u00f3 con la presencia del viceintendente Emilio Lanari.<br>&nbsp;<br>\u201cPermanentemente acompa\u00f1amos estas propuestas. En este espacio durante todo el a\u00f1o realizamos actividades de todo tipo como lo son las de preparaci\u00f3n de las madres para el parto, y adem\u00e1s en el lugar hay un centro de atenci\u00f3n a j\u00f3venes con problemas de adicci\u00f3n\u201d, sostuvo Lanari. \u201cEste CIC es un lugar de encuentro, y eso es fundamental para cumplir con nuestro objetivo de estar cerca del vecino\u201d, a\u00f1adi\u00f3.<br>&nbsp;<br>Entre las propuestas para despedir el a\u00f1o, los vecinos que concurren al CIC para desarrollar diversas actividades \u2013tales como clases de zumba, cursos de tejido, manualidades, taekwondo, entre otros- realizaron una exposici\u00f3n de inmigrantes para reflejar las diversas culturas de cada pa\u00eds.<br>&nbsp;<br>As\u00ed se dispusieron de stands con comidas y bebidas de Argentina, Brasil, Paraguay, M\u00e9xico y Puerto Rico. Y para culminar la jornada, interpretaron danzas t\u00edpicas de cada regi\u00f3n.<br>&nbsp;<br>El subsecretario de Coordinaci\u00f3n Territorial zona 1, Julio Bartra, destac\u00f3 el trabajo que durante todo el a\u00f1o realiza el CIC del barrio Anah\u00ed. \u201cEstamos cerrando el a\u00f1o que para nosotros fue muy activo; realizamos m\u00e1s de 60 actividades de distinta \u00edndole y siempre respondiendo a los pedidos de quienes viven en la zona\u201d, dijo.<br>&nbsp;<br>\u201cDesde el CIC tenemos articulaciones con otras \u00e1reas municipales y provinciales, y lo que buscamos es ser los primeros generadores de acciones conjuntas para responder las necesidades de los vecinos\u201d, precis\u00f3 Bartra, adem\u00e1s de explicar que todo lo realizado se sintetiza en una representaci\u00f3n \u201cen la b\u00fasqueda de la integraci\u00f3n de las naciones de Am\u00e9rica, para eso se expusieron sus culturas y tradiciones\u201d.<br>&nbsp;<br>\u201cSomos un espacio abierto e integrador, con m\u00e1s de 4.700 vecinos vinculados a trav\u00e9s de lo que hacemos. El intendente Eduardo Tassano nos pide siempre una cercan\u00eda con el vecino y eso es lo que logramos, a partir de una permanente interrelaci\u00f3n con distintas \u00e1reas municipales y con organizaciones que tienen representaci\u00f3n en el barrio\u201d, sostuvo el subsecretario.<br>&nbsp;<br>Adem\u00e1s, Bartra destac\u00f3 el trabajo articulado durante todo el a\u00f1o con los Institutos de Formaci\u00f3n Docente Remedios de Escalada de San Mart\u00edn y Jos\u00e9 Manuel Estrada, \u201ccuyos estudiantes realizaron su pr\u00e1ctica profesional en el CIC, lo que les permiti\u00f3 una relaci\u00f3n directa con la comunidad\u201d.<\/p>\n\n\n\n<figure class=\"wp-block-image size-large\"><img loading=\"lazy\" decoding=\"async\" width=\"1024\" height=\"682\" src=\"https:\/\/corrientesdetarde.com\/wp-content\/uploads\/2022\/11\/0dac9026-f6c9-340f-0cd1-824bd9b6074e-1024x682.jpeg\" alt=\"\" class=\"wp-image-21139\" srcset=\"https:\/\/corrientesdetarde.com\/wp-content\/uploads\/2022\/11\/0dac9026-f6c9-340f-0cd1-824bd9b6074e-1024x682.jpeg 1024w, https:\/\/corrientesdetarde.com\/wp-content\/uploads\/2022\/11\/0dac9026-f6c9-340f-0cd1-824bd9b6074e-300x200.jpeg 300w, https:\/\/corrientesdetarde.com\/wp-content\/uploads\/2022\/11\/0dac9026-f6c9-340f-0cd1-824bd9b6074e-768x512.jpeg 768w, https:\/\/corrientesdetarde.com\/wp-content\/uploads\/2022\/11\/0dac9026-f6c9-340f-0cd1-824bd9b6074e-272x182.jpeg 272w, https:\/\/corrientesdetarde.com\/wp-content\/uploads\/2022\/11\/0dac9026-f6c9-340f-0cd1-824bd9b6074e.jpeg 1280w\" sizes=\"auto, (max-width: 1024px) 100vw, 1024px\" \/><\/figure>\n","protected":false},"excerpt":{"rendered":"<p>Los vecinos que concurren al CIC del barrio Anah\u00ed a realizar diversas actividades, llevaron adelante una exposici\u00f3n de las expresiones culturales de distintos pa\u00edses de Am\u00e9rica. Platos, danzas y flores&hellip; <\/p>\n","protected":false},"author":1,"featured_media":21136,"comment_status":"closed","ping_status":"open","sticky":false,"template":"","format":"standard","meta":{"footnotes":""},"categories":[15],"tags":[],"class_list":["post-21135","post","type-post","status-publish","format-standard","has-post-thumbnail","hentry","category-cultura"],"_links":{"self":[{"href":"https:\/\/corrientesdetarde.com\/index.php\/wp-json\/wp\/v2\/posts\/21135","targetHints":{"allow":["GET"]}}],"collection":[{"href":"https:\/\/corrientesdetarde.com\/index.php\/wp-json\/wp\/v2\/posts"}],"about":[{"href":"https:\/\/corrientesdetarde.com\/index.php\/wp-json\/wp\/v2\/types\/post"}],"author":[{"embeddable":true,"href":"https:\/\/corrientesdetarde.com\/index.php\/wp-json\/wp\/v2\/users\/1"}],"replies":[{"embeddable":true,"href":"https:\/\/corrientesdetarde.com\/index.php\/wp-json\/wp\/v2\/comments?post=21135"}],"version-history":[{"count":2,"href":"https:\/\/corrientesdetarde.com\/index.php\/wp-json\/wp\/v2\/posts\/21135\/revisions"}],"predecessor-version":[{"id":21140,"href":"https:\/\/corrientesdetarde.com\/index.php\/wp-json\/wp\/v2\/posts\/21135\/revisions\/21140"}],"wp:featuredmedia":[{"embeddable":true,"href":"https:\/\/corrientesdetarde.com\/index.php\/wp-json\/wp\/v2\/media\/21136"}],"wp:attachment":[{"href":"https:\/\/corrientesdetarde.com\/index.php\/wp-json\/wp\/v2\/media?parent=21135"}],"wp:term":[{"taxonomy":"category","embeddable":true,"href":"https:\/\/corrientesdetarde.com\/index.php\/wp-json\/wp\/v2\/categories?post=21135"},{"taxonomy":"post_tag","embeddable":true,"href":"https:\/\/corrientesdetarde.com\/index.php\/wp-json\/wp\/v2\/tags?post=21135"}],"curies":[{"name":"wp","href":"https:\/\/api.w.org\/{rel}","templated":true}]}}