{"id":211419,"date":"2025-06-06T10:46:02","date_gmt":"2025-06-06T13:46:02","guid":{"rendered":"https:\/\/corrientesdetarde.com\/?p=211419"},"modified":"2025-06-06T10:46:13","modified_gmt":"2025-06-06T13:46:13","slug":"tras-cuatro-dias-cerrado-reabren-un-paso-internacional-de-corrientes","status":"publish","type":"post","link":"https:\/\/corrientesdetarde.com\/index.php\/informacion-general\/tras-cuatro-dias-cerrado-reabren-un-paso-internacional-de-corrientes\/","title":{"rendered":"Tras cuatro d\u00edas cerrado, reabren un paso internacional de Corrientes"},"content":{"rendered":"\n<p>Luego de cuatro d\u00edas de inactividad,&nbsp;<strong>el Paso de Frontera Internacional que conecta Monte Caseros en Corrientes con Bella Uni\u00f3n, Uruguay volvi\u00f3 a operar este mediod\u00eda<\/strong>. Seg\u00fan inform\u00f3 Prefectura Naval Argentina, el cruce retoma su funcionamiento habitual, incluyendo el transporte vecinal fronterizo .&nbsp;<\/p>\n\n\n\n<p>El paso internacional que conecta a las comunidades ribere\u00f1as a ambos lados del r\u00edo Uruguay, permaneci\u00f3 cerrado durante cuatro d\u00edas.<strong>&nbsp;Sin embargo, durante la jornada de reapertura no se registraron movimientos migratorios, ni ingresos ni egresos de personas.<\/strong><\/p>\n\n\n\n<p>En cuanto a las condiciones del r\u00edo Uruguay, se inform\u00f3 que su nivel se encuentra por debajo del umbral de alerta,&nbsp;<strong>con una altura actual de 5,91 metros&nbsp;<\/strong>(alerta: 7,50 m; evacuaci\u00f3n: 8,50 m). No se prev\u00e9n situaciones de riesgo vinculadas al comportamiento del r\u00edo.<\/p>\n\n\n\n<p>Actualmente, dos embarcaciones est\u00e1n habilitadas para garantizar el cruce seguro, la lancha \u201cSanta In\u00e9s\u201d por el lado argentino y la lancha \u201cTibur\u00f3n\u201d por el lado uruguayo. Ambas cumplen con los est\u00e1ndares de seguridad exigidos y est\u00e1n listas para retomar la operatoria normal.<\/p>\n\n\n\n<p>El personal de Prefectura permanece activo brindando seguridad en puerto, mientras que Migraciones y Aduana reportan que no se registraron novedades relevantes hasta el momento.<\/p>\n\n\n\n<p>Con esta reapertura, las comunidades de Monte Caseros y Bella Uni\u00f3n recuperan un v\u00ednculo clave para la actividad social y econ\u00f3mica de la regi\u00f3n.<\/p>\n","protected":false},"excerpt":{"rendered":"<p>Luego de cuatro d\u00edas de inactividad,&nbsp;el Paso de Frontera Internacional que conecta Monte Caseros en Corrientes con Bella Uni\u00f3n, Uruguay volvi\u00f3 a operar este mediod\u00eda. Seg\u00fan inform\u00f3 Prefectura Naval Argentina,&hellip; <\/p>\n","protected":false},"author":1,"featured_media":211425,"comment_status":"closed","ping_status":"open","sticky":false,"template":"","format":"standard","meta":{"footnotes":""},"categories":[1],"tags":[],"class_list":["post-211419","post","type-post","status-publish","format-standard","has-post-thumbnail","hentry","category-informacion-general"],"_links":{"self":[{"href":"https:\/\/corrientesdetarde.com\/index.php\/wp-json\/wp\/v2\/posts\/211419","targetHints":{"allow":["GET"]}}],"collection":[{"href":"https:\/\/corrientesdetarde.com\/index.php\/wp-json\/wp\/v2\/posts"}],"about":[{"href":"https:\/\/corrientesdetarde.com\/index.php\/wp-json\/wp\/v2\/types\/post"}],"author":[{"embeddable":true,"href":"https:\/\/corrientesdetarde.com\/index.php\/wp-json\/wp\/v2\/users\/1"}],"replies":[{"embeddable":true,"href":"https:\/\/corrientesdetarde.com\/index.php\/wp-json\/wp\/v2\/comments?post=211419"}],"version-history":[{"count":1,"href":"https:\/\/corrientesdetarde.com\/index.php\/wp-json\/wp\/v2\/posts\/211419\/revisions"}],"predecessor-version":[{"id":211426,"href":"https:\/\/corrientesdetarde.com\/index.php\/wp-json\/wp\/v2\/posts\/211419\/revisions\/211426"}],"wp:featuredmedia":[{"embeddable":true,"href":"https:\/\/corrientesdetarde.com\/index.php\/wp-json\/wp\/v2\/media\/211425"}],"wp:attachment":[{"href":"https:\/\/corrientesdetarde.com\/index.php\/wp-json\/wp\/v2\/media?parent=211419"}],"wp:term":[{"taxonomy":"category","embeddable":true,"href":"https:\/\/corrientesdetarde.com\/index.php\/wp-json\/wp\/v2\/categories?post=211419"},{"taxonomy":"post_tag","embeddable":true,"href":"https:\/\/corrientesdetarde.com\/index.php\/wp-json\/wp\/v2\/tags?post=211419"}],"curies":[{"name":"wp","href":"https:\/\/api.w.org\/{rel}","templated":true}]}}