{"id":211420,"date":"2025-06-06T10:44:32","date_gmt":"2025-06-06T13:44:32","guid":{"rendered":"https:\/\/corrientesdetarde.com\/?p=211420"},"modified":"2025-06-06T10:44:35","modified_gmt":"2025-06-06T13:44:35","slug":"salud-publica-aconseja-a-la-poblacion-intensificar-las-medidas-de-prevencion-por-enfermedades-respiratorias","status":"publish","type":"post","link":"https:\/\/corrientesdetarde.com\/index.php\/bienestar-y-salud\/salud-publica-aconseja-a-la-poblacion-intensificar-las-medidas-de-prevencion-por-enfermedades-respiratorias\/","title":{"rendered":"Salud P\u00fablica aconseja a la poblaci\u00f3n intensificar las medidas de prevenci\u00f3n por enfermedades respiratorias"},"content":{"rendered":"\n<p><strong>Al grupo de riesgo se solicita vacunarse con la antigripal. En esta \u00e9poca predomina Influenza A, en menor medida Influenza B y Coronavirus.<\/strong><\/p>\n\n\n\n<p><\/p>\n\n\n\n<p>El Ministerio de Salud P\u00fablica de la Provincia, a cargo de Ricardo Cardozo, recomienda completar esquemas de vacunaci\u00f3n para fortalecer el sistema inmunol\u00f3gico ante la presencia de virus respiratorios en esta temporada.<\/p>\n\n\n\n<p>Las personas del grupo de riesgo como mayores de 65 a\u00f1os, menores de 2 a\u00f1os o quienes padecen enfermedades de base, deben colocarse la antigripal. Las embarazadas, deben aplicarse la vacuna contra el Virus Sincicial Respiratorio (VSR) entre las 32 y 36 semanas de gestaci\u00f3n para protegerse ellas mismas y al beb\u00e9.<\/p>\n\n\n\n<p>\u201cEmpezaron las afecciones respiratorias por la temporada de oto\u00f1o y se ir\u00e1 exacerbando en invierno. Esperamos el pico para finales de junio y julio. Hoy, predomina Influenza A. Hay afecciones agudas causadas por diversos virus, por Influenza B y Coronavirus.&nbsp; Adem\u00e1s de rinovirus que causa el resfr\u00edo com\u00fan\u201d, dijo la directora general de Epidemiolog\u00eda, Angelina Bobadilla.<\/p>\n\n\n\n<p>Indic\u00f3 que \u201cen la poblaci\u00f3n m\u00e1s susceptible o de riesgo, puede complicarse, puede generar neumon\u00eda o bronquiolitis\u201d por lo que reiter\u00f3 la importancia de la vacunaci\u00f3n.<\/p>\n\n\n\n<p>Tambi\u00e9n, aconsej\u00f3 \u201cventilar los ambientes, lavarse las manos, al toser y al estornudar lo deben hacer en el \u00e1ngulo interno del codo y, usar barbijo s\u00ed tiene s\u00edntomas respiratorios\u201d. A ello, agreg\u00f3 que se debe mantener una alimentaci\u00f3n saludable y continuar con las actividades f\u00edsicas habituales. Las frutas y verduras de estaci\u00f3n son aliadas en esta \u00e9poca del a\u00f1o, ya que refuerzan las defensas contra las enfermedades como la gripe y los resfr\u00edos.<\/p>\n\n\n\n<p><strong>Recomendaciones<\/strong><\/p>\n\n\n\n<p>Los braseros y estufas a le\u00f1a deben ser encendidos y apagados fuera de la casa; no usar el horno o las hornallas de la cocina para calefaccionar el ambiente (porque consume el ox\u00edgeno y es ineficiente); no poner recipientes con agua sobre la estufa, cocina u otra fuente de calor (porque la humedad favorece el desarrollo de hongos); no arrojar al fuego pl\u00e1sticos, goma o metales (porque desprenden gases y vapores t\u00f3xicos); no fumar y mantener los ambientes libres de humo.<\/p>\n\n\n\n<p>Adem\u00e1s, piden no automedicarse ni usar remedios caseros. Hacerlo podr\u00eda dificultar un diagn\u00f3stico correcto, empeorar el cuadro o producir una intoxicaci\u00f3n grave.<\/p>\n\n\n\n<p>En el caso de aparici\u00f3n de s\u00edntomas de enfermedad respiratoria como fiebre u otros que dificulten las actividades habituales quedarse en el hogar y evitar el contacto con otras personas hasta sentirte mejor y que hayan pasado al menos 24 hs de la desaparici\u00f3n de la fiebre.<\/p>\n\n\n\n<p>Tambi\u00e9n, evitar especialmente el contacto con personas vulnerables (inmunocomprometidas o con factores de riesgo para enfermedad grave por infecci\u00f3n respiratoria) durante al menos 5 d\u00edas desde el inicio de los s\u00edntomas y, luego, extremar cuidados hasta el d\u00eda d\u00e9cimo (usar barbijo, ventilar los ambientes, lavarse las manos).<\/p>\n","protected":false},"excerpt":{"rendered":"<p>Al grupo de riesgo se solicita vacunarse con la antigripal. En esta \u00e9poca predomina Influenza A, en menor medida Influenza B y Coronavirus. El Ministerio de Salud P\u00fablica de la&hellip; <\/p>\n","protected":false},"author":1,"featured_media":211423,"comment_status":"closed","ping_status":"open","sticky":false,"template":"","format":"standard","meta":{"footnotes":""},"categories":[16],"tags":[],"class_list":["post-211420","post","type-post","status-publish","format-standard","has-post-thumbnail","hentry","category-bienestar-y-salud"],"_links":{"self":[{"href":"https:\/\/corrientesdetarde.com\/index.php\/wp-json\/wp\/v2\/posts\/211420","targetHints":{"allow":["GET"]}}],"collection":[{"href":"https:\/\/corrientesdetarde.com\/index.php\/wp-json\/wp\/v2\/posts"}],"about":[{"href":"https:\/\/corrientesdetarde.com\/index.php\/wp-json\/wp\/v2\/types\/post"}],"author":[{"embeddable":true,"href":"https:\/\/corrientesdetarde.com\/index.php\/wp-json\/wp\/v2\/users\/1"}],"replies":[{"embeddable":true,"href":"https:\/\/corrientesdetarde.com\/index.php\/wp-json\/wp\/v2\/comments?post=211420"}],"version-history":[{"count":1,"href":"https:\/\/corrientesdetarde.com\/index.php\/wp-json\/wp\/v2\/posts\/211420\/revisions"}],"predecessor-version":[{"id":211424,"href":"https:\/\/corrientesdetarde.com\/index.php\/wp-json\/wp\/v2\/posts\/211420\/revisions\/211424"}],"wp:featuredmedia":[{"embeddable":true,"href":"https:\/\/corrientesdetarde.com\/index.php\/wp-json\/wp\/v2\/media\/211423"}],"wp:attachment":[{"href":"https:\/\/corrientesdetarde.com\/index.php\/wp-json\/wp\/v2\/media?parent=211420"}],"wp:term":[{"taxonomy":"category","embeddable":true,"href":"https:\/\/corrientesdetarde.com\/index.php\/wp-json\/wp\/v2\/categories?post=211420"},{"taxonomy":"post_tag","embeddable":true,"href":"https:\/\/corrientesdetarde.com\/index.php\/wp-json\/wp\/v2\/tags?post=211420"}],"curies":[{"name":"wp","href":"https:\/\/api.w.org\/{rel}","templated":true}]}}