{"id":211973,"date":"2025-06-10T10:55:51","date_gmt":"2025-06-10T13:55:51","guid":{"rendered":"https:\/\/corrientesdetarde.com\/?p=211973"},"modified":"2025-06-10T10:55:52","modified_gmt":"2025-06-10T13:55:52","slug":"el-hospital-el-salvador-realizo-con-exito-la-primera-cirugia-laparoscopica","status":"publish","type":"post","link":"https:\/\/corrientesdetarde.com\/index.php\/bienestar-y-salud\/el-hospital-el-salvador-realizo-con-exito-la-primera-cirugia-laparoscopica\/","title":{"rendered":"El hospital \u201cEl Salvador\u201d realiz\u00f3 con \u00e9xito la primera cirug\u00eda laparosc\u00f3pica"},"content":{"rendered":"\n<p><strong>La intervenci\u00f3n, fue lograda gracias al equipo e instrumental entregado recientemente por el Gobierno provincial. La directora, Roc\u00edo Bruzzo, destac\u00f3 que todas las semanas se har\u00e1n cirug\u00edas programadas.<\/strong><\/p>\n\n\n\n<p><\/p>\n\n\n\n<p>El Hospital \u201cEl Salvador\u201d de Bella Vista, que depende del Ministerio de Salud P\u00fablica a cargo de Ricardo Cardozo, realiz\u00f3 con \u00e9xito la primera cirug\u00eda laparosc\u00f3pica en la instituci\u00f3n. Esta intervenci\u00f3n se logr\u00f3 gracias a un equipo e instrumental entregado recientemente por el gobernador Gustavo Vald\u00e9s en un acto realizado en el hospital de Campa\u00f1a \u201cEscuela Hogar\u201d.<\/p>\n\n\n\n<p>La directora, Roc\u00edo Bruzzo, coment\u00f3 que \u201ceste tipo de procedimiento permite una recuperaci\u00f3n m\u00e1s r\u00e1pida y menos d\u00edas de internaci\u00f3n para los pacientes\u201d.<\/p>\n\n\n\n<p>Adem\u00e1s, agreg\u00f3 que las cirug\u00edas laparosc\u00f3picas se realizar\u00e1n de manera programada todas las semanas.<\/p>\n\n\n\n<p>\u201cEs un avance muy grande y, esto se suma a las cirug\u00edas de urgencia\u201d, dijo y agreg\u00f3 que el equipo de profesionales est\u00e1 formado por: Mario Denegri, Alexis S\u00e1nchez, Sebasti\u00e1n Rodr\u00edguez y Yanina Acosta. A ello, sum\u00f3 a los anestesistas, Miguel Lezcano, Lourdes Arce y Melina Lezcano.<\/p>\n\n\n\n<p>Cabe indicar que el nosocomio tiene un total de m\u00e1s de 4 mil atenciones por mes, 1800 por Consultorio Externo, 660 internaciones y m\u00e1s de 1.500 consultas por servicio de Emergencia.<\/p>\n\n\n\n<p><strong>Historia<\/strong><\/p>\n\n\n\n<p>El hospital El Salvador es cabecera en la Regi\u00f3n Sanitaria 2. Fue creado el 12 de octubre de 1894 por iniciativa de Jacinta Vaccaro de Mart\u00ednez, una mujer culta y visionaria para su \u00e9poca. El nombre del nosocomio surge en homenaje a Crist\u00f3bal Col\u00f3n.<\/p>\n\n\n\n<p>En esa \u00e9poca, la fiebre amarilla caus\u00f3 la muerte de muchas personas, entre ellas su padre, y desde ese momento ella dedic\u00f3 su vida a hacer obras de beneficencia. Pasaron 130 a\u00f1os desde aquel entonces y su legado se transmiti\u00f3 por varias generaciones.<\/p>\n\n\n\n<p>Hoy, el centro de salud es uno de los edificios sanitarios que ha crecido notablemente en servicios, tecnolog\u00eda y equipamiento, con un \u00fanico fin: brindar una excelente calidad de servicio a los bellavistenses y de zonas aleda\u00f1as.<\/p>\n","protected":false},"excerpt":{"rendered":"<p>La intervenci\u00f3n, fue lograda gracias al equipo e instrumental entregado recientemente por el Gobierno provincial. La directora, Roc\u00edo Bruzzo, destac\u00f3 que todas las semanas se har\u00e1n cirug\u00edas programadas. El Hospital&hellip; <\/p>\n","protected":false},"author":1,"featured_media":211986,"comment_status":"closed","ping_status":"open","sticky":false,"template":"","format":"standard","meta":{"footnotes":""},"categories":[16],"tags":[],"class_list":["post-211973","post","type-post","status-publish","format-standard","has-post-thumbnail","hentry","category-bienestar-y-salud"],"_links":{"self":[{"href":"https:\/\/corrientesdetarde.com\/index.php\/wp-json\/wp\/v2\/posts\/211973","targetHints":{"allow":["GET"]}}],"collection":[{"href":"https:\/\/corrientesdetarde.com\/index.php\/wp-json\/wp\/v2\/posts"}],"about":[{"href":"https:\/\/corrientesdetarde.com\/index.php\/wp-json\/wp\/v2\/types\/post"}],"author":[{"embeddable":true,"href":"https:\/\/corrientesdetarde.com\/index.php\/wp-json\/wp\/v2\/users\/1"}],"replies":[{"embeddable":true,"href":"https:\/\/corrientesdetarde.com\/index.php\/wp-json\/wp\/v2\/comments?post=211973"}],"version-history":[{"count":1,"href":"https:\/\/corrientesdetarde.com\/index.php\/wp-json\/wp\/v2\/posts\/211973\/revisions"}],"predecessor-version":[{"id":211987,"href":"https:\/\/corrientesdetarde.com\/index.php\/wp-json\/wp\/v2\/posts\/211973\/revisions\/211987"}],"wp:featuredmedia":[{"embeddable":true,"href":"https:\/\/corrientesdetarde.com\/index.php\/wp-json\/wp\/v2\/media\/211986"}],"wp:attachment":[{"href":"https:\/\/corrientesdetarde.com\/index.php\/wp-json\/wp\/v2\/media?parent=211973"}],"wp:term":[{"taxonomy":"category","embeddable":true,"href":"https:\/\/corrientesdetarde.com\/index.php\/wp-json\/wp\/v2\/categories?post=211973"},{"taxonomy":"post_tag","embeddable":true,"href":"https:\/\/corrientesdetarde.com\/index.php\/wp-json\/wp\/v2\/tags?post=211973"}],"curies":[{"name":"wp","href":"https:\/\/api.w.org\/{rel}","templated":true}]}}