{"id":212078,"date":"2025-06-10T16:25:36","date_gmt":"2025-06-10T19:25:36","guid":{"rendered":"https:\/\/corrientesdetarde.com\/?p=212078"},"modified":"2025-06-10T16:25:48","modified_gmt":"2025-06-10T19:25:48","slug":"por-una-resolucion-de-villarruel-los-senadores-podran-decidir-si-aceptan-o-no-los-aumentos-de-sus-dietas","status":"publish","type":"post","link":"https:\/\/corrientesdetarde.com\/index.php\/politica\/por-una-resolucion-de-villarruel-los-senadores-podran-decidir-si-aceptan-o-no-los-aumentos-de-sus-dietas\/","title":{"rendered":"Por una resoluci\u00f3n de Villarruel, los senadores podr\u00e1n decidir si aceptan o no los aumentos de sus dietas"},"content":{"rendered":"\n<p>Ante la controversia por los elevados salarios de los legisladores, la vicepresidenta decidi\u00f3 dejar en manos de casa uno la decisi\u00f3n.<\/p>\n\n\n\n<p><a href=\"https:\/\/tn.com.ar\/autor\/Ffraquelli\/\"><\/a><\/p>\n\n\n\n<p>Los senadores nacionales&nbsp;<strong>quedaron habilitados a aceptar o no los aumentos de sus dietas.<\/strong>&nbsp;A partir de una resoluci\u00f3n interna de la vicepresidenta, Victoria Villarruel, cada uno de los representantes del cuerpo tendr\u00e1 la libre elecci\u00f3n de establecer sus ingresos. Una medida que para algunos integrantes del Senado podr\u00eda generar pol\u00e9micas.<\/p>\n\n\n\n<p>Con la resoluci\u00f3n 344\/25 del pasado 4 de junio, Villarruel estableci\u00f3, en el art\u00edculo 3 del decreto que invitaba \u201ca los senadores de la Naci\u00f3n a ejercer la opci\u00f3n de adecuar o no, total o parcialmente sus respectivas dietas, inform\u00e1ndolo por nota a la presidencia, en m\u00e9rito a las facultades que les son propias\u201d.<\/p>\n\n\n\n<p>De esta manera, la vicepresidenta dej\u00f3 en claro que los ingresos del senado lo resuelven los propios legisladores&nbsp;<strong>y no ella que representa y percibe sus ingresos a trav\u00e9s del Poder Ejecutivo.<\/strong><\/p>\n\n\n\n<p>Con el \u00faltimo acuerdo paritario entre los trabajadores del Congreso y las autoridades de las C\u00e1maras legislativas, las dietas de los senadores, que a partir de lo que ellos mismos se votaron durante abril de 2024, est\u00e1n enganchadas a los futuros aumentos de los empleados legislativos, y por lo tanto hoy ascienden a los 9,5 millones de pesos.<\/p>\n\n\n\n<p>La \u00faltima paritaria suscripta por Victoria Villarruel y los gremios de la Asociaci\u00f3n del Personal Legislativo (APL), ATE y UPCN fue de este mes de junio con un incremento del 1,3% mensual, retroactivo a los meses de marzo, abril y mayo de este a\u00f1o,&nbsp;<strong>m\u00e1s un bono de 100 mil pesos para cada trabajador.<\/strong>&nbsp;Lo que hizo un incremento de 3,9% para esta nueva etapa impactando fuertemente en las dietas de los senadores nacionales. Mientras que las categor\u00edas m\u00e1s bajas de los trabajadores del Congreso llevaron sus ingresos en bruto entre los&nbsp;<strong>700 mil y un mill\u00f3n de pesos.<\/strong><\/p>\n\n\n\n<figure class=\"wp-block-image\"><img decoding=\"async\" src=\"https:\/\/tn.com.ar\/resizer\/v2\/ezequiel-atauche-presidente-del-bloque-de-la-libertad-avanza-renuncio-al-aumento-de-las-dietas-foto-juan-carlos-cardenas-comunicacion-senado-LSUNH52TAVFKVDCTKRLMYYA7JA.jpg?auth=ff61b9074e9ccb1856edab5a8fc7a2321357d54a9c617fb3e3d7d8f369e7fada&amp;width=767\" alt=\"Ezequiel Atauche, presidente del bloque de La Libertad Avanza renunci\u00f3 al aumento de las dietas. Foto: Juan Carlos Cardenas \/ Comunicaci\u00f3n Senado\"\/><\/figure>\n\n\n\n<h2 class=\"wp-block-heading\">Renuncia desde el oficialismo<\/h2>\n\n\n\n<p>Ese martes, el bloque de La Libertad Avanza, que comanda Ezequiel Atauche expres\u00f3 que \u201creaf\u00edrmanos nuestro compromiso con los argentinos de bien. En funci\u00f3n del decreto 344\/25 de esta Honorable C\u00e1mara,&nbsp;<strong>los senadores de nuestro bloque renunciamos al aumento de dietas recientemente dispuesto.<\/strong>&nbsp;A nosotros nos votaron para devolver a la Argentina al sendero de la grandeza, y para ello los primeros que tenemos que poner el hombro somos los funcionarios y legisladores\u201d.<\/p>\n\n\n\n<p>Los seis legisladores del oficialismo son, adem\u00e1s de Atauche, Bartolom\u00e9 Abdala, Ivanna Arrascaeta, Vilma Bedia, Bruno Olivera Lucero y Juan Carlos Pagotto.<\/p>\n\n\n\n<p>A esta medida tambi\u00e9n se sumar\u00eda el senador del Pro, Luis Juez. Otros legisladores, los santacruce\u00f1os, Jos\u00e9 Mar\u00eda Carambia y Natalia Gadano, le presentaron una nota a Victoria Villarruel, el pasado mes de mayo, rechazando el aumento de sus dietas.<\/p>\n\n\n\n<h2 class=\"wp-block-heading\">Los antecedentes por los ingresos<\/h2>\n\n\n\n<p>En la sesi\u00f3n del 18 de abril del a\u00f1o pasado, los senadores aprobaron un proyecto de resoluci\u00f3n, a mano alzada y en menos de dos minutos, sin discusi\u00f3n, que estableci\u00f3 que \u201ca partir del mes de mayo del presente a\u00f1o (2024), los senadores percibir\u00e1n un total de&nbsp;<strong>13 dietas anuales<\/strong>. Cada una de ellas ser\u00e1 equivalente a 2500 m\u00f3dulos, m\u00e1s un adicional de 1000 m\u00f3dulos por gastos de representaci\u00f3n y 500 m\u00f3dulos de adicional por desarraigo. El valor del m\u00f3dulo ser\u00e1 el&nbsp;<strong>equivalente al que perciben los empleados legislativos<\/strong>, conforme a las previsiones de la ley 24.600 (Estatuto del Personal del Congreso de la Naci\u00f3n)\u201d.<\/p>\n\n\n\n<p>Posteriormente, el 22 de agosto, suspendieron hasta el 31 de diciembre la vigencia de dicha resoluci\u00f3n y votaron un desenganche de sus ingresos respecto del personal legislativo. Tambi\u00e9n&nbsp;<strong>retrotrajeron cualquier aumento de haberes<\/strong>. Al no definir la situaci\u00f3n de fondo, a comienzos de este 2025, la vicepresidenta firm\u00f3 una resoluci\u00f3n interna prorrogando lo establecido por lo senadores y mantuvo congeladas las dietas hasta el pasado 31 de marzo. \u201cEs mi intenci\u00f3n que el Senado acompa\u00f1e al pueblo argentino en el esfuerzo que est\u00e1 haciendo\u201d, argument\u00f3 Villarruel tras la firma de la pr\u00f3rroga. A partir del 1 de abril pasado, y ante la falta de debate sobre este temo por parte de los senadores, la resoluci\u00f3n caduc\u00f3, y por lo tanto los ingresos se descongelaron y volvieron a engancharse a los ingresos del personal legislativo. A partir del \u00faltimo decreto firmado por la vicepresidenta, cada senador podr\u00e1 aceptar o no sus aumentos en sus ingresos.<\/p>\n\n\n\n<figure class=\"wp-block-image\"><img decoding=\"async\" src=\"https:\/\/tn.com.ar\/resizer\/v2\/jose-mayans-senador-nacional-union-por-la-patria-pide-que-se-trate-su-proyecto-para-reglamentar-los-ingresos-altos-en-los-tres-poderes-del-estado-foto-senado-de-la-nacion-7JR4FD3W4VBM5PQBZIKOHDJF3Y.JPG?auth=5cb01144c4c4a545e13cac69bb90447b8d0460d2a0a181c6da65b19552ee119d&amp;width=767\" alt=\"Jos\u00e9 Mayans, Senador nacional Uni\u00f3n por la Patria, pide que se trate su proyecto para reglamentar los ingresos altos en los tres poderes del Estado. Foto Senado de la Naci\u00f3n\"\/><figcaption class=\"wp-element-caption\">Jos\u00e9 Mayans, Senador nacional Uni\u00f3n por la Patria, pide que se trate su proyecto para reglamentar los ingresos altos en los tres poderes del Estado. Foto Senado de la Naci\u00f3n<\/figcaption><\/figure>\n\n\n\n<p>Desde el bloque de Uni\u00f3n por la Patria, el senador Jos\u00e9 Mayans present\u00f3, en abril del a\u00f1o pasado y nunca se trat\u00f3, un proyecto para fijar un&nbsp;<strong>tope m\u00e1ximo a los haberes de las autoridades superiores<\/strong>&nbsp;de los tres poderes del Estado, as\u00ed como de \u00f3rganos extrapoderes, organismos descentralizados de la Administraci\u00f3n P\u00fablica Nacional y empresas estatales. Tambi\u00e9n establece l\u00edmites a la remuneraci\u00f3n de las m\u00e1ximas autoridades.<\/p>\n\n\n\n<p>El proyecto fija que las remuneraciones mensuales del presidente, el vicepresidente, los jueces de la Corte Suprema, los senadores, los diputados, el Procurador General, el Defensor General, los consejeros de la Magistratura, los auditores generales, el Defensor del Pueblo de la Naci\u00f3n y el personal del Servicio Exterior&nbsp;<strong>no podr\u00e1n superar los 20 Salarios M\u00ednimos, Vitales y M\u00f3viles<\/strong>, por todo concepto.<\/p>\n","protected":false},"excerpt":{"rendered":"<p>Ante la controversia por los elevados salarios de los legisladores, la vicepresidenta decidi\u00f3 dejar en manos de casa uno la decisi\u00f3n. Los senadores nacionales&nbsp;quedaron habilitados a aceptar o no los&hellip; <\/p>\n","protected":false},"author":8,"featured_media":212079,"comment_status":"closed","ping_status":"open","sticky":false,"template":"","format":"standard","meta":{"footnotes":""},"categories":[3],"tags":[],"class_list":["post-212078","post","type-post","status-publish","format-standard","has-post-thumbnail","hentry","category-politica"],"_links":{"self":[{"href":"https:\/\/corrientesdetarde.com\/index.php\/wp-json\/wp\/v2\/posts\/212078","targetHints":{"allow":["GET"]}}],"collection":[{"href":"https:\/\/corrientesdetarde.com\/index.php\/wp-json\/wp\/v2\/posts"}],"about":[{"href":"https:\/\/corrientesdetarde.com\/index.php\/wp-json\/wp\/v2\/types\/post"}],"author":[{"embeddable":true,"href":"https:\/\/corrientesdetarde.com\/index.php\/wp-json\/wp\/v2\/users\/8"}],"replies":[{"embeddable":true,"href":"https:\/\/corrientesdetarde.com\/index.php\/wp-json\/wp\/v2\/comments?post=212078"}],"version-history":[{"count":1,"href":"https:\/\/corrientesdetarde.com\/index.php\/wp-json\/wp\/v2\/posts\/212078\/revisions"}],"predecessor-version":[{"id":212080,"href":"https:\/\/corrientesdetarde.com\/index.php\/wp-json\/wp\/v2\/posts\/212078\/revisions\/212080"}],"wp:featuredmedia":[{"embeddable":true,"href":"https:\/\/corrientesdetarde.com\/index.php\/wp-json\/wp\/v2\/media\/212079"}],"wp:attachment":[{"href":"https:\/\/corrientesdetarde.com\/index.php\/wp-json\/wp\/v2\/media?parent=212078"}],"wp:term":[{"taxonomy":"category","embeddable":true,"href":"https:\/\/corrientesdetarde.com\/index.php\/wp-json\/wp\/v2\/categories?post=212078"},{"taxonomy":"post_tag","embeddable":true,"href":"https:\/\/corrientesdetarde.com\/index.php\/wp-json\/wp\/v2\/tags?post=212078"}],"curies":[{"name":"wp","href":"https:\/\/api.w.org\/{rel}","templated":true}]}}