{"id":212186,"date":"2025-06-11T13:34:41","date_gmt":"2025-06-11T16:34:41","guid":{"rendered":"https:\/\/corrientesdetarde.com\/?p=212186"},"modified":"2025-06-11T13:34:54","modified_gmt":"2025-06-11T16:34:54","slug":"el-gobierno-busca-que-bajen-las-tasas-para-que-se-tomen-mas-creditos-y-se-reactive-el-consumo","status":"publish","type":"post","link":"https:\/\/corrientesdetarde.com\/index.php\/economia\/el-gobierno-busca-que-bajen-las-tasas-para-que-se-tomen-mas-creditos-y-se-reactive-el-consumo\/","title":{"rendered":"El Gobierno busca que bajen las tasas para que se tomen m\u00e1s cr\u00e9ditos y se reactive el consumo"},"content":{"rendered":"\n<p>El Ministerio de Econom\u00eda y el Banco Central anunciaron una serie de modificaciones en su plan monetario. El objetivo es que la actividad econ\u00f3mica se recupere, pero el costo financiero es todav\u00eda muy elevado.<\/p>\n\n\n\n<p><a href=\"https:\/\/tn.com.ar\/autor\/Florencia-Barragan\/\"><\/a><\/p>\n\n\n\n<p>El Gobierno anunci\u00f3 una serie de medidas para fortalecer las reservas internacionales y, adem\u00e1s, quiere bajar el costo financiero.\u00a0<strong>Sin el arranque del plan para que los ahorristas saquen sus\u00a0d\u00f3lares del colch\u00f3n<\/strong>, el Ministerio de Econom\u00eda busca que\u00a0<strong>el \u201ccombustible\u201d para sostener el consumo<\/strong>\u00a0<strong>y la actividad sea a trav\u00e9s del cr\u00e9dito<\/strong>.<\/p>\n\n\n\n<p>La medida del Banco Central que todav\u00eda no tiene plazo es la del<strong>&nbsp;ajuste en la pol\u00edtica de encajes<\/strong>. Buscar\u00e1&nbsp;<strong>incrementar progresivamente el porcentaje de efectivo m\u00ednimo<\/strong>&nbsp;para partidas que generan mayor volatilidad y que, por ende, \u201cencarecen el cr\u00e9dito al sector privado\u201d, asegur\u00f3 el comunicado oficial.<\/p>\n\n\n\n<p>Federico Furiase, representante de Econom\u00eda en el Banco Central, explic\u00f3 el objetivo: \u201cUna medida que parece tan t\u00e9cnica finalmente busca&nbsp;<strong>bajar el costo financiero de la econom\u00eda<\/strong>, bajar el costo al cual los bancos pueden hacer pr\u00e9stamos a empresas y familias\u201d.<\/p>\n\n\n\n<p>En el Gobierno consideran que, con una pol\u00edtica monetaria tan estricta, a la econom\u00eda le puede faltar el \u201ccombustible\u201d para poder funcionar. Por eso se anunci\u00f3 el \u201cPlan Colch\u00f3n\u201d, para que la&nbsp;<strong>remonetizaci\u00f3n pudiera darse en pesos o en d\u00f3lares<\/strong>. Pero sin se\u00f1ales de los ahorros fuera del sistema, el equipo econ\u00f3mico apuesta al cr\u00e9dito para que la reactivaci\u00f3n econ\u00f3mica se mantenga.<\/p>\n\n\n\n<p>Si bien el cr\u00e9dito viene creciendo con tasas de tres d\u00edgitos medidas de forma interanual, empez\u00f3 a desacelerarse en el \u00faltimo mes con&nbsp;<strong>tasas que superan el<\/strong>&nbsp;<strong>100%<\/strong>, cinco veces m\u00e1s que cualquier proyecci\u00f3n inflacionaria para el pr\u00f3ximo a\u00f1o.<\/p>\n\n\n\n<figure class=\"wp-block-image\"><img decoding=\"async\" src=\"https:\/\/tn.com.ar\/resizer\/v2\/el-plan-del-gobierno-para-sacar-los-dolares-del-colchon-imagen-freepik-Y5M2TW2MAZD4JEKRNNQXPVJNGI.png?auth=b48ef50e68dbd9ba2bc76c38be8bc71c1a3a4593bb4ccaa9046df275dcf2153a&amp;width=767\" alt=\"El plan del gobierno para sacar &quot;los d\u00f3lares del colch\u00f3n&quot; (Imagen: Freepik)\"\/><\/figure>\n\n\n\n<h3 class=\"wp-block-heading\">El costo de endeudarse<\/h3>\n\n\n\n<p>Para un pr\u00e9stamo personal, las tasas arrancan en&nbsp;<strong>63%<\/strong>&nbsp;en los bancos p\u00fablicos y ascienden hasta&nbsp;<strong>113%<\/strong>. Sin embargo, al sumar el costo financiero total, esas tasas van desde el&nbsp;<strong>91%<\/strong>&nbsp;hasta el&nbsp;<strong>265%<\/strong>.<\/p>\n\n\n\n<p>El relevamiento fue realizado por el economista Andr\u00e9s Salinas en base a informaci\u00f3n p\u00fablica, pero aclar\u00f3 que, seg\u00fan el tipo de cliente,<strong>&nbsp;hay bancos que pueden dar mejores tasas<\/strong>.<\/p>\n\n\n\n<p>El&nbsp;<em>boom<\/em>&nbsp;de los cr\u00e9ditos es uno de los motivos que explican&nbsp;<strong>el alza en la venta de bienes durables<\/strong>, como electrodom\u00e9sticos o veh\u00edculos. En el caso de los autos, las ventas alcanzan un r\u00e9cord en los \u00faltimos siete&nbsp;<strong>a\u00f1os<\/strong>&nbsp;y&nbsp;<strong>una de cada dos operaciones<\/strong>&nbsp;se realiza con cr\u00e9dito.<\/p>\n\n\n\n<p>En el caso de los&nbsp;<strong>prendarios<\/strong>, el costo financiero total puede ascender hasta el&nbsp;<strong>184%<\/strong>&nbsp;en&nbsp;<strong>tres bancos<\/strong>. En otras entidades est\u00e1 entre&nbsp;<strong>92%<\/strong>&nbsp;y&nbsp;<strong>154%<\/strong>. S\u00f3lo en un banco se ofrece a&nbsp;<strong>55%<\/strong>, de acuerdo al relevamiento de Salinas.<\/p>\n\n\n\n<p>La inflaci\u00f3n esperada para los pr\u00f3ximos&nbsp;<strong>12 meses<\/strong>&nbsp;es de&nbsp;<strong>21%<\/strong>, seg\u00fan las consultoras relevadas por el Relevamiento de Expectativa de Mercados (REM).<\/p>\n\n\n\n<p>Los cr\u00e9ditos hipotecarios ya llevan cincoaumentos en las tasas desde que se lanzaron los UVA hace un a\u00f1o. S\u00f3lo un banco p\u00fablico mantuvo el 4,5%, y&nbsp;<strong>la mayor parte del sector privado se acerca a los dos d\u00edgitos<\/strong>, con tasas que van del&nbsp;<strong>8%<\/strong>&nbsp;al&nbsp;<strong>10%<\/strong>.<\/p>\n\n\n\n<p>Eso,&nbsp;<strong>para quienes acreditan sueldo en el banco y tienen un trabajo en relaci\u00f3n de dependencia<\/strong>. Si no, el costo es mayor. Cabe aclarar que, al tratarse de pr\u00e9stamos ajustados por UVA, el capital y las cuotas se actualizan por&nbsp;<strong>inflaci\u00f3n m\u00e1s la tasa fija<\/strong>.<\/p>\n\n\n\n<p>Ante la consulta sobre si las tasas son elevadas, Salinas consider\u00f3: \u201cHist\u00f3ricamente, los pr\u00e9stamos personales fueron caros, pro ahora, para analizar el resto de las tasas,&nbsp;<strong>hay que comparar con inflaci\u00f3n<\/strong>, y si, est\u00e1n por encima de cualquier estimaci\u00f3n. Las tasas activas son totalmente reales positivas\u201d.<\/p>\n\n\n\n<p>Por su parte, el economista Federico Machado agreg\u00f3 que la decisi\u00f3n de&nbsp;<strong>eliminar las Lefi<\/strong>&nbsp;tambi\u00e9n va a implicar una baja en las tasas de la econom\u00eda, con impacto en el consumo: \u201cLos bancos, desde ahora y hasta julio, van a empezar a desarmar posiciones de Lefi;&nbsp;<strong>se libera una gran cantidad de liquidez<\/strong>, van a empezar a colocarla en cr\u00e9dito o en otro activo del Estado&#8221;.<\/p>\n\n\n\n<p>\u201cCon lo cual, se deber\u00eda empujar abajo todas las tasas.&nbsp;<strong>Es probable que impacte en actividad y consumo<\/strong>; quiz\u00e1s es una medida que toma el Gobierno pensando en que los \u00faltimos datos de consumo ven\u00edan planchados\u201d, sostuvo el experto.<\/p>\n\n\n\n<h3 class=\"wp-block-heading\">Boom del cr\u00e9dito<\/h3>\n\n\n\n<p>Los pr\u00e9stamos en pesos al sector privado presentaron un crecimiento de&nbsp;<strong>$3,7 billones<\/strong>&nbsp;en mayo, lo que signific\u00f3 un aumento promedio mensual de&nbsp;<strong>2,7%<\/strong>&nbsp;a precios constantes, seg\u00fan el \u00faltimo informe monetario del Banco Central. Si bien moderaron su ritmo de expansi\u00f3n, acumularon un aumento real del orden del&nbsp;<strong>135%<\/strong>&nbsp;frente al registro de enero de 2024, tras&nbsp;<strong>14 meses consecutivos<\/strong>&nbsp;de subas.<\/p>\n\n\n\n<p>En t\u00e9rminos del&nbsp;<strong>PBI<\/strong>, el cr\u00e9dito habr\u00eda alcanzado&nbsp;<strong>8,6%<\/strong>, con un incremento de&nbsp;<strong>4,3 puntos porcentuales<\/strong>&nbsp;frente al m\u00ednimo registrado a inicios de 2024.<\/p>\n\n\n\n<p>Respecto del cr\u00e9dito con garant\u00eda real, los pr\u00e9stamos hipotecarios crecieron a tasas de dos d\u00edgitos por&nbsp;<strong>d\u00e9cimo mes consecutivo<\/strong>. En efecto, el<strong>&nbsp;cr\u00e9dito para la compra de viviendas<\/strong>&nbsp;se expandi\u00f3 en el mes&nbsp;<strong>13,9% s.e.<\/strong>&nbsp;y exhibi\u00f3 un aumento interanual de&nbsp;<strong>269,6%<\/strong>&nbsp;en t\u00e9rminos reales.<\/p>\n\n\n\n<p>Por su parte, los pr\u00e9stamos al consumo continuaron creciendo y exhibieron en mayo un incremento mensual de&nbsp;<strong>3,6%&nbsp;<\/strong>a precios constantes. El crecimiento de los cr\u00e9ditos personales fue de&nbsp;<strong>4,4%<\/strong>, y el de las financiaciones en tarjetas de cr\u00e9dito, de&nbsp;<strong>3%&nbsp;<\/strong>a precios constantes. En los \u00faltimos&nbsp;<strong>12 meses<\/strong>, dichas l\u00edneas acumularon un aumento de&nbsp;<strong>236,0%<\/strong>&nbsp;y&nbsp;<strong>75,8%<\/strong>, respectivamente.<\/p>\n","protected":false},"excerpt":{"rendered":"<p>El Ministerio de Econom\u00eda y el Banco Central anunciaron una serie de modificaciones en su plan monetario. El objetivo es que la actividad econ\u00f3mica se recupere, pero el costo financiero&hellip; <\/p>\n","protected":false},"author":8,"featured_media":212187,"comment_status":"closed","ping_status":"open","sticky":false,"template":"","format":"standard","meta":{"footnotes":""},"categories":[20],"tags":[],"class_list":["post-212186","post","type-post","status-publish","format-standard","has-post-thumbnail","hentry","category-economia"],"_links":{"self":[{"href":"https:\/\/corrientesdetarde.com\/index.php\/wp-json\/wp\/v2\/posts\/212186","targetHints":{"allow":["GET"]}}],"collection":[{"href":"https:\/\/corrientesdetarde.com\/index.php\/wp-json\/wp\/v2\/posts"}],"about":[{"href":"https:\/\/corrientesdetarde.com\/index.php\/wp-json\/wp\/v2\/types\/post"}],"author":[{"embeddable":true,"href":"https:\/\/corrientesdetarde.com\/index.php\/wp-json\/wp\/v2\/users\/8"}],"replies":[{"embeddable":true,"href":"https:\/\/corrientesdetarde.com\/index.php\/wp-json\/wp\/v2\/comments?post=212186"}],"version-history":[{"count":1,"href":"https:\/\/corrientesdetarde.com\/index.php\/wp-json\/wp\/v2\/posts\/212186\/revisions"}],"predecessor-version":[{"id":212188,"href":"https:\/\/corrientesdetarde.com\/index.php\/wp-json\/wp\/v2\/posts\/212186\/revisions\/212188"}],"wp:featuredmedia":[{"embeddable":true,"href":"https:\/\/corrientesdetarde.com\/index.php\/wp-json\/wp\/v2\/media\/212187"}],"wp:attachment":[{"href":"https:\/\/corrientesdetarde.com\/index.php\/wp-json\/wp\/v2\/media?parent=212186"}],"wp:term":[{"taxonomy":"category","embeddable":true,"href":"https:\/\/corrientesdetarde.com\/index.php\/wp-json\/wp\/v2\/categories?post=212186"},{"taxonomy":"post_tag","embeddable":true,"href":"https:\/\/corrientesdetarde.com\/index.php\/wp-json\/wp\/v2\/tags?post=212186"}],"curies":[{"name":"wp","href":"https:\/\/api.w.org\/{rel}","templated":true}]}}