{"id":212189,"date":"2025-06-11T14:21:39","date_gmt":"2025-06-11T17:21:39","guid":{"rendered":"https:\/\/corrientesdetarde.com\/?p=212189"},"modified":"2025-06-11T14:21:53","modified_gmt":"2025-06-11T17:21:53","slug":"ruta-del-dinero-k-ordenaron-que-lazaro-baez-vuelva-a-una-carcel-comun-para-terminar-de-cumplir-su-condena","status":"publish","type":"post","link":"https:\/\/corrientesdetarde.com\/index.php\/politica\/ruta-del-dinero-k-ordenaron-que-lazaro-baez-vuelva-a-una-carcel-comun-para-terminar-de-cumplir-su-condena\/","title":{"rendered":"Ruta del dinero K: ordenaron que L\u00e1zaro B\u00e1ez vuelva a una c\u00e1rcel com\u00fan para terminar de cumplir su condena"},"content":{"rendered":"\n<p>El TOF 4 se expidi\u00f3 luego del fallo de la Corte Suprema contra Cristina Kirchner. El empresario K estuvo preso y le restan seis a\u00f1os de c\u00e1rcel.<\/p>\n\n\n\n<p>El Tribunal Oral Federal 4 orden\u00f3 este mi\u00e9rcoles que&nbsp;<strong>L\u00e1zaro B\u00e1ez&nbsp;<\/strong>sea trasladado de manera inmediata a una c\u00e1rcel com\u00fan para terminar de cumplir su condena en la causa \u201cla ruta del dinero k\u201d.<\/p>\n\n\n\n<p>La resoluci\u00f3n, firmada por&nbsp;<strong>N\u00e9stor Costabel, Ricardo Bas\u00edlico y Fernando Canero<\/strong>, orden\u00f3 que el empresario sea alojado \u201cen una unidad dependiente del Servicio Penitenciario Federal\u201d.<\/p>\n\n\n\n<p>\u201cSe deber\u00e1n adoptar las medidas necesarias para disponer su alojamiento\u00a0<strong>en la unidad penitenciaria m\u00e1s adecuada a sus condiciones personales y cercana a su lugar de pertenencia<\/strong>, sin que se encuentre demostrada una situaci\u00f3n excepcional que amerite contemplar el caso desde otra perspectiva conforme las consideraciones expuestas\u201d, sostiene la decisi\u00f3n judicial a la que tuvo acceso\u00a0<strong>.<\/strong><\/p>\n\n\n\n<p>Tras la confirmaci\u00f3n de la condena por parte de la Corte, los magistrados recordaron que \u201cla ley no prescribe de modo autom\u00e1tico la concesi\u00f3n de la prisi\u00f3n domiciliaria cuando se presenta alguno de los supuestos de hecho del art. 10 del C\u00f3digo Penal o art. 32 de la ley 24.660, sino que -eventualmente- sujeta su viabilidad a la apreciaci\u00f3n judicial previo tr\u00e1mite de la incidencia que se suscite\u201d.<\/p>\n\n\n\n<p>B\u00e1ez ya estuvo preso por esta causa y&nbsp;<strong>le restan seis a\u00f1os de prisi\u00f3n<\/strong>&nbsp;para cumplir con la condena.<\/p>\n\n\n\n<p>B\u00e1ez fue condenado por el delito de \u201clavado de activos agravado\u201d de US$55 millones entre 2010 y 2013, a trav\u00e9s de la financiera SGI, conocida como<strong>\u201cLa Rosadita\u201d.<\/strong><\/p>\n\n\n\n<h2 class=\"wp-block-heading\">El caso<\/h2>\n\n\n\n<p>La causa comenz\u00f3 en 2013 luego de un informe period\u00edstico en el programa&nbsp;<em>PPT&nbsp;<\/em>de Jorge Lanata en donde se aseguraba que el empresario L\u00e1zaro B\u00e1ez, amigo de N\u00e9stor Kirchner y uno de los principales proveedores de la obra p\u00fablica en la provincia de Santa Cruz, hab\u00eda sacado del pa\u00eds 55 millones de d\u00f3lares con maniobras financieras a cuentas en Suiza.<\/p>\n\n\n\n<p>El programa incluy\u00f3 las declaraciones de<strong>&nbsp;Federico Elaskar y de Leonardo Fari\u00f1a<\/strong>, en una c\u00e1mara oculta.<\/p>\n\n\n\n<p>Tres a\u00f1os despu\u00e9s, la causa se reactiv\u00f3 con la difusi\u00f3n de un video en la&nbsp;<strong>financiera SGI<\/strong>, de Elaskar, conocida como<strong>&nbsp;\u201cLa Rosadita\u201d<\/strong>, en donde se ve\u00eda al hijo de L\u00e1zaro B\u00e1ez contando billetes.<\/p>\n\n\n\n<p>El juez Casanello orden\u00f3 en abril del 2016 la detenci\u00f3n de L\u00e1zaro B\u00e1ez y de su contador<strong>&nbsp;Daniel P\u00e9rez Gad\u00edn<\/strong>&nbsp;por temor a que fugara. En aquel momento tambi\u00e9n fue arrestado el abogado&nbsp;<strong>Jorge Chueco<\/strong>, cuando huy\u00f3 hacia Paraguay.<\/p>\n\n\n\n<p>La instrucci\u00f3n determin\u00f3 que existi\u00f3&nbsp;<strong>una organizaci\u00f3n criminal que entre los meses de diciembre del 2010 y abril del 2013 realiz\u00f3 maniobras de lavado de dinero<\/strong>&nbsp;implicados principalmente del manejo de la empresa&nbsp;<strong>Austral Construcciones<\/strong>&nbsp;que dirig\u00eda B\u00e1ez, a trav\u00e9s de la financiera SGI mediante un entramado que funcion\u00f3 en el pa\u00eds y en el exterior y que logr\u00f3 la expatriaci\u00f3n de fondos de origen il\u00edcito y su posterior reingreso por un total de<strong>&nbsp;USD 54.872.866,69.<\/strong><\/p>\n\n\n\n<p>Seg\u00fan se estableci\u00f3, el dinero depositado en el extranjero ingresaba a las cuentas de diversos bancos internacionales \u2013generalmente con bajos controles fiscales- a nombre de otras personas jur\u00eddicas.<\/p>\n\n\n\n<p>Luego se adquirieron&nbsp;<strong>bonos de deuda p\u00fablica<\/strong>&nbsp;que ulteriormente fueron liquidados en la plaza local, simulando una supuesta inversi\u00f3n multimillonaria de una empresa fiduciaria suiza para adquirir acciones de la empresa Austral Construcci\u00f3n S.A. (ACSA).<\/p>\n\n\n\n<p>Adem\u00e1s del cap\u00edtulo conocido como \u201cLa Rosadita, el tribunal entendi\u00f3 acreditadas maniobras de lavado independientes, como las compras de un campo en la Provincia de Mendoza (estancia \u201cEl Carrizalejo\u201d) y de un departamento en la Ciudad de Buenos Aires (situado por calle Av. Del Libertador) por Leonardo Fari\u00f1a.<\/p>\n\n\n\n<p>Tambi\u00e9n el pago de&nbsp;<strong>los gastos de la fiesta de casamiento de Fari\u00f1a y la modelo Karina Jelinek<\/strong>&nbsp;y la adquisici\u00f3n de diversos autos de lujo (Ferrari California, BMW X6 y Audi R8 Syder) con la intervenci\u00f3n de Carlos Juan Molinari y Daniel Alejandro Bryn.<\/p>\n","protected":false},"excerpt":{"rendered":"<p>El TOF 4 se expidi\u00f3 luego del fallo de la Corte Suprema contra Cristina Kirchner. El empresario K estuvo preso y le restan seis a\u00f1os de c\u00e1rcel. El Tribunal Oral&hellip; <\/p>\n","protected":false},"author":8,"featured_media":212190,"comment_status":"closed","ping_status":"open","sticky":false,"template":"","format":"standard","meta":{"footnotes":""},"categories":[3],"tags":[],"class_list":["post-212189","post","type-post","status-publish","format-standard","has-post-thumbnail","hentry","category-politica"],"_links":{"self":[{"href":"https:\/\/corrientesdetarde.com\/index.php\/wp-json\/wp\/v2\/posts\/212189","targetHints":{"allow":["GET"]}}],"collection":[{"href":"https:\/\/corrientesdetarde.com\/index.php\/wp-json\/wp\/v2\/posts"}],"about":[{"href":"https:\/\/corrientesdetarde.com\/index.php\/wp-json\/wp\/v2\/types\/post"}],"author":[{"embeddable":true,"href":"https:\/\/corrientesdetarde.com\/index.php\/wp-json\/wp\/v2\/users\/8"}],"replies":[{"embeddable":true,"href":"https:\/\/corrientesdetarde.com\/index.php\/wp-json\/wp\/v2\/comments?post=212189"}],"version-history":[{"count":1,"href":"https:\/\/corrientesdetarde.com\/index.php\/wp-json\/wp\/v2\/posts\/212189\/revisions"}],"predecessor-version":[{"id":212191,"href":"https:\/\/corrientesdetarde.com\/index.php\/wp-json\/wp\/v2\/posts\/212189\/revisions\/212191"}],"wp:featuredmedia":[{"embeddable":true,"href":"https:\/\/corrientesdetarde.com\/index.php\/wp-json\/wp\/v2\/media\/212190"}],"wp:attachment":[{"href":"https:\/\/corrientesdetarde.com\/index.php\/wp-json\/wp\/v2\/media?parent=212189"}],"wp:term":[{"taxonomy":"category","embeddable":true,"href":"https:\/\/corrientesdetarde.com\/index.php\/wp-json\/wp\/v2\/categories?post=212189"},{"taxonomy":"post_tag","embeddable":true,"href":"https:\/\/corrientesdetarde.com\/index.php\/wp-json\/wp\/v2\/tags?post=212189"}],"curies":[{"name":"wp","href":"https:\/\/api.w.org\/{rel}","templated":true}]}}