{"id":212222,"date":"2025-06-11T15:10:24","date_gmt":"2025-06-11T18:10:24","guid":{"rendered":"https:\/\/corrientesdetarde.com\/?p=212222"},"modified":"2025-06-11T15:10:28","modified_gmt":"2025-06-11T18:10:28","slug":"impacto-en-el-futbol-argentino-la-dupla-orsi-gomez-renuncio-a-platense-tras-haber-salido-campeones","status":"publish","type":"post","link":"https:\/\/corrientesdetarde.com\/index.php\/deportes\/impacto-en-el-futbol-argentino-la-dupla-orsi-gomez-renuncio-a-platense-tras-haber-salido-campeones\/","title":{"rendered":"Impacto en el f\u00fatbol argentino: la dupla Orsi-G\u00f3mez renunci\u00f3 a Platense tras haber salido campeones"},"content":{"rendered":"\n<p>De manera inesperada, los entrenadores decidieron terminar su ciclo en el Calamar. Hace tan solo diez d\u00edaz hab\u00edan logrado el t\u00edtulo en el Torneo Apertura.<\/p>\n\n\n\n<p><strong>Favio Orsi\u00a0<\/strong>y\u00a0<strong>Sergio G\u00f3mez<\/strong>\u00a0decidieron renunciar al cargo de entrenadores de\u00a0<strong>Platense<\/strong>\u00a0a tan solo diez d\u00edas de haber salido campeones del Torneo Apertura 2025. De manera inesperada, la dulpla se despide del Calamar.<\/p>\n\n\n\n<p>\u201c<strong>Orsi y G\u00f3mez renunciaron como t\u00e9cnicos de Platense.<\/strong>&nbsp;Se ve\u00eda venir, dejaron de ser la dupla t\u00e9cnica del campe\u00f3n del f\u00fatbol argentino\u201d, inform\u00f3 Sebasti\u00e1n Vignolo en&nbsp;<em>ESPN<\/em>.<\/p>\n\n\n\n<figure class=\"wp-block-image\"><img decoding=\"async\" src=\"https:\/\/tn.com.ar\/resizer\/v2\/https%3A%2F%2Fthumbs.vodgc.net%2F1-14-L5Axeo1749663241680_360P.jpg?auth=3f628a68c5cccb2dea35405ecd16825972574f7bf89549861e215fc3c82dc10c&amp;width=767\" alt=\"Video Placeholder\"\/><\/figure>\n\n\n\n<p>De acuerdo al periodista Germ\u00e1n Garc\u00eda Grova en&nbsp;<em>Bolavip<\/em>, los entrenadores le explicaron a la dirigencia de Platense que \u201cse vaciaron\u201d despu\u00e9s de haber conseguido el t\u00edtulo. Por eso decidieron dar un paso al costado.<\/p>\n\n\n\n<p>La dupla Orsi-G\u00f3mez estaba al frente de Platense desde febrero de 2024. Por el momento no trascendi\u00f3 cu\u00e1les ser\u00e1n sus pr\u00f3ximos pasos. Tampoco hay certezas sobre qui\u00e9n asumir\u00e1 en el Calamar para reemplazarlos.<\/p>\n\n\n\n<h2 class=\"wp-block-heading\">La trayectoria de la dupla t\u00e9cnica de Favio Orsi y Sergio G\u00f3mez<\/h2>\n\n\n\n<p>Orsi comenz\u00f3 a trabajar junto a Sergio G\u00f3mez en 2013 en&nbsp;<strong>F\u00e9nix,&nbsp;<\/strong>en la Primera D. En junio de 2014, ambos fueron contratados por&nbsp;<strong>Deportivo Espa\u00f1ol<\/strong>.<\/p>\n\n\n\n<p>El d\u00fao de entrenadores tom\u00f3 el mando de&nbsp;<strong>Flandria<\/strong>&nbsp;en agosto de 2015 y consiguieron el ascenso a la Primera B Nacional, un logro in\u00e9dito en la historia del club. Tras descender en mayo de 2018, ambos continuaron su carrera en&nbsp;<strong>Almagro, San Mart\u00edn de Tucum\u00e1n y Ferro Carril Oeste<\/strong>.<\/p>\n\n\n\n<p>Su primera experiencia en la m\u00e1xima categor\u00eda lleg\u00f3 el&nbsp;<strong>10 de abril de 2022<\/strong>&nbsp;cuando fueron contratados por&nbsp;<strong>Godoy Cruz<\/strong>&nbsp;tras la salida de Diego Flores. Dejaron el club el 28 de octubre de mutuo acuerdo con la dirigencia.<\/p>\n\n\n\n<p>El 3 de julio de 2023, Orsi y G\u00f3mez fueron nombrados nuevos entrenadores de&nbsp;<strong>Atl\u00e9tico Tucum\u00e1n<\/strong>. El 19 de febrero de 2024 dejaron sus cargos luego de caer ante&nbsp;<strong>Deportivo Riestra<\/strong>.<\/p>\n\n\n\n<p>Luego dieron el salto a Platense, donde finalmente hicieron historia al ganar el t\u00edtulo en el Torneo Apertura 2025 tras ganarle la final a Hurac\u00e1n por 1-0 en Santiago del Estero.<\/p>\n","protected":false},"excerpt":{"rendered":"<p>De manera inesperada, los entrenadores decidieron terminar su ciclo en el Calamar. Hace tan solo diez d\u00edaz hab\u00edan logrado el t\u00edtulo en el Torneo Apertura. Favio Orsi\u00a0y\u00a0Sergio G\u00f3mez\u00a0decidieron renunciar al&hellip; <\/p>\n","protected":false},"author":8,"featured_media":212223,"comment_status":"closed","ping_status":"open","sticky":false,"template":"","format":"standard","meta":{"footnotes":""},"categories":[4],"tags":[],"class_list":["post-212222","post","type-post","status-publish","format-standard","has-post-thumbnail","hentry","category-deportes"],"_links":{"self":[{"href":"https:\/\/corrientesdetarde.com\/index.php\/wp-json\/wp\/v2\/posts\/212222","targetHints":{"allow":["GET"]}}],"collection":[{"href":"https:\/\/corrientesdetarde.com\/index.php\/wp-json\/wp\/v2\/posts"}],"about":[{"href":"https:\/\/corrientesdetarde.com\/index.php\/wp-json\/wp\/v2\/types\/post"}],"author":[{"embeddable":true,"href":"https:\/\/corrientesdetarde.com\/index.php\/wp-json\/wp\/v2\/users\/8"}],"replies":[{"embeddable":true,"href":"https:\/\/corrientesdetarde.com\/index.php\/wp-json\/wp\/v2\/comments?post=212222"}],"version-history":[{"count":1,"href":"https:\/\/corrientesdetarde.com\/index.php\/wp-json\/wp\/v2\/posts\/212222\/revisions"}],"predecessor-version":[{"id":212224,"href":"https:\/\/corrientesdetarde.com\/index.php\/wp-json\/wp\/v2\/posts\/212222\/revisions\/212224"}],"wp:featuredmedia":[{"embeddable":true,"href":"https:\/\/corrientesdetarde.com\/index.php\/wp-json\/wp\/v2\/media\/212223"}],"wp:attachment":[{"href":"https:\/\/corrientesdetarde.com\/index.php\/wp-json\/wp\/v2\/media?parent=212222"}],"wp:term":[{"taxonomy":"category","embeddable":true,"href":"https:\/\/corrientesdetarde.com\/index.php\/wp-json\/wp\/v2\/categories?post=212222"},{"taxonomy":"post_tag","embeddable":true,"href":"https:\/\/corrientesdetarde.com\/index.php\/wp-json\/wp\/v2\/tags?post=212222"}],"curies":[{"name":"wp","href":"https:\/\/api.w.org\/{rel}","templated":true}]}}