{"id":212225,"date":"2025-06-11T15:16:23","date_gmt":"2025-06-11T18:16:23","guid":{"rendered":"https:\/\/corrientesdetarde.com\/?p=212225"},"modified":"2025-06-11T15:16:35","modified_gmt":"2025-06-11T18:16:35","slug":"con-cfk-fuera-de-la-eleccion-lla-rearma-su-estrategia-en-pba-y-esperara-a-que-el-peronismo-elija-su-candidato","status":"publish","type":"post","link":"https:\/\/corrientesdetarde.com\/index.php\/politica\/con-cfk-fuera-de-la-eleccion-lla-rearma-su-estrategia-en-pba-y-esperara-a-que-el-peronismo-elija-su-candidato\/","title":{"rendered":"Con CFK fuera de la elecci\u00f3n, LLA rearma su estrategia en PBA y esperar\u00e1 a que el peronismo elija su candidato"},"content":{"rendered":"\n<p>Sin la exmandataria como representante de la oposici\u00f3n, en el oficialismo consideran que se allana el camino para ganar en las urnas. Los nombres que se barajan.<\/p>\n\n\n\n<p><a href=\"https:\/\/tn.com.ar\/autor\/Josefina-Godoy-Martinez\/\"><\/a><\/p>\n\n\n\n<p>Este mi\u00e9rcoles nadie en la<strong>\u00a0Casa Rosada<\/strong>\u00a0se mostr\u00f3 sorprendido por la decisi\u00f3n de la\u00a0<strong>Corte Suprema<\/strong>\u00a0de ratificar la condena contra<strong>\u00a0Cristina Kirchner<\/strong>\u00a0por la\u00a0<strong>causa Vialidad.<\/strong> A pesar de que\u00a0<strong>La Libertad Avanza<\/strong>\u00a0no podr\u00e1 polarizar directamente con la exmandataria, aseguran que la elecci\u00f3n del 7 de septiembre \u201c<strong>ser\u00e1 m\u00e1s f\u00e1cil sin ella\u201d.<\/strong><\/p>\n\n\n\n<p>La Justicia no solo defini\u00f3 que la presidenta del\u00a0<strong>PJ<\/strong>\u00a0debe cumplir\u00a0<strong>seis a\u00f1os de prisi\u00f3n,<\/strong>\u00a0sino que tambi\u00e9n la<strong>\u00a0inhabilit\u00f3\u00a0<\/strong>de manera perpetua para\u00a0<strong>ejercer cargos p\u00fablicos.<\/strong><\/p>\n\n\n\n<p>Frente a este panorama, en el entorno de\u00a0<strong>Javier Milei<\/strong>\u00a0creen que por ahora\u00a0<strong>lo m\u00e1s beneficioso es aguardar los pr\u00f3ximos movimientos del\u00a0kirchnerismo<\/strong>. Es decir, esperar a que definan un candidato para encabezar la lista en la\u00a0<strong>Tercera Secci\u00f3n Electoral,<\/strong>\u00a0donde CFK buscaba presentarse.<\/p>\n\n\n\n<figure class=\"wp-block-image\"><img decoding=\"async\" src=\"https:\/\/tn.com.ar\/resizer\/v2\/la-expresidenta-cristina-kirchner-en-su-discurso-luego-de-la-confirmacion-de-la-condena-por-la-causa-vialidad-foto-tn-leandro-heredia-AZXCQ6SQJZGJPOAICKTQJPJZJM.jpg?auth=9a12cf16338257ce981d646b681a78bde8fef8d12ff401b4d57715bb3f976f44&amp;width=767\" alt=\"La expresidenta Cristina Kirchner en su discurso luego de la confirmaci\u00f3n de la condena por la causa Vialidad. (Foto: TN - Leandro Heredia)\"\/><\/figure>\n\n\n\n<p><strong>\u201cNo es lo mismo competir contra el que tiene 30 o 35 puntos que con el que no tiene esos n\u00fameros\u201d<\/strong>, dijo un colaborador del Presidente.<\/p>\n\n\n\n<p>Sin la exmandataria como representante de la oposici\u00f3n, en el oficialismo tambi\u00e9n<strong>&nbsp;sienten alivio<\/strong>: \u201cAhora la elecci\u00f3n de esa secci\u00f3n del conurbano pas\u00f3 a ser una m\u00e1s, como las otras. Una cosa es competir contra<strong>&nbsp;Cristina, y otra sin ella&#8221;<\/strong>.<\/p>\n\n\n\n<p>No obstante, afirman que -m\u00e1s all\u00e1 de la elecci\u00f3n de un perfil-, la estrategia en PBA se mantendr\u00e1 igual. \u201cNosotros desarrollamos la misma t\u00e1ctica con o sin CFK en las listas.<strong>&nbsp;Y con o sin el peronismo unido<\/strong>. Nos manejamos de manera sencilla, con claridad absoluta y con la verdad de lo que tenemos y de lo que vamos a hacer\u201d, agrega una persona cercana al despacho de&nbsp;<strong>Karina Milei<\/strong>&nbsp;que al tanto del armador provincial.<\/p>\n\n\n\n<h2 class=\"wp-block-heading\">La Libertad Avanza y la inc\u00f3gnita sobre la Tercera Secci\u00f3n Electoral<\/h2>\n\n\n\n<p>Los distritos que engloban a la Tercera Secci\u00f3n Electoral re\u00fanen la mayor cantidad de votos dentro de la Provincia. Y, a pesar de que LLA busca tener presencia all\u00ed, <strong>a\u00fan no tiene una militancia del todo organizada<\/strong>, sobre todo en partidos como La Matanza.<\/p>\n\n\n\n<figure class=\"wp-block-image\"><img decoding=\"async\" src=\"https:\/\/tn.com.ar\/resizer\/v2\/la-libertad-avanza-busca-ganar-en-la-provincia-de-buenos-aires-y-replicar-el-triunfo-que-logro-en-la-ciudad-foto-reuterstomas-cuesta-5JNHRAGCVDSQS5ZLPKUJNCPS2I.jpg?auth=acce4eb2957a72544d749ec195603251e8d04581902d7ed25b809bd1d05e7838&amp;width=767\" alt=\"La Libertad Avanza busca ganar en la provincia de Buenos Aires y replicar el triunfo que logr\u00f3 en la Ciudad. (Foto: REUTERS\/Tomas Cuesta). \"\/><\/figure>\n\n\n\n<p>Sin embargo, vuelven a barajarse algunos perfiles que se descartaron en su momento. Por ejemplo,&nbsp;<strong>Nahuel Sotelo<\/strong>&nbsp;-el secretario de Culto, que pertenece a la agrupaci\u00f3n Las Fuerzas del Cielo-, y&nbsp;<strong>Leila Gianni,<\/strong>&nbsp;exfuncionaria del Ministerio de Capital Humano.<\/p>\n\n\n\n<p><strong>\u201cGianni iba como\u00a0candidata\u00a0a diputada provincial por la tercera antes de que\u00a0CFK\u00a0diga que iba a presentarse<\/strong>\u201d, desliz\u00f3\u00a0una fuente libertaria. En ese sentido, su nombre volvi\u00f3 a la carrera electoral en esta nueva situaci\u00f3n.<\/p>\n\n\n\n<p>Tanto ella, como Sotelo, tienen&nbsp;<strong>domicilio<\/strong>&nbsp;en La Matanza y Quilmes, respectivamente.<\/p>\n\n\n\n<p><\/p>\n","protected":false},"excerpt":{"rendered":"<p>Sin la exmandataria como representante de la oposici\u00f3n, en el oficialismo consideran que se allana el camino para ganar en las urnas. Los nombres que se barajan. Este mi\u00e9rcoles nadie&hellip; <\/p>\n","protected":false},"author":8,"featured_media":212226,"comment_status":"closed","ping_status":"open","sticky":false,"template":"","format":"standard","meta":{"footnotes":""},"categories":[3],"tags":[],"class_list":["post-212225","post","type-post","status-publish","format-standard","has-post-thumbnail","hentry","category-politica"],"_links":{"self":[{"href":"https:\/\/corrientesdetarde.com\/index.php\/wp-json\/wp\/v2\/posts\/212225","targetHints":{"allow":["GET"]}}],"collection":[{"href":"https:\/\/corrientesdetarde.com\/index.php\/wp-json\/wp\/v2\/posts"}],"about":[{"href":"https:\/\/corrientesdetarde.com\/index.php\/wp-json\/wp\/v2\/types\/post"}],"author":[{"embeddable":true,"href":"https:\/\/corrientesdetarde.com\/index.php\/wp-json\/wp\/v2\/users\/8"}],"replies":[{"embeddable":true,"href":"https:\/\/corrientesdetarde.com\/index.php\/wp-json\/wp\/v2\/comments?post=212225"}],"version-history":[{"count":1,"href":"https:\/\/corrientesdetarde.com\/index.php\/wp-json\/wp\/v2\/posts\/212225\/revisions"}],"predecessor-version":[{"id":212227,"href":"https:\/\/corrientesdetarde.com\/index.php\/wp-json\/wp\/v2\/posts\/212225\/revisions\/212227"}],"wp:featuredmedia":[{"embeddable":true,"href":"https:\/\/corrientesdetarde.com\/index.php\/wp-json\/wp\/v2\/media\/212226"}],"wp:attachment":[{"href":"https:\/\/corrientesdetarde.com\/index.php\/wp-json\/wp\/v2\/media?parent=212225"}],"wp:term":[{"taxonomy":"category","embeddable":true,"href":"https:\/\/corrientesdetarde.com\/index.php\/wp-json\/wp\/v2\/categories?post=212225"},{"taxonomy":"post_tag","embeddable":true,"href":"https:\/\/corrientesdetarde.com\/index.php\/wp-json\/wp\/v2\/tags?post=212225"}],"curies":[{"name":"wp","href":"https:\/\/api.w.org\/{rel}","templated":true}]}}