{"id":212486,"date":"2025-06-12T23:03:05","date_gmt":"2025-06-13T02:03:05","guid":{"rendered":"https:\/\/corrientesdetarde.com\/?p=212486"},"modified":"2025-06-12T23:03:08","modified_gmt":"2025-06-13T02:03:08","slug":"corrientes-y-las-provincias-del-nea-registraron-una-inflacion-del-13-y-se-mantuvieron-por-debajo-del-promedio-nacional","status":"publish","type":"post","link":"https:\/\/corrientesdetarde.com\/index.php\/economia\/corrientes-y-las-provincias-del-nea-registraron-una-inflacion-del-13-y-se-mantuvieron-por-debajo-del-promedio-nacional\/","title":{"rendered":"Corrientes y las provincias del NEA registraron una inflaci\u00f3n del 1,3% y se mantuvieron por debajo del promedio nacional"},"content":{"rendered":"\n<p>La regi\u00f3n volvi\u00f3 a ubicarse entre las de menor inflaci\u00f3n del pa\u00eds. Los alimentos subieron apenas un 0,7%, mientras que &#8220;Comunicaci\u00f3n&#8221; lider\u00f3 las subas mensuales con un 3,9%.&nbsp;<\/p>\n\n\n\n<p>El Nordeste (NEA) registr\u00f3 en mayo una inflaci\u00f3n del 1,3%, dos d\u00e9cimas por debajo del promedio nacional, que fue del 1,5%, seg\u00fan el informe publicado este jueves por el Instituto Nacional de Estad\u00edstica y Censos (INDEC). Con este dato, la regi\u00f3n que integran Chaco, Corrientes, Formosa y Misiones volvi\u00f3 a ubicarse entre las de menor incremento de precios, solo por encima del NOA, que present\u00f3 una suba del 1,2%.<\/p>\n\n\n\n<p>En lo que va del a\u00f1o, el \u00cdndice de Precios al Consumidor (IPC) del NEA acumula una suba del 12%, frente al 13,3% nacional. Por su parte, la variaci\u00f3n interanual en la regi\u00f3n lleg\u00f3 al 41,6%, mientras que el promedio del pa\u00eds fue del 43,5%.<\/p>\n\n\n\n<p>Entre los rubros que m\u00e1s aumentaron en el NEA durante mayo se destacaron:<\/p>\n\n\n\n<p>Comunicaci\u00f3n, con un incremento del 3,9%,<br>Restaurantes y hoteles (3,3%),<br>Salud (2,5%),<br>Prendas de vestir y calzado (2,4%),<br>Bienes y servicios varios (1,8%),<br>Recreaci\u00f3n y cultura (1,8%),<br>Educaci\u00f3n (1,3%),<br>Vivienda, agua, electricidad, gas y otros combustibles (1,3%).<br>En contrapartida, los aumentos m\u00e1s moderados se observaron en:<\/p>\n\n\n\n<p>Equipamiento y mantenimiento del hogar (1,2%),<br>Bebidas alcoh\u00f3licas y tabaco (1%),<br>Alimentos y bebidas no alcoh\u00f3licas, que subieron apenas un 0,7%,<br>Transporte, que registr\u00f3 una baja del 0,3%.<\/p>\n\n\n\n<p>En t\u00e9rminos regionales, las zonas con mayores incrementos fueron Cuyo y la regi\u00f3n Pampeana, ambas con 1,6%, seguidas por Patagonia y GBA, con 1,5%. El NEA (1,3%) y el NOA (1,2%) cerraron el listado con los menores \u00edndices.<\/p>\n\n\n\n<p>Desde la Presidencia, el vocero Manuel Adorni atribuy\u00f3 la desaceleraci\u00f3n inflacionaria al &#8220;plan de estabilizaci\u00f3n ortodoxo&#8221; impulsado por el ministro Luis Caputo. &#8220;Cuando hay super\u00e1vit fiscal y se frena la m\u00e1quina de imprimir billetes, la inflaci\u00f3n se desploma. Es natural que suceda. Lo dicen las leyes fundamentales de la econom\u00eda&#8221;, afirm\u00f3.<\/p>\n","protected":false},"excerpt":{"rendered":"<p>La regi\u00f3n volvi\u00f3 a ubicarse entre las de menor inflaci\u00f3n del pa\u00eds. Los alimentos subieron apenas un 0,7%, mientras que &#8220;Comunicaci\u00f3n&#8221; lider\u00f3 las subas mensuales con un 3,9%.&nbsp; El Nordeste&hellip; <\/p>\n","protected":false},"author":4,"featured_media":212487,"comment_status":"closed","ping_status":"open","sticky":false,"template":"","format":"standard","meta":{"footnotes":""},"categories":[20],"tags":[],"class_list":["post-212486","post","type-post","status-publish","format-standard","has-post-thumbnail","hentry","category-economia"],"_links":{"self":[{"href":"https:\/\/corrientesdetarde.com\/index.php\/wp-json\/wp\/v2\/posts\/212486","targetHints":{"allow":["GET"]}}],"collection":[{"href":"https:\/\/corrientesdetarde.com\/index.php\/wp-json\/wp\/v2\/posts"}],"about":[{"href":"https:\/\/corrientesdetarde.com\/index.php\/wp-json\/wp\/v2\/types\/post"}],"author":[{"embeddable":true,"href":"https:\/\/corrientesdetarde.com\/index.php\/wp-json\/wp\/v2\/users\/4"}],"replies":[{"embeddable":true,"href":"https:\/\/corrientesdetarde.com\/index.php\/wp-json\/wp\/v2\/comments?post=212486"}],"version-history":[{"count":1,"href":"https:\/\/corrientesdetarde.com\/index.php\/wp-json\/wp\/v2\/posts\/212486\/revisions"}],"predecessor-version":[{"id":212488,"href":"https:\/\/corrientesdetarde.com\/index.php\/wp-json\/wp\/v2\/posts\/212486\/revisions\/212488"}],"wp:featuredmedia":[{"embeddable":true,"href":"https:\/\/corrientesdetarde.com\/index.php\/wp-json\/wp\/v2\/media\/212487"}],"wp:attachment":[{"href":"https:\/\/corrientesdetarde.com\/index.php\/wp-json\/wp\/v2\/media?parent=212486"}],"wp:term":[{"taxonomy":"category","embeddable":true,"href":"https:\/\/corrientesdetarde.com\/index.php\/wp-json\/wp\/v2\/categories?post=212486"},{"taxonomy":"post_tag","embeddable":true,"href":"https:\/\/corrientesdetarde.com\/index.php\/wp-json\/wp\/v2\/tags?post=212486"}],"curies":[{"name":"wp","href":"https:\/\/api.w.org\/{rel}","templated":true}]}}