{"id":212615,"date":"2025-06-13T14:56:41","date_gmt":"2025-06-13T17:56:41","guid":{"rendered":"https:\/\/corrientesdetarde.com\/?p=212615"},"modified":"2025-06-13T14:56:53","modified_gmt":"2025-06-13T17:56:53","slug":"legislatura-provincial-reconocimiento-a-instituciones-por-el-dia-mundial-del-donante-voluntario","status":"publish","type":"post","link":"https:\/\/corrientesdetarde.com\/index.php\/eventossociedad\/legislatura-provincial-reconocimiento-a-instituciones-por-el-dia-mundial-del-donante-voluntario\/","title":{"rendered":"LEGISLATURA PROVINCIAL: Reconocimiento a instituciones por el D\u00eda Mundial del Donante Voluntario"},"content":{"rendered":"\n<p><\/p>\n\n\n\n<p>Con auspicio de la Vicegobernaci\u00f3n de Corrientes, y presidido por la directora ejecutiva del Banco de Sangre Central y presidente de BANSACOR, Dra. Carolina Arom\u00ed, se realiz\u00f3 un acto en conmemoraci\u00f3n del D\u00eda Mundial del Donante Voluntario en el Recinto de la Legislatura.<\/p>\n\n\n\n<p>En la oportunidad se realiz\u00f3 un reconocimiento a las instituciones religiosas que han demostrado un compromiso ejemplar en las campa\u00f1as y promociones de la donaci\u00f3n voluntaria de sangre. La colaboraci\u00f3n de todas las entidades involucradas cumple un papel central para salvar vidas y concientizar sobre la donaci\u00f3n de sangre.<\/p>\n\n\n\n<figure class=\"wp-block-image size-large\"><img loading=\"lazy\" decoding=\"async\" width=\"1024\" height=\"645\" src=\"https:\/\/corrientesdetarde.com\/wp-content\/uploads\/2025\/06\/image-543-1024x645.png\" alt=\"\" class=\"wp-image-212619\" srcset=\"https:\/\/corrientesdetarde.com\/wp-content\/uploads\/2025\/06\/image-543-1024x645.png 1024w, https:\/\/corrientesdetarde.com\/wp-content\/uploads\/2025\/06\/image-543-300x189.png 300w, https:\/\/corrientesdetarde.com\/wp-content\/uploads\/2025\/06\/image-543-768x484.png 768w, https:\/\/corrientesdetarde.com\/wp-content\/uploads\/2025\/06\/image-543.png 1241w\" sizes=\"auto, (max-width: 1024px) 100vw, 1024px\" \/><\/figure>\n\n\n\n<p>Al inicio del acto, Carolina Arom\u00ed expres\u00f3: \u201cHoy estamos reconociendo a los credos, es el tercer a\u00f1o consecutivo que estamos en este recinto y hoy reconocemos el altruismo, el compromiso que tiene cada comunidad religiosa y tambi\u00e9n como algo muy ejemplar que es que la sangre no discrimina. Los credos no solamente nos ayudan informando sino tambi\u00e9n haciendo colectas en sus propias iglesias colaborando a que aumente el n\u00famero de, no solamente donantes sino de sangre que est\u00e9 ya efectiva para cuando uno lo necesita en Banco de Sangre\u201d.<\/p>\n\n\n\n<p>Luego agreg\u00f3, \u201choy estamos festejando el D\u00eda Mundial del Donante Voluntario. Esto fue un cambio de paradigma que quisimos hacer. Hoy, espec\u00edficamente hace nueve a\u00f1os de esta gesti\u00f3n y el primer eslab\u00f3n fue cambiar el paradigma. La idea es que cuando uno necesite sangre, solamente tenga que ocuparse de estar con su familiar, de contener en ese momento tan dif\u00edcil y que de la sangre nos ocupemos nosotros; y la \u00fanica forma de hacer eso es teniendo las heladeras llenas\u201d.<\/p>\n\n\n\n<p>Adem\u00e1s, destac\u00f3 que \u201cCorrientes est\u00e1 primero en la Argentina en cuanto a n\u00fameros, en cuanto a porcentaje, en cuanto a inscriptos para donar c\u00e9lulas progenitoras hematopoy\u00e9ticas, que es m\u00e9dula \u00f3sea; tenemos en este momento m\u00e1s de 6.000 inscriptos y se hicieron en el transcurso de estos a\u00f1os 38 trasplantes de m\u00e9dulas de correntinos al mundo\u201d.<\/p>\n\n\n\n<p>A continuaci\u00f3n, el director de Cucaicor, H\u00e9ctor \u00c1valos dio las gracias a todo el Banco de Sangre por su acompa\u00f1amiento junto a BANSACOR \u201cde esta pasi\u00f3n que es ayudar al pr\u00f3jimo, d\u00e1ndole la vida a trav\u00e9s de otras personas; gracias al esfuerzo de todo el equipo, tanto del Banco de Sangre como del Cucaicor y de todos los hospitales y las instituciones que nos ayudan, podemos curar y sanar a much\u00edsima gente, porque uno no puede predecir cu\u00e1ndo va a necesitar sangre o un \u00f3rgano\u201d.<\/p>\n\n\n\n<p>Seguidamente dio su testimonio como donante y receptor de sangre el Obispo H\u00e9ctor Eduardo Brac, \u201csoy donante de sangre desde los 18 a\u00f1os, soy donante constante y es algo de lo que m\u00e1s me gusta hacer, es un sentimiento que tengo, y a la vez tambi\u00e9n fui receptor de sangre, y puedo decirles que el sentimiento que tiene alguien que recibe sangre es muy grande. Yo espero que todo el que est\u00e9 escuchando entienda y sepa que lo que es sentir eso que yo siento\u201d.<\/p>\n\n\n\n<p>Antes de finalizar el acto fueron reconocidas 20 instituciones que colaboran con las campa\u00f1as de difusi\u00f3n de la donaci\u00f3n de sangre, ellas fueron: Sociedad Cultural Israelita Scholem Aleijem, Arzobispado de Corrientes, Parroquia de Empedrado &#8220;Nuestro Se\u00f1or Hallado&#8221;, Parroquia de Mantilla &#8220;Nuestra Sra. del Carmen&#8221;, Iglesia Casa de Dios de Corrientes, Iglesia Universal de Corrientes \u2013 Catedral, Iglesia Universal de Corrientes B\u00b0 San Antonio, Iglesia Universal de Corrientes B\u00ba V\u00edctor Colas as\u00ed como tambi\u00e9n Iglesia Universal de Goya, Iglesia Universal de Bella Vista, Iglesia Universal de Paso de los Libres e Iglesia Adventista del S\u00e9ptimo Dia &#8211; Corrientes.<\/p>\n\n\n\n<p>Tambi\u00e9n se reconoci\u00f3 a la Iglesia Adventista del S\u00e9ptimo Dia &#8211; Bella Vista, Iglesia Adventista del S\u00e9ptimo Dia &#8211; Paso de los Libres, Iglesia de Jesucristo de los Santos de los \u00daltimos D\u00edas &#8211; Estaca Corrientes, Iglesia de Jesucristo de los Santos de los \u00daltimos D\u00edas &#8211; B\u00b0 Costanera, Iglesia de Jesucristo de los Santos de los \u00daltimos D\u00edas &#8211; B\u00ba Mendoza al Sur igualmente Iglesia de Jesucristo de los Santos de los \u00daltimos D\u00edas &#8211; B\u00ba Armenia y la Iglesia de Jesucristo de los Santos de los \u00daltimos D\u00edas &#8211; B\u00ba Laguna Seca.<\/p>\n\n\n\n<p>El acto cont\u00f3 con la presencia de referentes de instituciones m\u00e9dicas como el Instituto de Cardiolog\u00eda de Corrientes, Laboratorio Central, Bansacor, Asociaci\u00f3n Cooperadora del Banco de Sangre, Consejo de Crecimiento Econ\u00f3mico y Desarrollo Social, Ongs, y la profesora Ma. Silvia Pozo, referente de la Vicegobernaci\u00f3n, a cargo de la organizaci\u00f3n del acto.<\/p>\n\n\n\n<figure class=\"wp-block-image size-large\"><img loading=\"lazy\" decoding=\"async\" width=\"1024\" height=\"685\" src=\"https:\/\/corrientesdetarde.com\/wp-content\/uploads\/2025\/06\/image-542-1024x685.png\" alt=\"\" class=\"wp-image-212618\" srcset=\"https:\/\/corrientesdetarde.com\/wp-content\/uploads\/2025\/06\/image-542-1024x685.png 1024w, https:\/\/corrientesdetarde.com\/wp-content\/uploads\/2025\/06\/image-542-300x201.png 300w, https:\/\/corrientesdetarde.com\/wp-content\/uploads\/2025\/06\/image-542-768x513.png 768w, https:\/\/corrientesdetarde.com\/wp-content\/uploads\/2025\/06\/image-542.png 1294w\" sizes=\"auto, (max-width: 1024px) 100vw, 1024px\" \/><\/figure>\n\n\n\n<p>D\u00eda Mundial del Donante Voluntario<br>Respondiendo a una iniciativa de organizaciones civiles y estados, en 2003 la Organizaci\u00f3n Mundial de la Salud design\u00f3 el 14 de junio como el Dia Mundial del Donante Voluntario de Sangre, en reconocimiento al nacimiento del Dr. Karl Landstainer, que en 1900 descubri\u00f3 el sistema A B O para tipificar la sangre humana.<\/p>\n\n\n\n<p>En 1940 Landstainer junto al Dr. Wiener descubren el sistema RH para completar los macro sistemas de tipificaci\u00f3n de la sangre, ajustando la compatibilidad del donante con el receptor. Esto signific\u00f3 un antes y un despu\u00e9s en la medicina transfusional y le vali\u00f3 la distinci\u00f3n del Premio Nobel de Medicina.<\/p>\n\n\n\n<figure class=\"wp-block-image size-large\"><img loading=\"lazy\" decoding=\"async\" width=\"1024\" height=\"645\" src=\"https:\/\/corrientesdetarde.com\/wp-content\/uploads\/2025\/06\/image-541-1024x645.png\" alt=\"\" class=\"wp-image-212617\" srcset=\"https:\/\/corrientesdetarde.com\/wp-content\/uploads\/2025\/06\/image-541-1024x645.png 1024w, https:\/\/corrientesdetarde.com\/wp-content\/uploads\/2025\/06\/image-541-300x189.png 300w, https:\/\/corrientesdetarde.com\/wp-content\/uploads\/2025\/06\/image-541-768x484.png 768w, https:\/\/corrientesdetarde.com\/wp-content\/uploads\/2025\/06\/image-541.png 1349w\" sizes=\"auto, (max-width: 1024px) 100vw, 1024px\" \/><\/figure>\n","protected":false},"excerpt":{"rendered":"<p>Con auspicio de la Vicegobernaci\u00f3n de Corrientes, y presidido por la directora ejecutiva del Banco de Sangre Central y presidente de BANSACOR, Dra. Carolina Arom\u00ed, se realiz\u00f3 un acto en&hellip; <\/p>\n","protected":false},"author":1,"featured_media":212616,"comment_status":"closed","ping_status":"open","sticky":false,"template":"","format":"standard","meta":{"footnotes":""},"categories":[1208],"tags":[],"class_list":["post-212615","post","type-post","status-publish","format-standard","has-post-thumbnail","hentry","category-eventossociedad"],"_links":{"self":[{"href":"https:\/\/corrientesdetarde.com\/index.php\/wp-json\/wp\/v2\/posts\/212615","targetHints":{"allow":["GET"]}}],"collection":[{"href":"https:\/\/corrientesdetarde.com\/index.php\/wp-json\/wp\/v2\/posts"}],"about":[{"href":"https:\/\/corrientesdetarde.com\/index.php\/wp-json\/wp\/v2\/types\/post"}],"author":[{"embeddable":true,"href":"https:\/\/corrientesdetarde.com\/index.php\/wp-json\/wp\/v2\/users\/1"}],"replies":[{"embeddable":true,"href":"https:\/\/corrientesdetarde.com\/index.php\/wp-json\/wp\/v2\/comments?post=212615"}],"version-history":[{"count":1,"href":"https:\/\/corrientesdetarde.com\/index.php\/wp-json\/wp\/v2\/posts\/212615\/revisions"}],"predecessor-version":[{"id":212620,"href":"https:\/\/corrientesdetarde.com\/index.php\/wp-json\/wp\/v2\/posts\/212615\/revisions\/212620"}],"wp:featuredmedia":[{"embeddable":true,"href":"https:\/\/corrientesdetarde.com\/index.php\/wp-json\/wp\/v2\/media\/212616"}],"wp:attachment":[{"href":"https:\/\/corrientesdetarde.com\/index.php\/wp-json\/wp\/v2\/media?parent=212615"}],"wp:term":[{"taxonomy":"category","embeddable":true,"href":"https:\/\/corrientesdetarde.com\/index.php\/wp-json\/wp\/v2\/categories?post=212615"},{"taxonomy":"post_tag","embeddable":true,"href":"https:\/\/corrientesdetarde.com\/index.php\/wp-json\/wp\/v2\/tags?post=212615"}],"curies":[{"name":"wp","href":"https:\/\/api.w.org\/{rel}","templated":true}]}}