{"id":212652,"date":"2025-06-13T22:23:23","date_gmt":"2025-06-14T01:23:23","guid":{"rendered":"https:\/\/corrientesdetarde.com\/?p=212652"},"modified":"2025-06-13T22:23:35","modified_gmt":"2025-06-14T01:23:35","slug":"el-senado-provincial-emitio-su-preocupacion-por-la-situacion-critica-del-hospital-garrahan","status":"publish","type":"post","link":"https:\/\/corrientesdetarde.com\/index.php\/actualidad\/el-senado-provincial-emitio-su-preocupacion-por-la-situacion-critica-del-hospital-garrahan\/","title":{"rendered":"El Senado provincial emiti\u00f3 su preocupaci\u00f3n por la situaci\u00f3n cr\u00edtica del hospital Garrahan"},"content":{"rendered":"\n<p>En la sexta sesi\u00f3n ordinaria de la C\u00e1mara de Senadores de la provincia, obtuvo aprobaci\u00f3n el proyecto de Declaraci\u00f3n de Inter\u00e9s presentado por el senador Mart\u00edn Barrionuevo mediante el cual se expresa preocupaci\u00f3n por la situaci\u00f3n actual de vaciamiento presupuestario del Hospital Pedi\u00e1trico &#8220;Prof. Dr. Juan P. Garrahan&#8221;, uno de los centros de referencia m\u00e1s importantes en salud infantil en Argentina.<\/p>\n\n\n\n<p>Durante el a\u00f1o 2025, el Estado Nacional ha reducido en un 7,2% las transferencias al hospital, lo que ha llevado a que m\u00e9dicos residentes y profesionales reclamen salarios que se encuentran por debajo de la l\u00ednea de pobreza y a condiciones laborales cr\u00edticas. Cabe destacar que el hospital depende en un 80% de su presupuesto del Estado Nacional y un 20% del Gobierno de la Ciudad de Buenos Aires.<br>El conflicto se intensific\u00f3 con un paro de residentes, que r\u00e1pidamente se extendi\u00f3 a toda la planta, culminando en una movilizaci\u00f3n al Ministerio de Salud. Entre los reclamos m\u00e1s urgentes se encuentran:<\/p>\n\n\n\n<ul class=\"wp-block-list\">\n<li>Sueldos que no alcanzan la l\u00ednea de pobreza, con residentes recibiendo $797.061 en abril, mientras que la canasta b\u00e1sica asciende a $1.110.000.<\/li>\n\n\n\n<li>Presupuesto congelado desde 2023, con una ca\u00edda proyectada del 30% en t\u00e9rminos reales para 2025.<\/li>\n\n\n\n<li>Renuncias acumuladas que los m\u00e9dicos estiman en 200 desde 2023, aunque las autoridades del hospital reconocen 24 en lo que va del a\u00f1o.<\/li>\n\n\n\n<li>Falta de personal, sobrecarga laboral y carencias de insumos b\u00e1sicos para la atenci\u00f3n pedi\u00e1trica de alta complejidad.<br><br>PILAR DE LA SALUD P\u00daBLICA<br>El Hospital Garrahan, fundado en 1987, es un pilar en la salud p\u00fablica, gratuita y de alta complejidad en Argentina y Am\u00e9rica Latina. Atiende anualmente a 610 mil pacientes, realiza 12 mil cirug\u00edas y m\u00e1s de 110 trasplantes, con 587 camas, 132 de terapia intensiva, y el \u00fanico servicio p\u00fablico de radioterapia pedi\u00e1trica del pa\u00eds. Adem\u00e1s, cuenta con 200 consultorios y 20 quir\u00f3fanos, abarcando \u00e1reas clave como Trasplantes, Neonatolog\u00eda y la Unidad de Quemados.<br>En 2024, m\u00e1s de 2.200 ni\u00f1as y ni\u00f1os correntinos fueron derivados al Hospital Garrahan, entre ellos 62 pacientes de alta complejidad que requirieron internaci\u00f3n. A esta cifra se suman m\u00faltiples consultas por enfermedades cong\u00e9nitas, poco frecuentes y otras patolog\u00edas que no encuentran resoluci\u00f3n en el sistema sanitario local.<br>En este sentido, este proyecto de Declaraci\u00f3n impulsado por el senador Barrionuevo propone expresar la preocupaci\u00f3n por esta situaci\u00f3n y sostiene que es necesario abogar por un modelo de salud con un estado presente que brinde respuestas al cuidado integral a la comunidad con equidad, poniendo en valor el recurso humano como lo son los trabajadores de la salud.<\/li>\n<\/ul>\n\n\n\n<figure class=\"wp-block-image size-large\"><img loading=\"lazy\" decoding=\"async\" width=\"1024\" height=\"679\" src=\"https:\/\/corrientesdetarde.com\/wp-content\/uploads\/2025\/06\/image-554-1024x679.png\" alt=\"\" class=\"wp-image-212663\" srcset=\"https:\/\/corrientesdetarde.com\/wp-content\/uploads\/2025\/06\/image-554-1024x679.png 1024w, https:\/\/corrientesdetarde.com\/wp-content\/uploads\/2025\/06\/image-554-300x199.png 300w, https:\/\/corrientesdetarde.com\/wp-content\/uploads\/2025\/06\/image-554-768x509.png 768w, https:\/\/corrientesdetarde.com\/wp-content\/uploads\/2025\/06\/image-554.png 1120w\" sizes=\"auto, (max-width: 1024px) 100vw, 1024px\" \/><\/figure>\n","protected":false},"excerpt":{"rendered":"<p>En la sexta sesi\u00f3n ordinaria de la C\u00e1mara de Senadores de la provincia, obtuvo aprobaci\u00f3n el proyecto de Declaraci\u00f3n de Inter\u00e9s presentado por el senador Mart\u00edn Barrionuevo mediante el cual&hellip; <\/p>\n","protected":false},"author":4,"featured_media":212664,"comment_status":"closed","ping_status":"open","sticky":false,"template":"","format":"standard","meta":{"footnotes":""},"categories":[23],"tags":[],"class_list":["post-212652","post","type-post","status-publish","format-standard","has-post-thumbnail","hentry","category-actualidad"],"_links":{"self":[{"href":"https:\/\/corrientesdetarde.com\/index.php\/wp-json\/wp\/v2\/posts\/212652","targetHints":{"allow":["GET"]}}],"collection":[{"href":"https:\/\/corrientesdetarde.com\/index.php\/wp-json\/wp\/v2\/posts"}],"about":[{"href":"https:\/\/corrientesdetarde.com\/index.php\/wp-json\/wp\/v2\/types\/post"}],"author":[{"embeddable":true,"href":"https:\/\/corrientesdetarde.com\/index.php\/wp-json\/wp\/v2\/users\/4"}],"replies":[{"embeddable":true,"href":"https:\/\/corrientesdetarde.com\/index.php\/wp-json\/wp\/v2\/comments?post=212652"}],"version-history":[{"count":1,"href":"https:\/\/corrientesdetarde.com\/index.php\/wp-json\/wp\/v2\/posts\/212652\/revisions"}],"predecessor-version":[{"id":212665,"href":"https:\/\/corrientesdetarde.com\/index.php\/wp-json\/wp\/v2\/posts\/212652\/revisions\/212665"}],"wp:featuredmedia":[{"embeddable":true,"href":"https:\/\/corrientesdetarde.com\/index.php\/wp-json\/wp\/v2\/media\/212664"}],"wp:attachment":[{"href":"https:\/\/corrientesdetarde.com\/index.php\/wp-json\/wp\/v2\/media?parent=212652"}],"wp:term":[{"taxonomy":"category","embeddable":true,"href":"https:\/\/corrientesdetarde.com\/index.php\/wp-json\/wp\/v2\/categories?post=212652"},{"taxonomy":"post_tag","embeddable":true,"href":"https:\/\/corrientesdetarde.com\/index.php\/wp-json\/wp\/v2\/tags?post=212652"}],"curies":[{"name":"wp","href":"https:\/\/api.w.org\/{rel}","templated":true}]}}