{"id":213288,"date":"2025-06-18T03:16:12","date_gmt":"2025-06-18T06:16:12","guid":{"rendered":"https:\/\/corrientesdetarde.com\/?p=213288"},"modified":"2025-06-18T03:16:43","modified_gmt":"2025-06-18T06:16:43","slug":"el-gobierno-evacuo-la-embajada-argentina-en-iran-y-traslado-al-personal-a-azerbaiyan","status":"publish","type":"post","link":"https:\/\/corrientesdetarde.com\/index.php\/internacionales\/el-gobierno-evacuo-la-embajada-argentina-en-iran-y-traslado-al-personal-a-azerbaiyan\/","title":{"rendered":"El Gobierno evacu\u00f3 la embajada argentina en Ir\u00e1n y traslad\u00f3 al personal a Azerbaiy\u00e1n"},"content":{"rendered":"\n<p>Ante la escalada del conflicto, el personal diplom\u00e1tico nacional sali\u00f3 de Teher\u00e1n tras la orden de canciller\u00eda. Tambi\u00e9n se evacuaron los representantes de Brasil, Uruguay, Chile, Bolivia y M\u00e9xico.&nbsp;<\/p>\n\n\n\n<p>Mientras escala la tensi\u00f3n, el Gobierno orden\u00f3 evacuar la embajada argentina en Ir\u00e1n, ubicada en Teher\u00e1n, y traslad\u00f3 al personal diplom\u00e1tico a Azerbaiy\u00e1n.<\/p>\n\n\n\n<p>Los representantes de Brasil, Chile, M\u00e9xico, Uruguay y Bolivia tambi\u00e9n fueron evacuados.<\/p>\n\n\n\n<p>Ir\u00e1n advirti\u00f3 a sus ciudadanos que dejen de usar WhatsApp, Telegram y otras &#8220;aplicaciones basadas en la ubicaci\u00f3n&#8221; bajo el argumento de que &#8220;son los principales m\u00e9todos de Israel para identificar y atacar a individuos&#8221;. As\u00ed inform\u00f3 la agencia de noticias estatal de Ir\u00e1n, IRIB.<\/p>\n\n\n\n<p>&#8220;Tras los recientes ataques selectivos, incluida la muerte de cient\u00edficos, los informes de seguridad indican que el r\u00e9gimen utiliza el rastreo de tel\u00e9fonos m\u00f3viles para atacar a personas en Ir\u00e1n&#8221;, se\u00f1alaron.&nbsp;<br>El documento tambi\u00e9n orden\u00f3 a las personas apagar sus tel\u00e9fonos m\u00f3viles antes de cambiar de ubicaci\u00f3n. &#8220;Se recomienda a las personas abstenerse de llevar el tel\u00e9fono m\u00f3vil a lugares sensibles&#8221;.<\/p>\n","protected":false},"excerpt":{"rendered":"<p>Ante la escalada del conflicto, el personal diplom\u00e1tico nacional sali\u00f3 de Teher\u00e1n tras la orden de canciller\u00eda. Tambi\u00e9n se evacuaron los representantes de Brasil, Uruguay, Chile, Bolivia y M\u00e9xico.&nbsp; Mientras&hellip; <\/p>\n","protected":false},"author":4,"featured_media":213289,"comment_status":"closed","ping_status":"open","sticky":false,"template":"","format":"standard","meta":{"footnotes":""},"categories":[11],"tags":[],"class_list":["post-213288","post","type-post","status-publish","format-standard","has-post-thumbnail","hentry","category-internacionales"],"_links":{"self":[{"href":"https:\/\/corrientesdetarde.com\/index.php\/wp-json\/wp\/v2\/posts\/213288","targetHints":{"allow":["GET"]}}],"collection":[{"href":"https:\/\/corrientesdetarde.com\/index.php\/wp-json\/wp\/v2\/posts"}],"about":[{"href":"https:\/\/corrientesdetarde.com\/index.php\/wp-json\/wp\/v2\/types\/post"}],"author":[{"embeddable":true,"href":"https:\/\/corrientesdetarde.com\/index.php\/wp-json\/wp\/v2\/users\/4"}],"replies":[{"embeddable":true,"href":"https:\/\/corrientesdetarde.com\/index.php\/wp-json\/wp\/v2\/comments?post=213288"}],"version-history":[{"count":1,"href":"https:\/\/corrientesdetarde.com\/index.php\/wp-json\/wp\/v2\/posts\/213288\/revisions"}],"predecessor-version":[{"id":213290,"href":"https:\/\/corrientesdetarde.com\/index.php\/wp-json\/wp\/v2\/posts\/213288\/revisions\/213290"}],"wp:featuredmedia":[{"embeddable":true,"href":"https:\/\/corrientesdetarde.com\/index.php\/wp-json\/wp\/v2\/media\/213289"}],"wp:attachment":[{"href":"https:\/\/corrientesdetarde.com\/index.php\/wp-json\/wp\/v2\/media?parent=213288"}],"wp:term":[{"taxonomy":"category","embeddable":true,"href":"https:\/\/corrientesdetarde.com\/index.php\/wp-json\/wp\/v2\/categories?post=213288"},{"taxonomy":"post_tag","embeddable":true,"href":"https:\/\/corrientesdetarde.com\/index.php\/wp-json\/wp\/v2\/tags?post=213288"}],"curies":[{"name":"wp","href":"https:\/\/api.w.org\/{rel}","templated":true}]}}