{"id":213486,"date":"2025-06-19T09:28:08","date_gmt":"2025-06-19T12:28:08","guid":{"rendered":"https:\/\/corrientesdetarde.com\/?p=213486"},"modified":"2025-06-19T09:28:39","modified_gmt":"2025-06-19T12:28:39","slug":"caso-rose-el-relato-de-un-policia-comprometio-a-los-imputados","status":"publish","type":"post","link":"https:\/\/corrientesdetarde.com\/index.php\/crimen-y-justicia\/caso-rose-el-relato-de-un-policia-comprometio-a-los-imputados\/","title":{"rendered":"Caso Ros\u00e9: el relato de un polic\u00eda comprometi\u00f3 a los imputados"},"content":{"rendered":"\n<p>Avanza a paso firme el juicio oral y p\u00fablico contra seis efectivos policiales pertenecientes al Grupo de Intervenci\u00f3n R\u00e1pida, acusados de provocar la muerte por abandono de Lautaro Ros\u00e9, la noche del 8 de noviembre de 2021 y tambi\u00e9n de apremios ilegales y torturas contra un menor de 17 a\u00f1os que lo acompa\u00f1aba. Durante la \u00faltima jornada un efectivo de la fuerza situ\u00f3 a varios de los acusados en la escena y era la confirmaci\u00f3n que buscaba la querella para ubicar a los responsables en el lugar.<\/p>\n\n\n\n<p>Cerca de las 11 de este martes, la sala del Tribunal Oral Penal N\u00b01 fue nuevamente sede de otra jornada de juicio que se le sigue a seis integrantes del GIR y se escucharon esta vez los testimonios del subcomisario Mart\u00edn Billordo y un efectivo de la fuerza, Sebasti\u00e1n Rojas. El primero habr\u00eda manifestado que estuvo en la zona minutos antes de los incidentes y se pod\u00eda acceder normalmente y si bien hab\u00eda m\u00fasica fuerte, se pod\u00eda escuchar y mantener una conversaci\u00f3n normal.<\/p>\n\n\n\n<p>En tanto, para la querella, el testimonio de Rojas fue lo trascendente de la jornada, ya que sostuvo que adem\u00e1s de la patrulla del GIR, el suyo fue el primer m\u00f3vil en llegar a la escena tras los incidentes y pudo notar que se retiraba el veh\u00edculo del grupo policial, pero en el lugar hab\u00edan quedado tres efectivos con un menor aprehendido y esposado con las manos atr\u00e1s. Este dato respalda lo que ya hab\u00eda testificado oportunamente Ismael Meza, otra de las personas que observ\u00f3 el procedimiento.<\/p>\n\n\n\n<p>En la audiencia anterior, uno de los imputados hab\u00eda pedido declarar y denunci\u00f3 que sufri\u00f3 la desatenci\u00f3n de su abogado defensor &#8220;puesto&#8221; en su momento desde la Jefatura de Polic\u00eda y que continu\u00f3 tras el cambio de autoridades de la plana mayor. Se trata de Carlos Alfredo Prieto, quien se\u00f1al\u00f3 al doctor Buompadre por impedir su declaraci\u00f3n. Tambi\u00e9n apunt\u00f3 contra el Jefe de Polic\u00eda de intentar convencerlo de hacerse cargo del incidente y su fatal resultado, a cambio de &#8220;beneficio&#8221;; adem\u00e1s de amenazarlo. Tambi\u00e9n se dirigi\u00f3 contra las autoridades de Gobierno y el<\/p>\n\n\n\n<p>fiscal del caso. Seg\u00fan la visi\u00f3n del doctor Hermindo Gonz\u00e1lez, querellante en la causa, solo intenta instalar otro esc\u00e1ndalo en medio del debate y pidi\u00f3 que las denuncias sean derivadas para su investigaci\u00f3n.<\/p>\n\n\n\n<p>La causa, que tiene previsto el paso de alrededor de 28 testigos, ya est\u00e1 avanzada y la pr\u00f3xima audiencia se reanudar\u00e1 el 24 de junio desde las 10:30, con otros cuatro nuevos testigos.<\/p>\n\n\n\n<p>Los seis efectivos policiales del Grupo de Intervenciones R\u00e1pidas (GIR) se encuentran imputados por los delitos de &#8220;abandono de persona agravado por el resultado muerte; severidades e incumplimiento de los deberes de funcionario p\u00fablico&#8221;.<\/p>\n\n\n\n<p>Las partes<\/p>\n\n\n\n<p>El Tribunal est\u00e1 conformado por los doctores Ana del Carmen Figueredo como presidente del cuerpo, acompa\u00f1ada de Dar\u00edo Alejandro Ort\u00edz y Rom\u00e1n Facundo Esquivel como vocales. La secretaria de juicio es Tamara Lorena Brescovich.<\/p>\n\n\n\n<p>El fiscal de juicio es Carlos Jos\u00e9 L\u00e9rtora. La defensa de los imputados est\u00e1 a cargo de los abogados M\u00f3nica Monta\u00f1ez V\u00e1zquez (por Aguirre y Barber\u00e1n Robledo), Diego O. Falc\u00f3n (por Aveiro y Pruyas), y Carlos Navarro y Francisco Leguizam\u00f3n (por Romero y Prieto). Act\u00faan como querellantes conjuntos Herminio I. Gonz\u00e1lez y Sonia Gonz\u00e1lez.<\/p>\n\n\n\n<p>El delito de abandono de persona agravado por el resultado de muerte prev\u00e9 una pena de cinco a quince a\u00f1os de prisi\u00f3n.<\/p>\n\n\n\n<p>Por otra parte, el delito de severidades prev\u00e9 una pena de uno a cinco a\u00f1os y el de incumplimiento de los deberes una pena de uno a dos a\u00f1os de prisi\u00f3n.<\/p>\n","protected":false},"excerpt":{"rendered":"<p>Avanza a paso firme el juicio oral y p\u00fablico contra seis efectivos policiales pertenecientes al Grupo de Intervenci\u00f3n R\u00e1pida, acusados de provocar la muerte por abandono de Lautaro Ros\u00e9, la&hellip; <\/p>\n","protected":false},"author":1,"featured_media":213316,"comment_status":"closed","ping_status":"open","sticky":false,"template":"","format":"standard","meta":{"footnotes":""},"categories":[5],"tags":[],"class_list":["post-213486","post","type-post","status-publish","format-standard","has-post-thumbnail","hentry","category-crimen-y-justicia"],"_links":{"self":[{"href":"https:\/\/corrientesdetarde.com\/index.php\/wp-json\/wp\/v2\/posts\/213486","targetHints":{"allow":["GET"]}}],"collection":[{"href":"https:\/\/corrientesdetarde.com\/index.php\/wp-json\/wp\/v2\/posts"}],"about":[{"href":"https:\/\/corrientesdetarde.com\/index.php\/wp-json\/wp\/v2\/types\/post"}],"author":[{"embeddable":true,"href":"https:\/\/corrientesdetarde.com\/index.php\/wp-json\/wp\/v2\/users\/1"}],"replies":[{"embeddable":true,"href":"https:\/\/corrientesdetarde.com\/index.php\/wp-json\/wp\/v2\/comments?post=213486"}],"version-history":[{"count":1,"href":"https:\/\/corrientesdetarde.com\/index.php\/wp-json\/wp\/v2\/posts\/213486\/revisions"}],"predecessor-version":[{"id":213493,"href":"https:\/\/corrientesdetarde.com\/index.php\/wp-json\/wp\/v2\/posts\/213486\/revisions\/213493"}],"wp:featuredmedia":[{"embeddable":true,"href":"https:\/\/corrientesdetarde.com\/index.php\/wp-json\/wp\/v2\/media\/213316"}],"wp:attachment":[{"href":"https:\/\/corrientesdetarde.com\/index.php\/wp-json\/wp\/v2\/media?parent=213486"}],"wp:term":[{"taxonomy":"category","embeddable":true,"href":"https:\/\/corrientesdetarde.com\/index.php\/wp-json\/wp\/v2\/categories?post=213486"},{"taxonomy":"post_tag","embeddable":true,"href":"https:\/\/corrientesdetarde.com\/index.php\/wp-json\/wp\/v2\/tags?post=213486"}],"curies":[{"name":"wp","href":"https:\/\/api.w.org\/{rel}","templated":true}]}}