{"id":213490,"date":"2025-06-19T10:27:16","date_gmt":"2025-06-19T13:27:16","guid":{"rendered":"https:\/\/corrientesdetarde.com\/?p=213490"},"modified":"2025-06-19T10:27:47","modified_gmt":"2025-06-19T13:27:47","slug":"video-nino-de-2-anos-mato-a-su-madre-mientras-jugaba-con-la-pistola-de-su-papa","status":"publish","type":"post","link":"https:\/\/corrientesdetarde.com\/index.php\/policiales\/video-nino-de-2-anos-mato-a-su-madre-mientras-jugaba-con-la-pistola-de-su-papa\/","title":{"rendered":"V\u00eddeo: ni\u00f1o de 2 a\u00f1os mat\u00f3 a su madre mientras jugaba con la pistola de su pap\u00e1"},"content":{"rendered":"\n<p>Una terrible tragedia familiar gener\u00f3 consternaci\u00f3n en Brasil. Un hombre dej\u00f3 su arma sobre una mesa, la tom\u00f3 su hijo de dos a\u00f1os y al manipularla lanz\u00f3 un disparo que mat\u00f3 a su madre.<\/p>\n\n\n\n<p>Si bien la noticia trascendi\u00f3 las fronteras desde el martes, el drama se habr\u00eda desencadenado la noche del viernes 13 de junio, en una casa de la localidad de R\u00edo Verde, en el estado de Mato Grosso.<\/p>\n\n\n\n<p>Tal y como se pudo ver en el video de una c\u00e1mara de seguridad que capt\u00f3 el momento de la tragedia que se viraliz\u00f3, la familia compart\u00eda la noche en el patio trasero y, por causas que se investigan, el padre dej\u00f3 su pistola de 9 mil\u00edmetros sobre la mesa, mientras su peque\u00f1o hijo jugaba en el mismo lugar.<\/p>\n\n\n\n<p>Sobre esa l\u00ednea, aparentemente, los padres del menor no se dieron cuenta cuando \u00e9ste tom\u00f3 el arma y comenz\u00f3 a manipularla. De un segundo a otro, el peque\u00f1o accion\u00f3 el gatillo y dispar\u00f3 accidentalmente a su madre.<\/p>\n\n\n\n<p>En las im\u00e1genes de alta sensibilidad se observa a la mujer reaccionar al proyectil, mientras su marido y el peque\u00f1o se acercan a ella. Se intuye que el hombre al darse cuenta de la herida corre a pedir una ambulancia, a lo que se ve a la madre intentado correr detr\u00e1s de su hijo y cayendo a los pocos pasos, mientras el beb\u00e9, sin entender nada, se queda a su lado.<\/p>\n\n\n\n<figure class=\"wp-block-embed is-type-rich is-provider-twitter wp-block-embed-twitter\"><div class=\"wp-block-embed__wrapper\">\n<blockquote class=\"twitter-tweet\" data-width=\"550\" data-dnt=\"true\"><p lang=\"es\" dir=\"ltr\">\ud83d\udccc Ni\u00f1o de dos a\u00f1os mat\u00f3 a balazos a su propia madre<br><br>\u2666\ufe0f Manipulaba el arma de su pap\u00e1 y, pese a que lo hac\u00eda frente a ellos, en un momento dado el chico efectu\u00f3 dos tiros en contra de su mam\u00e1.<br><br>\ud83d\udccd Ocurri\u00f3 en Mato Grosso do Sul, Brasil.<br><br>\ud83d\udcf1 Seguinos en nuestro canal de WhatsApp:\u2026 <a href=\"https:\/\/t.co\/or0sPUlXrC\">pic.twitter.com\/or0sPUlXrC<\/a><\/p>&mdash; NPY Oficial (@npyoficial) <a href=\"https:\/\/twitter.com\/npyoficial\/status\/1934565390274752668?ref_src=twsrc%5Etfw\">June 16, 2025<\/a><\/blockquote><script async src=\"https:\/\/platform.twitter.com\/widgets.js\" charset=\"utf-8\"><\/script>\n<\/div><\/figure>\n\n\n\n<p><strong>Todos los detalles de la investigaci\u00f3n<\/strong><\/p>\n\n\n\n<p>La mujer de 27 a\u00f1os, identificada como D\u00e9borah Rodrigues Monteiro, fue trasladada de urgencia al hospital, pero no logr\u00f3 sobrevivir, report\u00f3 la cadena Globo.<\/p>\n\n\n\n<p>En cuanto al padre del beb\u00e9, la polic\u00eda tom\u00f3 declaraci\u00f3n al progenitor, quien comprob\u00f3 que la pistola estaba legalmente inscrita. De todos modos, le fue incautada junto a un cargador y 18 municiones.<\/p>\n\n\n\n<p>Si bien el hombre fue puesto en libertad, ser\u00e1 investigado por los posibles delitos de homicidio involuntario y un incumplimiento a las normas de precauci\u00f3n en la custodia de armas de fuego.<\/p>\n","protected":false},"excerpt":{"rendered":"<p>Una terrible tragedia familiar gener\u00f3 consternaci\u00f3n en Brasil. Un hombre dej\u00f3 su arma sobre una mesa, la tom\u00f3 su hijo de dos a\u00f1os y al manipularla lanz\u00f3 un disparo que&hellip; <\/p>\n","protected":false},"author":1,"featured_media":213497,"comment_status":"closed","ping_status":"open","sticky":false,"template":"","format":"standard","meta":{"footnotes":""},"categories":[33],"tags":[],"class_list":["post-213490","post","type-post","status-publish","format-standard","has-post-thumbnail","hentry","category-policiales"],"_links":{"self":[{"href":"https:\/\/corrientesdetarde.com\/index.php\/wp-json\/wp\/v2\/posts\/213490","targetHints":{"allow":["GET"]}}],"collection":[{"href":"https:\/\/corrientesdetarde.com\/index.php\/wp-json\/wp\/v2\/posts"}],"about":[{"href":"https:\/\/corrientesdetarde.com\/index.php\/wp-json\/wp\/v2\/types\/post"}],"author":[{"embeddable":true,"href":"https:\/\/corrientesdetarde.com\/index.php\/wp-json\/wp\/v2\/users\/1"}],"replies":[{"embeddable":true,"href":"https:\/\/corrientesdetarde.com\/index.php\/wp-json\/wp\/v2\/comments?post=213490"}],"version-history":[{"count":1,"href":"https:\/\/corrientesdetarde.com\/index.php\/wp-json\/wp\/v2\/posts\/213490\/revisions"}],"predecessor-version":[{"id":213498,"href":"https:\/\/corrientesdetarde.com\/index.php\/wp-json\/wp\/v2\/posts\/213490\/revisions\/213498"}],"wp:featuredmedia":[{"embeddable":true,"href":"https:\/\/corrientesdetarde.com\/index.php\/wp-json\/wp\/v2\/media\/213497"}],"wp:attachment":[{"href":"https:\/\/corrientesdetarde.com\/index.php\/wp-json\/wp\/v2\/media?parent=213490"}],"wp:term":[{"taxonomy":"category","embeddable":true,"href":"https:\/\/corrientesdetarde.com\/index.php\/wp-json\/wp\/v2\/categories?post=213490"},{"taxonomy":"post_tag","embeddable":true,"href":"https:\/\/corrientesdetarde.com\/index.php\/wp-json\/wp\/v2\/tags?post=213490"}],"curies":[{"name":"wp","href":"https:\/\/api.w.org\/{rel}","templated":true}]}}