{"id":213491,"date":"2025-06-19T09:31:54","date_gmt":"2025-06-19T12:31:54","guid":{"rendered":"https:\/\/corrientesdetarde.com\/?p=213491"},"modified":"2025-06-19T09:31:57","modified_gmt":"2025-06-19T12:31:57","slug":"la-enfermera-que-mato-a-cinco-bebes-fue-condena-a-cadena-perpetua","status":"publish","type":"post","link":"https:\/\/corrientesdetarde.com\/index.php\/crimen-y-justicia\/la-enfermera-que-mato-a-cinco-bebes-fue-condena-a-cadena-perpetua\/","title":{"rendered":"La enfermera que mat\u00f3 a cinco beb\u00e9s fue condena a cadena perpetua"},"content":{"rendered":"\n<p>Tras m\u00e1s de diez horas de debate, la C\u00e1mara en lo Criminal y Correccional de 7\u00b0 y un jurado popular condenaron a\u00a0<strong>la enfermera Brenda Ag\u00fcero a prisi\u00f3n perpetua\u00a0<\/strong>por la muerte de los cinco beb\u00e9s en el Hospital Neonatal Dr. Ram\u00f3n Carrillo de C\u00f3rdoba. A su vez,\u00a0<strong>fue declarada culpable por el intento de homicidio de otros ocho reci\u00e9n nacidos.<\/strong><\/p>\n\n\n\n<p><strong>Tambi\u00e9n fueron condenados<\/strong>&nbsp;la exdirectora del hospital, Liliana As\u00eds; la exjefa de neonatolog\u00eda del hospital, Martha G\u00f3mez Flores; Adriana Moralez, excoordinadora del comit\u00e9 de seguridad del paciente del hospital; el exsubdirector de gesti\u00f3n administrativa del hospital, Alejandro Escudero Salama, y el exsecretario de Salud, Pablo Carvajal.<\/p>\n\n\n\n<p>Por su parte,&nbsp;<strong>absolvieron al exministro de salud provincial<\/strong>, Diego Cardozo, y a cuatro autoridades del centro de salud.<\/p>\n\n\n\n<p>Tanto el fiscal Sergio Ruiz Moreno como la querella hab\u00edan pedido prisi\u00f3n perpetua para la enfermera. Durante los alegatos, insistieron con su culpabilidad y retomaron la conclusi\u00f3n de expertos de Polic\u00eda Judicial, que demostraron que solo Ag\u00fcero estuvo presente en todos los eventos tr\u00e1gicos.<\/p>\n\n\n\n<p>La audiencia del mi\u00e9rcoles comenz\u00f3 pasadas las 9:30 horas en la C\u00e1mara en lo Criminal y Correccional de 7\u00b0 y cerr\u00f3 el debate con el derecho a la \u00faltima palabra de Claudia Ringelheim, exjefa de tocoginecolog\u00eda cl\u00ednica y exsubdirectora del centro m\u00e9dico.<\/p>\n\n\n\n<p>Luego, el jurado popular pas\u00f3 a deliberar y el debate dur\u00f3 m\u00e1s de 10 horas hasta que se conoci\u00f3 finalmente el veredicto.<\/p>\n\n\n\n<p><strong>Una por una, las penas en el juicio por la muerte de los beb\u00e9s en el Neonatal de C\u00f3rdoba<\/strong><\/p>\n\n\n\n<ul class=\"wp-block-list\">\n<li><strong>Brenda Ag\u00fcero:<\/strong>\u00a0enfermera. Fue condenada a prisi\u00f3n perpetua por el<strong>\u00a0\u201chomicidio calificado por procedimiento insidioso reiterado en contexto de serialidad criminal por cinco hechos\u201d<\/strong>\u00a0(beb\u00e9s que murieron a las horas de nacer) y\u00a0<strong>\u201chomicidio calificado por procedimiento insidioso reiterado en contexto de serialidad criminal en grado de tentativo por ocho hechos\u201d<\/strong>\u00a0(beb\u00e9s que sobrevivieron a los ataques).<\/li>\n\n\n\n<li><strong>Liliana As\u00eds:<\/strong>\u00a0exdirectora del Hospital Materno-Neonatal.\u00a0<strong>Fue condenada a cinco a\u00f1os de prisi\u00f3n como coautora por encubrimiento<\/strong>\u00a0doblemente calificado por la gravedad del hecho precedente y por la calidad de funcionario p\u00fablico. Tambi\u00e9n por omisi\u00f3n de deberes de funcionario p\u00fablico y falsedad ideol\u00f3gica. Tambi\u00e9n le dieron cuatro de inhabilitaci\u00f3n para ejercer cargos p\u00fablicos.<\/li>\n\n\n\n<li><strong>Adriana Luisa Moralez:\u00a0<\/strong>excoordinadora del comit\u00e9 de seguridad del paciente del hospital. Fue condenada a<strong>\u00a0cinco a\u00f1os de prisi\u00f3n por omisi\u00f3n de deberes de funcionario p\u00fablico\u00a0<\/strong>en concurso ideal, por encubrimiento doblemente calificado por la gravedad del hecho precedente, por la calidad de funcionario p\u00fablico en concurso idea y por falsedad ideol\u00f3gica. Tambi\u00e9n le dieron cuatro a\u00f1os de inhabilitaci\u00f3n de cargos p\u00fablicos.<\/li>\n\n\n\n<li><strong>Pablo Carvajal:\u00a0<\/strong>exsecretario de Salud. Fue condenado a<strong>\u00a0cuatro a\u00f1os de prisi\u00f3n en suspenso por encubrimiento doblemente calificado<\/strong>\u00a0por la gravedad del hecho precedente y por la calidad de funcionario p\u00fablico, y tambi\u00e9n por omisi\u00f3n de deberes de funcionario p\u00fablico. En su caso, le dieron tres a\u00f1os y seis meses de inhabilitaci\u00f3n para ejercer cargos p\u00fablicos.<\/li>\n\n\n\n<li><strong>Alejandro Escudero Salama:<\/strong>\u00a0exsubdirector de gesti\u00f3n administrativa del hospital Neonatal. Fue condenado a\u00a0<strong>cinco a\u00f1os y cuatro meses de prisi\u00f3n en suspenso por los delitos de omisi\u00f3n de deberes de funcionario p\u00fablico<\/strong>\u00a0en concurso ideal, encubrimiento doblemente calificado por la gravedad del hecho precedente y por la calidad de funcionario p\u00fablico. Tambi\u00e9n fue inhabilitado por cuatro a\u00f1os a ejercer cargos p\u00fablicos.<\/li>\n\n\n\n<li><strong>Martha G\u00f3mez Flores:\u00a0<\/strong>exjefa de neonatolog\u00eda del hospital. Fue condenada a\u00a0<strong>cinco a\u00f1os de prisi\u00f3n por omisi\u00f3n de deberes de funcionario p\u00fablico\u00a0<\/strong>en concurso ideal, por encubrimiento doblemente calificado por la gravedad del hecho precedente y por la calidad de funcionario p\u00fablico en concurso ideal y por falsedad ideol\u00f3gica.<\/li>\n\n\n\n<li><strong>Diego Cardozo:\u00a0<\/strong>exministro de Salud provincial.<strong>\u00a0Fue absuelto por encubrimiento doblemente calificado\u00a0<\/strong>por la gravedad del hecho precedente y por la calidad de funcionario p\u00fablico, y tambi\u00e9n por omisi\u00f3n de deberes de funcionario p\u00fablico.<\/li>\n\n\n\n<li><strong>Alejandro Gauto:<\/strong>\u00a0es exsecretario de Coordinaci\u00f3n y gesti\u00f3n Administrativa del Ministerio de Salud provincial.<strong>\u00a0Fue absuelto por encubrimiento doblemente calificado<\/strong>\u00a0por la gravedad del hecho precedente y por la calidad de funcionario p\u00fablico.<\/li>\n\n\n\n<li><strong>Mar\u00eda Alejandra Luj\u00e1n:<\/strong>\u00a0es excoordinadora de la unidad de terapia intensiva neonatal, a cargo de la supervisi\u00f3n de neonatolog\u00eda en algunas guardias.\u00a0<strong>Fue absuelta por los delitos de omisi\u00f3n de deberes de funcionario p\u00fablico<\/strong>\u00a0en concurso ideal y falsedad ideol\u00f3gica.<\/li>\n\n\n\n<li><strong>Blanca Alicia Ariza:\u00a0<\/strong>exjefa de enfermer\u00eda del hospital Materno Neonatal.\u00a0<strong>Fue absuelta por el delito de omisi\u00f3n de deberes de funcionario p\u00fablico.<\/strong><\/li>\n\n\n\n<li><strong>Claudia Ringelheim:<\/strong>\u00a0exjefa de tocoginecolog\u00eda cl\u00ednica y exsubdirectora del hospital.\u00a0<strong>Fue absuelta por los delitos de omisi\u00f3n de deberes de funcionario p\u00fablico\u00a0<\/strong>en concurso ideal, encubrimiento doblemente calificado por la gravedad del hecho precedente y por la calidad de funcionario p\u00fablico.<\/li>\n<\/ul>\n\n\n\n<p><strong>\u201cSedientas de justicia\u201d: las expectativas de las familias de las v\u00edctimas<\/strong><\/p>\n\n\n\n<p><strong>Para las familias de los beb\u00e9s asesinados no fue f\u00e1cil este juicio,&nbsp;<\/strong>que empez\u00f3 los primeros d\u00edas de enero y del que nunca -ni en sus peores pesadillas- pensaron que iban a tener que vivir. Fue un proceso doloroso que las hizo revivir todo lo que pas\u00f3 en aquella sala de Neonatalog\u00eda en 2022.&nbsp;<strong>A casi tres a\u00f1os de que se destapara el horror, esperan conseguir justicia.<\/strong><\/p>\n\n\n\n<p>\u201cEstamos muy triste tener que pasar por todo esto. Nosotros deber\u00edamos estar con nuestros hijos hoy, no con esta tristeza, con estos sentimientos tan devastadores. Pero nos toc\u00f3 esto y&nbsp;<strong>el amor por nuestros hijos nos lleva a seguir luchando por la justicia que ellos merecen\u201d<\/strong>, expres\u00f3 a este medio Carolina,&nbsp;<strong>mam\u00e1 de Benjam\u00edn, una de las v\u00edctimas fatales<\/strong>, en la previa.<\/p>\n\n\n\n<p>Yosel\u00edn, mam\u00e1 de otra de las bebas que muri\u00f3 horas despu\u00e9s de haber nacido, lo vive nerviosa y con mucha esperanza: \u201cEstuvimos casi tres a\u00f1os con esta lucha y lo \u00fanico que siempre hemos buscado es justicia&#8221;.<\/p>\n\n\n\n<p>\u201cRogamos a Dios de que todo salga bien.&nbsp;<strong>Estamos tratando de sacar fuerzas y luchar para que lo nos pas\u00f3 no vuelva a pasar con otras criaturas<\/strong>. Por nuestros hijos y para que todo el sistema de salud cambie\u201d, enfatiz\u00f3 y pidi\u00f3: \u201cEsperemos que los jueces y el jurado popular tomen conciencia, que se pongan un mano al pecho y tomen la decisi\u00f3n correcta\u201d.<\/p>\n\n\n\n<p><strong>El abogado de los cinco beb\u00e9s muertos, Carlos Nayi,&nbsp;<\/strong>asegur\u00f3 que tiene todas las expectativas puestas en conseguir la condena de todos los acusados:&nbsp;<strong>\u201cVeredicto condenatorio, va a ser un d\u00eda hist\u00f3rico\u201d.<\/strong><\/p>\n\n\n\n<p><strong>\u201cLas familias est\u00e1n sedientas de justicia, no de venganza<\/strong>, sino la condigna sanci\u00f3n. Justicia es la manera de la sabia definici\u00f3n hel\u00e9nica, dar a cada uno lo suyo. Y cada uno es Brenda Ag\u00fcero y los diez funcionarios desde la m\u00e1xima autoridad sanitaria en la provincia hasta la \u00faltima enfermera. Ser\u00e1 un momento hist\u00f3rico en la Casa de la Justicia, para que todas comiencen a vivir el duelo por la muerte de estos angelitos ya en paz&#8221;, afirm\u00f3.<\/p>\n\n\n\n<p>En tanto, la letrada Daniela Morales Leanza -que representa a las familias de los sobrevivientes- complet\u00f3: \u201cEst\u00e1n tranquilas y con mucha confianza en la Justicia. Sabemos que todo fue acreditado en est\u00e1s audiencias, que las pruebas fueron contundentes y que no hay otra expectativa que la sentencia condenatoria para Brenda Ag\u00fcero y los dem\u00e1s exfuncionarios. Confiamos que as\u00ed ser\u00e1\u201d.<\/p>\n\n\n\n<p><strong>Qu\u00e9 paso en el Neonatal de C\u00f3rdoba<\/strong><\/p>\n\n\n\n<p><strong>Entre marzo y junio de 2022, la muerte de cinco beb\u00e9s y las secuelas sufridas por otros ocho&nbsp;<\/strong>en el Hospital Materno Neonatal encendieron las alarmas y dieron inicio a una investigaci\u00f3n judicial.<\/p>\n\n\n\n<p>Lo que al principio se consider\u00f3 un caso de presunta negligencia, dio un dr\u00e1stico vuelco cuando&nbsp;<strong>el Ministerio de Salud de C\u00f3rdoba detect\u00f3 un patr\u00f3n alarmante.<\/strong><\/p>\n\n\n\n<p><strong>Las autopsias y estudios preliminares revelaron indicios de acci\u00f3n deliberada&nbsp;<\/strong>al encontrarse sustancias no aptas en los cuerpos de las v\u00edctimas. Esto llev\u00f3 a una exhaustiva investigaci\u00f3n en la sala neonatal del hospital, donde&nbsp;<strong>Ag\u00fcero apareci\u00f3 como la principal sospechosa, aunque no la \u00fanica<\/strong>.<\/p>\n\n\n\n<p>M\u00e9dicos, otras enfermeras y personal administrativo tambi\u00e9n quedaron bajo la lupa. Entre los acusados se encuentra el exministro de Salud de C\u00f3rdoba, Diego Cardozo, se\u00f1alado por presuntas irregularidades en la supervisi\u00f3n del hospital durante su gesti\u00f3n.<\/p>\n","protected":false},"excerpt":{"rendered":"<p>Tras m\u00e1s de diez horas de debate, la C\u00e1mara en lo Criminal y Correccional de 7\u00b0 y un jurado popular condenaron a\u00a0la enfermera Brenda Ag\u00fcero a prisi\u00f3n perpetua\u00a0por la muerte&hellip; <\/p>\n","protected":false},"author":1,"featured_media":213495,"comment_status":"closed","ping_status":"open","sticky":false,"template":"","format":"standard","meta":{"footnotes":""},"categories":[5],"tags":[],"class_list":["post-213491","post","type-post","status-publish","format-standard","has-post-thumbnail","hentry","category-crimen-y-justicia"],"_links":{"self":[{"href":"https:\/\/corrientesdetarde.com\/index.php\/wp-json\/wp\/v2\/posts\/213491","targetHints":{"allow":["GET"]}}],"collection":[{"href":"https:\/\/corrientesdetarde.com\/index.php\/wp-json\/wp\/v2\/posts"}],"about":[{"href":"https:\/\/corrientesdetarde.com\/index.php\/wp-json\/wp\/v2\/types\/post"}],"author":[{"embeddable":true,"href":"https:\/\/corrientesdetarde.com\/index.php\/wp-json\/wp\/v2\/users\/1"}],"replies":[{"embeddable":true,"href":"https:\/\/corrientesdetarde.com\/index.php\/wp-json\/wp\/v2\/comments?post=213491"}],"version-history":[{"count":1,"href":"https:\/\/corrientesdetarde.com\/index.php\/wp-json\/wp\/v2\/posts\/213491\/revisions"}],"predecessor-version":[{"id":213496,"href":"https:\/\/corrientesdetarde.com\/index.php\/wp-json\/wp\/v2\/posts\/213491\/revisions\/213496"}],"wp:featuredmedia":[{"embeddable":true,"href":"https:\/\/corrientesdetarde.com\/index.php\/wp-json\/wp\/v2\/media\/213495"}],"wp:attachment":[{"href":"https:\/\/corrientesdetarde.com\/index.php\/wp-json\/wp\/v2\/media?parent=213491"}],"wp:term":[{"taxonomy":"category","embeddable":true,"href":"https:\/\/corrientesdetarde.com\/index.php\/wp-json\/wp\/v2\/categories?post=213491"},{"taxonomy":"post_tag","embeddable":true,"href":"https:\/\/corrientesdetarde.com\/index.php\/wp-json\/wp\/v2\/tags?post=213491"}],"curies":[{"name":"wp","href":"https:\/\/api.w.org\/{rel}","templated":true}]}}