{"id":213691,"date":"2025-06-20T10:00:33","date_gmt":"2025-06-20T13:00:33","guid":{"rendered":"https:\/\/corrientesdetarde.com\/?p=213691"},"modified":"2025-06-20T10:00:35","modified_gmt":"2025-06-20T13:00:35","slug":"imputaron-a-un-hombre-por-matar-a-un-ladron-que-ingreso-a-robar-en-su-casa","status":"publish","type":"post","link":"https:\/\/corrientesdetarde.com\/index.php\/policiales\/imputaron-a-un-hombre-por-matar-a-un-ladron-que-ingreso-a-robar-en-su-casa\/","title":{"rendered":"Imputaron a un hombre por matar a un ladr\u00f3n que ingres\u00f3 a robar en su casa"},"content":{"rendered":"\n<p>As\u00ed lo resolvi\u00f3 el Ministerio P\u00fablico Fiscal. El hecho ocurri\u00f3 en la madrugada del 13 de mayo. El delincuente fue baleado por el propietario del domicilio y termin\u00f3 falleciendo en el hospital.&nbsp;<\/p>\n\n\n\n<p>El Ministerio P\u00fablico Fiscal imput\u00f3 por &#8220;exceso en la legitima defensa&#8221; a W. Navarrete, quien el pasado 13 de may\u00f3 asesin\u00f3 de un balazo a un joven de 27 a\u00f1os cuando ingres\u00f3 a su domicilio con supuestos fines de robos.<\/p>\n\n\n\n<p>El crimen ocurri\u00f3 en horas de la madrugada en una vivienda ubicada por calle General Paz de la localidad correntina de Monte Caseros. La v\u00edctima se llamaba Brian Valent\u00edn Mi\u00f1o alias &#8220;Bebe&#8221;, quien ten\u00eda diversos antecedentes policiales y que \u2013inclusive- fue detenido en varias ocasiones por ser autor de m\u00faltiples atracos.&nbsp;<\/p>\n\n\n\n<p>Diario \u00e9poca pudo saber \u2013acorde a lo informado por fuentes policiales- que el due\u00f1o de casa despert\u00f3 al o\u00edr ruidos. En el momento de recorrer parte del inmueble sorprendi\u00f3 a un extra\u00f1o y en esa circunstancia se produjeron las detonaciones. Aunque fue alcanzado por un proyectil que da\u00f1\u00f3 \u00f3rganos vitales, &#8220;Beb\u00e9&#8221; logr\u00f3 salir de la casa pero posteriormente cay\u00f3 desplomado en la v\u00eda p\u00fablica, pr\u00f3ximo a la esquina con calle C\u00f3rdoba. Su muerte se produjo en el hospital, en donde fue trasladado en un patrullero de la Polic\u00eda.<\/p>\n\n\n\n<figure class=\"wp-block-image\"><img decoding=\"async\" src=\"https:\/\/www.diarioepoca.com\/content\/bucket\/1\/1434611w459h562c.jpg.webp\" alt=\"\"\/><figcaption class=\"wp-element-caption\">&#8220;Bebe&#8221; Mi\u00f1o muri\u00f3 en el hospital en donde fue trasladado ensangrentado en un patrullero<\/figcaption><\/figure>\n\n\n\n<p>Seg\u00fan el informe preliminar de autopsia estableci\u00f3 que Mi\u00f1o falleci\u00f3 producto de un solo proyectil que ingres\u00f3 en su espalda a la altura del ri\u00f1\u00f3n derecho; con orificio de entrada pero sin orificio de salida. Se dej\u00f3 constancia que la herida recibida por la bala fue letal, debido que el proyectil cort\u00f3 una arteria lo que le produjo una muerte s\u00fabita.&nbsp;<\/p>\n","protected":false},"excerpt":{"rendered":"<p>As\u00ed lo resolvi\u00f3 el Ministerio P\u00fablico Fiscal. El hecho ocurri\u00f3 en la madrugada del 13 de mayo. El delincuente fue baleado por el propietario del domicilio y termin\u00f3 falleciendo en&hellip; <\/p>\n","protected":false},"author":3,"featured_media":213696,"comment_status":"closed","ping_status":"open","sticky":false,"template":"","format":"standard","meta":{"footnotes":""},"categories":[33],"tags":[],"class_list":["post-213691","post","type-post","status-publish","format-standard","has-post-thumbnail","hentry","category-policiales"],"_links":{"self":[{"href":"https:\/\/corrientesdetarde.com\/index.php\/wp-json\/wp\/v2\/posts\/213691","targetHints":{"allow":["GET"]}}],"collection":[{"href":"https:\/\/corrientesdetarde.com\/index.php\/wp-json\/wp\/v2\/posts"}],"about":[{"href":"https:\/\/corrientesdetarde.com\/index.php\/wp-json\/wp\/v2\/types\/post"}],"author":[{"embeddable":true,"href":"https:\/\/corrientesdetarde.com\/index.php\/wp-json\/wp\/v2\/users\/3"}],"replies":[{"embeddable":true,"href":"https:\/\/corrientesdetarde.com\/index.php\/wp-json\/wp\/v2\/comments?post=213691"}],"version-history":[{"count":1,"href":"https:\/\/corrientesdetarde.com\/index.php\/wp-json\/wp\/v2\/posts\/213691\/revisions"}],"predecessor-version":[{"id":213723,"href":"https:\/\/corrientesdetarde.com\/index.php\/wp-json\/wp\/v2\/posts\/213691\/revisions\/213723"}],"wp:featuredmedia":[{"embeddable":true,"href":"https:\/\/corrientesdetarde.com\/index.php\/wp-json\/wp\/v2\/media\/213696"}],"wp:attachment":[{"href":"https:\/\/corrientesdetarde.com\/index.php\/wp-json\/wp\/v2\/media?parent=213691"}],"wp:term":[{"taxonomy":"category","embeddable":true,"href":"https:\/\/corrientesdetarde.com\/index.php\/wp-json\/wp\/v2\/categories?post=213691"},{"taxonomy":"post_tag","embeddable":true,"href":"https:\/\/corrientesdetarde.com\/index.php\/wp-json\/wp\/v2\/tags?post=213691"}],"curies":[{"name":"wp","href":"https:\/\/api.w.org\/{rel}","templated":true}]}}