{"id":213703,"date":"2025-06-20T11:01:49","date_gmt":"2025-06-20T14:01:49","guid":{"rendered":"https:\/\/corrientesdetarde.com\/?p=213703"},"modified":"2025-06-20T11:01:51","modified_gmt":"2025-06-20T14:01:51","slug":"juan-pablo-de-gran-hermano-rompio-el-silencio-sobre-la-foto-en-la-que-esta-desnudo","status":"publish","type":"post","link":"https:\/\/corrientesdetarde.com\/index.php\/espectaculos\/juan-pablo-de-gran-hermano-rompio-el-silencio-sobre-la-foto-en-la-que-esta-desnudo\/","title":{"rendered":"Juan Pablo de &#8220;Gran Hermano&#8221; rompi\u00f3 el silencio sobre la foto en la que est\u00e1 desnudo"},"content":{"rendered":"\n<p>El exparticipante explic\u00f3 de d\u00f3nde sali\u00f3 la imagen de la que todo el mundo habla.&nbsp;<\/p>\n\n\n\n<p>Desde que sali\u00f3 de Gran Hermano 2025 (Telefe), Juan Pablo &#8220;Devi&#8221; De Vigili se transform\u00f3 en un fen\u00f3meno en las redes: todos buscan hablar de \u00e9l.<\/p>\n\n\n\n<p>Es por eso que estos d\u00edas se produjo una fuerte pol\u00e9mica con Furia Scaglione que para chicanear al exparticipante, comparti\u00f3 una foto que le lleg\u00f3 de \u00e9l desnudo.<\/p>\n\n\n\n<h3 class=\"wp-block-heading\">Qu\u00e9 dijo Juan Pablo de Gran Hermano de su foto desnudo<\/h3>\n\n\n\n<p>Invitado a LAM (Am\u00e9rica), Juan Pablo habl\u00f3 por primera vez de esa imagen, de la que no sab\u00eda que se hab\u00eda filtrado en las redes.<\/p>\n\n\n\n<p>&#8220;\u00bfViste lo que te puso Furia?&#8221;, pregunt\u00f3 \u00c1ngel de Brito. &#8220;Me parece que vi algo&#8221;, respondi\u00f3 Devi y se sonri\u00f3 al ver la imagen en cuesti\u00f3n.<\/p>\n\n\n\n<p>&#8220;Lo \u00fanico bueno que ten\u00eda para dar y ni lo mostr\u00f3&#8221;, escribi\u00f3 Furia junto a la imagen en cuesti\u00f3n en su cuenta de X. &#8220;Es un papel\u00f3n&#8221;, repiti\u00f3 Devi, varias veces. &#8220;\u00bfDe d\u00f3nde sacaron esa foto?&#8221;, pregunt\u00f3 de manera certera Melody Luz.<\/p>\n\n\n\n<figure class=\"wp-block-image\"><img decoding=\"async\" src=\"https:\/\/www.diarioepoca.com\/content\/bucket\/5\/1434635w790h497c.jpg.webp\" alt=\"\"\/><\/figure>\n\n\n\n<p>&#8220;Y la verdad es que uno conf\u00eda y a veces conf\u00eda en personas equivocadas, pero no importa. Yo no lo har\u00eda jam\u00e1s. Me parece que hay que tomarlo como de quien viene&#8221;, explic\u00f3 el medi\u00e1tico.<\/p>\n\n\n\n<p>&#8220;Entonces, alguien te traicion\u00f3 con esta foto&#8221;, afirm\u00f3 el conductor del ciclo. &#8220;Supongo. Entiendo que est\u00e1 censurado, que no se vio en su totalidad, pero es un papel\u00f3n y una verg\u00fcenza. No est\u00e1 bueno, sino lo publicaba en Instagram&#8221;, reflexion\u00f3 el exparticipante.<\/p>\n\n\n\n<p>La que hizo circular la foto en primera instancia fue Furia Scaglione. A partir de una respuesta a una seguidora, la imagen de Devi no tard\u00f3 en viralizarse y muchos usuarios la cuestionaron por filtrar una postal tan \u00edntima.<\/p>\n\n\n\n<p>Dado el fuerte repudio que gener\u00f3 la publicaci\u00f3n, Furia decidi\u00f3 eliminarla de su perfil. Sin embargo, al empezar a circular, varias compa\u00f1eras de Devi de esta edici\u00f3n quedaron impactadas. Una de ellas fue Chiara Mancuso que durante un vivo expuso su sorpresa al ser testigo de la postal.<\/p>\n\n\n\n<p>&#8220;Estoy viendo una foto de Devi en pe&#8230;&#8221;, lanz\u00f3 la exparticipante del reality con cara de mucho asombro y sin reparar que ese comentario que le dec\u00eda a una amiga se escuchaba en la transmisi\u00f3n.<\/p>\n\n\n\n<p>Luego, sus palabras fueron m\u00e1s expl\u00edcitas al pedir que le mostraran otra vez la foto en cuesti\u00f3n. &#8220;Ah, pero est\u00e1 rebueno, bol..&#8221;, coment\u00f3 e inmediatamente se tap\u00f3 la boca. &#8220;Ay, y yo en el vivo&#8221;, exclam\u00f3, al darse cuenta de que todos los comentarios pod\u00edan volverse virales, que es exactamente lo que ocurri\u00f3.\u00a0<\/p>\n","protected":false},"excerpt":{"rendered":"<p>El exparticipante explic\u00f3 de d\u00f3nde sali\u00f3 la imagen de la que todo el mundo habla.&nbsp; Desde que sali\u00f3 de Gran Hermano 2025 (Telefe), Juan Pablo &#8220;Devi&#8221; De Vigili se transform\u00f3&hellip; <\/p>\n","protected":false},"author":3,"featured_media":213706,"comment_status":"closed","ping_status":"open","sticky":false,"template":"","format":"standard","meta":{"footnotes":""},"categories":[19],"tags":[],"class_list":["post-213703","post","type-post","status-publish","format-standard","has-post-thumbnail","hentry","category-espectaculos"],"_links":{"self":[{"href":"https:\/\/corrientesdetarde.com\/index.php\/wp-json\/wp\/v2\/posts\/213703","targetHints":{"allow":["GET"]}}],"collection":[{"href":"https:\/\/corrientesdetarde.com\/index.php\/wp-json\/wp\/v2\/posts"}],"about":[{"href":"https:\/\/corrientesdetarde.com\/index.php\/wp-json\/wp\/v2\/types\/post"}],"author":[{"embeddable":true,"href":"https:\/\/corrientesdetarde.com\/index.php\/wp-json\/wp\/v2\/users\/3"}],"replies":[{"embeddable":true,"href":"https:\/\/corrientesdetarde.com\/index.php\/wp-json\/wp\/v2\/comments?post=213703"}],"version-history":[{"count":1,"href":"https:\/\/corrientesdetarde.com\/index.php\/wp-json\/wp\/v2\/posts\/213703\/revisions"}],"predecessor-version":[{"id":213733,"href":"https:\/\/corrientesdetarde.com\/index.php\/wp-json\/wp\/v2\/posts\/213703\/revisions\/213733"}],"wp:featuredmedia":[{"embeddable":true,"href":"https:\/\/corrientesdetarde.com\/index.php\/wp-json\/wp\/v2\/media\/213706"}],"wp:attachment":[{"href":"https:\/\/corrientesdetarde.com\/index.php\/wp-json\/wp\/v2\/media?parent=213703"}],"wp:term":[{"taxonomy":"category","embeddable":true,"href":"https:\/\/corrientesdetarde.com\/index.php\/wp-json\/wp\/v2\/categories?post=213703"},{"taxonomy":"post_tag","embeddable":true,"href":"https:\/\/corrientesdetarde.com\/index.php\/wp-json\/wp\/v2\/tags?post=213703"}],"curies":[{"name":"wp","href":"https:\/\/api.w.org\/{rel}","templated":true}]}}