{"id":214032,"date":"2025-06-22T13:14:01","date_gmt":"2025-06-22T16:14:01","guid":{"rendered":"https:\/\/corrientesdetarde.com\/?p=214032"},"modified":"2025-06-23T08:21:04","modified_gmt":"2025-06-23T11:21:04","slug":"murio-un-conductor-en-corrientes-tras-salir-despedido-al-volcar-su-automovil","status":"publish","type":"post","link":"https:\/\/corrientesdetarde.com\/index.php\/actualidad\/murio-un-conductor-en-corrientes-tras-salir-despedido-al-volcar-su-automovil\/","title":{"rendered":"Muri\u00f3 un conductor en Corrientes tras salir despedido al volcar su autom\u00f3vil"},"content":{"rendered":"\n<p>Ocurri\u00f3 en la noche del s\u00e1bado. A\u00fan se investigan&nbsp;las razones por las que perdi\u00f3 el control del veh\u00edculo<\/p>\n\n\n\n<p>La Polic\u00eda de Corrientes inform\u00f3 que en la noche del s\u00e1bado se produjo un fatal accidente en la capital correntina. Como resultado del vuelco de un veh\u00edculo, el conductor muri\u00f3.<\/p>\n\n\n\n<p>Fuentes oficiales confirmaron que alrededor de las 23 del s\u00e1bado, sobre avenida Maip\u00fa, casi ruta 12, un autom\u00f3vil marca Fiat, modelo Duna, volc\u00f3 sobre la cinta asf\u00e1ltica.<\/p>\n\n\n\n<figure class=\"wp-block-image\"><img decoding=\"async\" src=\"https:\/\/pxcdn.ellitoral.com.ar\/litoral\/062025\/1750594004162.jpeg?cw=446\" alt=\"Muri\u00f3 un conductor en Corrientes tras salir despedido al volcar su autom\u00f3vil\" title=\"Muri\u00f3 un conductor en Corrientes tras salir despedido al volcar su autom\u00f3vil-\"\/><\/figure>\n\n\n\n<p>El conductor del veh\u00edculo, de apellido Alvarenga, de 43&nbsp;a\u00f1os, no usaba el cintur\u00f3n de seguridad por lo que sali\u00f3 despedido por el parabrisas al momento del accidente.<\/p>\n\n\n\n<p>Se confirm\u00f3 que Alvarenga muri\u00f3 en el lugar, mientras a\u00fan se investigan las causas por las que perdi\u00f3 el control del autom\u00f3vil.<\/p>\n\n\n\n<p>En el lugar actuaron los efectivos de la Comisar\u00eda XIV Urbana, quienes realizaron las diligencias correspondientes.<\/p>\n\n\n\n<p>Datos oficiales confirmaron que con este hecho se contabilizan 78 v\u00edctimas por accidentes viales en lo que va de 2025, siendo 17 oriundas de Capital y 62 del interior.<\/p>\n","protected":false},"excerpt":{"rendered":"<p>Ocurri\u00f3 en la noche del s\u00e1bado. A\u00fan se investigan&nbsp;las razones por las que perdi\u00f3 el control del veh\u00edculo La Polic\u00eda de Corrientes inform\u00f3 que en la noche del s\u00e1bado se&hellip; <\/p>\n","protected":false},"author":4,"featured_media":214033,"comment_status":"closed","ping_status":"open","sticky":false,"template":"","format":"standard","meta":{"footnotes":""},"categories":[23,33],"tags":[],"class_list":["post-214032","post","type-post","status-publish","format-standard","has-post-thumbnail","hentry","category-actualidad","category-policiales"],"_links":{"self":[{"href":"https:\/\/corrientesdetarde.com\/index.php\/wp-json\/wp\/v2\/posts\/214032","targetHints":{"allow":["GET"]}}],"collection":[{"href":"https:\/\/corrientesdetarde.com\/index.php\/wp-json\/wp\/v2\/posts"}],"about":[{"href":"https:\/\/corrientesdetarde.com\/index.php\/wp-json\/wp\/v2\/types\/post"}],"author":[{"embeddable":true,"href":"https:\/\/corrientesdetarde.com\/index.php\/wp-json\/wp\/v2\/users\/4"}],"replies":[{"embeddable":true,"href":"https:\/\/corrientesdetarde.com\/index.php\/wp-json\/wp\/v2\/comments?post=214032"}],"version-history":[{"count":1,"href":"https:\/\/corrientesdetarde.com\/index.php\/wp-json\/wp\/v2\/posts\/214032\/revisions"}],"predecessor-version":[{"id":214034,"href":"https:\/\/corrientesdetarde.com\/index.php\/wp-json\/wp\/v2\/posts\/214032\/revisions\/214034"}],"wp:featuredmedia":[{"embeddable":true,"href":"https:\/\/corrientesdetarde.com\/index.php\/wp-json\/wp\/v2\/media\/214033"}],"wp:attachment":[{"href":"https:\/\/corrientesdetarde.com\/index.php\/wp-json\/wp\/v2\/media?parent=214032"}],"wp:term":[{"taxonomy":"category","embeddable":true,"href":"https:\/\/corrientesdetarde.com\/index.php\/wp-json\/wp\/v2\/categories?post=214032"},{"taxonomy":"post_tag","embeddable":true,"href":"https:\/\/corrientesdetarde.com\/index.php\/wp-json\/wp\/v2\/tags?post=214032"}],"curies":[{"name":"wp","href":"https:\/\/api.w.org\/{rel}","templated":true}]}}