{"id":214037,"date":"2025-06-22T21:19:58","date_gmt":"2025-06-23T00:19:58","guid":{"rendered":"https:\/\/corrientesdetarde.com\/?p=214037"},"modified":"2025-06-22T21:19:59","modified_gmt":"2025-06-23T00:19:59","slug":"carumbe-reeditara-su-enredo-de-1976-y-presentara-los-locos-anos-20","status":"publish","type":"post","link":"https:\/\/corrientesdetarde.com\/index.php\/eventossociedad\/carumbe-reeditara-su-enredo-de-1976-y-presentara-los-locos-anos-20\/","title":{"rendered":"Carumb\u00e9 reeditar\u00e1 su enredo de 1976 y presentar\u00e1 &#8220;Los locos a\u00f1os 20&#8221;"},"content":{"rendered":"\n<p>Carumb\u00e9 confirm\u00f3 que en 2026 llevar\u00e1 a escena &#8220;Los locos a\u00f1os 20&#8221;, una reedici\u00f3n del enredo presentado en 1976. Tomar\u00e1 como eje una d\u00e9cada de cambios culturales y el auge de nuevas expresiones art\u00edsticas tras el final de la Primera Guerra Mundial.&nbsp;Fue confirmado por Intermirarte.<\/p>\n\n\n\n<p>La llamada &#8220;era del jazz&#8221; instal\u00f3 nuevos h\u00e1bitos, y el protagonismo de sectores que hasta entonces hab\u00edan sido desplazados. Las mujeres j\u00f3venes, identificadas como &#8220;flappers&#8221;, adoptaron una est\u00e9tica distinta, dejaron atr\u00e1s el cors\u00e9, bailaron charleston, fumaron en p\u00fablico y circularon por espacios que antes les eran negados.<\/p>\n\n\n\n<p>La d\u00e9cada tambi\u00e9n puso en el centro de la escena a figuras como Virginia Woolf, Alfonsina Storni y Coco Chanel, en un contexto atravesado por la literatura, el cine, la m\u00fasica afroamericana y las primeras celebridades urbanas.&nbsp;Seg\u00fan Alfredo D\u00edaz Florentin.<\/p>\n\n\n\n<p>La reedici\u00f3n har\u00e1 referencia a la expansi\u00f3n de una cultura masiva que conect\u00f3 ciudades como Nueva York, Par\u00eds, Buenos Aires y Pek\u00edn, y que impact\u00f3 tanto en el arte como en los consumos cotidianos.&nbsp;<\/p>\n","protected":false},"excerpt":{"rendered":"<p>Carumb\u00e9 confirm\u00f3 que en 2026 llevar\u00e1 a escena &#8220;Los locos a\u00f1os 20&#8221;, una reedici\u00f3n del enredo presentado en 1976. Tomar\u00e1 como eje una d\u00e9cada de cambios culturales y el auge&hellip; <\/p>\n","protected":false},"author":1,"featured_media":214038,"comment_status":"closed","ping_status":"open","sticky":false,"template":"","format":"standard","meta":{"footnotes":""},"categories":[1208],"tags":[],"class_list":["post-214037","post","type-post","status-publish","format-standard","has-post-thumbnail","hentry","category-eventossociedad"],"_links":{"self":[{"href":"https:\/\/corrientesdetarde.com\/index.php\/wp-json\/wp\/v2\/posts\/214037","targetHints":{"allow":["GET"]}}],"collection":[{"href":"https:\/\/corrientesdetarde.com\/index.php\/wp-json\/wp\/v2\/posts"}],"about":[{"href":"https:\/\/corrientesdetarde.com\/index.php\/wp-json\/wp\/v2\/types\/post"}],"author":[{"embeddable":true,"href":"https:\/\/corrientesdetarde.com\/index.php\/wp-json\/wp\/v2\/users\/1"}],"replies":[{"embeddable":true,"href":"https:\/\/corrientesdetarde.com\/index.php\/wp-json\/wp\/v2\/comments?post=214037"}],"version-history":[{"count":1,"href":"https:\/\/corrientesdetarde.com\/index.php\/wp-json\/wp\/v2\/posts\/214037\/revisions"}],"predecessor-version":[{"id":214039,"href":"https:\/\/corrientesdetarde.com\/index.php\/wp-json\/wp\/v2\/posts\/214037\/revisions\/214039"}],"wp:featuredmedia":[{"embeddable":true,"href":"https:\/\/corrientesdetarde.com\/index.php\/wp-json\/wp\/v2\/media\/214038"}],"wp:attachment":[{"href":"https:\/\/corrientesdetarde.com\/index.php\/wp-json\/wp\/v2\/media?parent=214037"}],"wp:term":[{"taxonomy":"category","embeddable":true,"href":"https:\/\/corrientesdetarde.com\/index.php\/wp-json\/wp\/v2\/categories?post=214037"},{"taxonomy":"post_tag","embeddable":true,"href":"https:\/\/corrientesdetarde.com\/index.php\/wp-json\/wp\/v2\/tags?post=214037"}],"curies":[{"name":"wp","href":"https:\/\/api.w.org\/{rel}","templated":true}]}}