{"id":214121,"date":"2025-06-23T14:06:07","date_gmt":"2025-06-23T17:06:07","guid":{"rendered":"https:\/\/corrientesdetarde.com\/?p=214121"},"modified":"2025-06-23T14:06:11","modified_gmt":"2025-06-23T17:06:11","slug":"karina-milei-recibira-manana-a-ritondo-y-santilli-para-afinar-detalles-del-acuerdo-lla-pro","status":"publish","type":"post","link":"https:\/\/corrientesdetarde.com\/index.php\/politica\/karina-milei-recibira-manana-a-ritondo-y-santilli-para-afinar-detalles-del-acuerdo-lla-pro\/","title":{"rendered":"Karina Milei recibir\u00e1 ma\u00f1ana a Ritondo y Santilli para afinar detalles del acuerdo LLA-PRO"},"content":{"rendered":"\n<p>Desde ambos espacios aseguraron que competir\u00e1n juntos en las elecciones del 7 de septiembre. Sin embargo, desde el oficialismo indican que quieren que la boleta sea 100% violeta.<\/p>\n\n\n\n<p><a href=\"https:\/\/tn.com.ar\/autor\/Josefina-Godoy-Martinez\/\"><\/a>Este martes <strong>Karina Milei<\/strong>, secretaria General de la Presidencia y presidenta de\u00a0<strong>La Libertad Avanza<\/strong>,\u00a0se reunir\u00e1 con\u00a0<strong>Cristian Ritondo\u00a0y\u00a0Diego Santilli,\u00a0<\/strong>del\u00a0<strong>PRO,\u00a0<\/strong>en Casa Rosada.El objetivo del encuentro es definir los detalles del frente electoral que acordaron para las\u00a0<strong>elecciones de Buenos Aires.<\/strong><\/p>\n\n\n\n<p>El 9 de julio es el plazo que tienen ambos espacios para presentar la alianza de partidos. Esta ser\u00e1 de car\u00e1cter transitorio, ya que&nbsp;<strong>solo tiene el fin de participar<\/strong>&nbsp;en la elecci\u00f3n legislativa del<strong>&nbsp;7 de septiembre.<\/strong><\/p>\n\n\n\n<figure class=\"wp-block-image\"><img decoding=\"async\" src=\"https:\/\/tn.com.ar\/resizer\/v2\/cristian-ritondo-y-diego-santilli-se-reuniran-nuevamente-con-el-gobierno-por-el-acuerdo-lla-pro-foto-captura-de-video-FLBGKNIFW5FFHGIZHGADL3NLTU.jpg?auth=63b1ff1d9d30130541044541aee59b04ee4d42e163f8826a5106e435db99f6bd&amp;width=767\" alt=\"Cristian Ritondo y Diego Santilli se reunir\u00e1n nuevamente con el Gobierno por el acuerdo LLA-PRO. (Foto: captura de video).\"\/><\/figure>\n\n\n\n<p>En la reuni\u00f3n tambi\u00e9n estar\u00e1 Sebasti\u00e1n Pareja, armador de PBA que llev\u00f3 el di\u00e1logo con el PRO, y&nbsp;<strong>Eduardo \u201cLule\u201d Menem,&nbsp;<\/strong>funcionario de extrema confianza de la hermana del Presidente.<\/p>\n\n\n\n<h2 class=\"wp-block-heading\">La resistencia de los intendentes del PRO<\/h2>\n\n\n\n<p>La cumbre de este martes se dar\u00e1 luego del\u00a0Zoom que tendr\u00e1 Ritondo con los intendentes de PBA.\u00a0Desde la \u00f3rbita de uno de los participantes del encuentro aseguraron que la idea de la videoconferencia es encontrar definiciones, porque hay dirigentes municipales que\u00a0<strong>\u201cno est\u00e1n dispuestos a cerrar las listas como LLA quiere\u201d.<\/strong><\/p>\n\n\n\n<p>La resistencia por parte de los intendentes es la forma que encontraron para tener prioridad en el armado de listas, aunque<strong>&nbsp;no tienen confirmado que eso ocurra.<\/strong><\/p>\n\n\n\n<figure class=\"wp-block-image\"><img decoding=\"async\" src=\"https:\/\/tn.com.ar\/resizer\/v2\/los-intendentes-del-pro-se-reuniran-el-lunes-de-manera-virtual-con-cristian-ritondo-para-discutir-el-acuerdo-con-la-libertad-avanza-foto-pro-ADFRQJD7DVGBNAFXJT65MCHL6M.jpg?auth=d77ea5c2094830c5b5b9fd09de36ab27aafd35d6a388f4a64ac8dc6596df897a&amp;width=767\" alt=\"Los intendentes del PRO se reunir\u00e1n el lunes de manera virtual con Cristian Ritondo para discutir el acuerdo con La Libertad Avanza. (Foto: PRO)\"\/><\/figure>\n\n\n\n<p>En este contexto, desde ambos partidos indican que se hablar\u00e1 del tema este martes. \u201cAlgunos intendentes del PRO se creen due\u00f1os de la localidad,&nbsp;<strong>van a querer imponer candidatos<\/strong>. No son todos los que tienen esa actitud, los de Ritondo y Santilli por suerte no\u201d, expres\u00f3 una fuente del entorno de LLA en Provincia.<\/p>\n\n\n\n<p>Es por eso que se espera que, junto a&nbsp;<strong>Karina Milei<\/strong>, se termine de definir qu\u00e9 rol toman estos funcionarios del partido de Macri y&nbsp;<strong>qui\u00e9nes se sumar\u00e1n al frente electoral.&nbsp;<\/strong>Seg\u00fan pudo saber&nbsp;<strong>TN<\/strong>, las zonas negociables son aquellos lugares donde hay dirigentes del PRO&nbsp;<strong>\u201cque miden bien y que le dan un plus a la marca de LLA\u201d.<\/strong><\/p>\n\n\n\n<p>Por otro lado, en las filas libertarias aseguraron que la pol\u00e9mica sobre c\u00f3mo ser\u00e1n las boletas se termin\u00f3: \u201cLo \u00fanico cerrado es que compiten juntos,&nbsp;<strong>con boleta 100% violeta y bajo el nombre de La Libertad Avanza\u201d<\/strong>.<\/p>\n\n\n\n<p>La reuni\u00f3n en Casa Rosada no ser\u00e1 el \u00fanico evento que tendr\u00e1n los miembros de La Libertad Avanza esta semana. El jueves,\u00a0<strong>Javier Milei estar\u00e1 a cargo del cierre del Congreso de la Libertad, en La Plata.<\/strong>\u00a0All\u00ed, los libertarios buscar\u00e1n mostrar m\u00fasculo pol\u00edtico y posibles candidatos en la previa del cierre de listas, que ser\u00e1 el 19 de julio.<\/p>\n","protected":false},"excerpt":{"rendered":"<p>Desde ambos espacios aseguraron que competir\u00e1n juntos en las elecciones del 7 de septiembre. Sin embargo, desde el oficialismo indican que quieren que la boleta sea 100% violeta. Este martes&hellip; <\/p>\n","protected":false},"author":8,"featured_media":214122,"comment_status":"closed","ping_status":"open","sticky":false,"template":"","format":"standard","meta":{"footnotes":""},"categories":[3],"tags":[],"class_list":["post-214121","post","type-post","status-publish","format-standard","has-post-thumbnail","hentry","category-politica"],"_links":{"self":[{"href":"https:\/\/corrientesdetarde.com\/index.php\/wp-json\/wp\/v2\/posts\/214121","targetHints":{"allow":["GET"]}}],"collection":[{"href":"https:\/\/corrientesdetarde.com\/index.php\/wp-json\/wp\/v2\/posts"}],"about":[{"href":"https:\/\/corrientesdetarde.com\/index.php\/wp-json\/wp\/v2\/types\/post"}],"author":[{"embeddable":true,"href":"https:\/\/corrientesdetarde.com\/index.php\/wp-json\/wp\/v2\/users\/8"}],"replies":[{"embeddable":true,"href":"https:\/\/corrientesdetarde.com\/index.php\/wp-json\/wp\/v2\/comments?post=214121"}],"version-history":[{"count":1,"href":"https:\/\/corrientesdetarde.com\/index.php\/wp-json\/wp\/v2\/posts\/214121\/revisions"}],"predecessor-version":[{"id":214123,"href":"https:\/\/corrientesdetarde.com\/index.php\/wp-json\/wp\/v2\/posts\/214121\/revisions\/214123"}],"wp:featuredmedia":[{"embeddable":true,"href":"https:\/\/corrientesdetarde.com\/index.php\/wp-json\/wp\/v2\/media\/214122"}],"wp:attachment":[{"href":"https:\/\/corrientesdetarde.com\/index.php\/wp-json\/wp\/v2\/media?parent=214121"}],"wp:term":[{"taxonomy":"category","embeddable":true,"href":"https:\/\/corrientesdetarde.com\/index.php\/wp-json\/wp\/v2\/categories?post=214121"},{"taxonomy":"post_tag","embeddable":true,"href":"https:\/\/corrientesdetarde.com\/index.php\/wp-json\/wp\/v2\/tags?post=214121"}],"curies":[{"name":"wp","href":"https:\/\/api.w.org\/{rel}","templated":true}]}}