{"id":214236,"date":"2025-06-24T08:59:30","date_gmt":"2025-06-24T11:59:30","guid":{"rendered":"https:\/\/corrientesdetarde.com\/?p=214236"},"modified":"2025-06-24T08:59:42","modified_gmt":"2025-06-24T11:59:42","slug":"julian-alvarez-confirmo-que-sera-papa-junto-a-emilia-ferrero-estamos-muy-contentos","status":"publish","type":"post","link":"https:\/\/corrientesdetarde.com\/index.php\/espectaculos\/julian-alvarez-confirmo-que-sera-papa-junto-a-emilia-ferrero-estamos-muy-contentos\/","title":{"rendered":"Juli\u00e1n \u00c1lvarez confirm\u00f3 que ser\u00e1 pap\u00e1 junto a Emilia Ferrero: &#8220;Estamos muy contentos&#8221;"},"content":{"rendered":"\n<p>En medio de su participaci\u00f3n en el Mundial de Clubes 2025 con Atl\u00e9tico de Madrid, Juli\u00e1n \u00c1lvarez sorprendi\u00f3 a todos con una noticia personal muy especial: ser\u00e1 padre por primera vez junto a su pareja, Emilia Ferrero. El anuncio se dio este jueves, durante una rueda de prensa previa al duelo ante Botafogo por la segunda fecha del Grupo B.<\/p>\n\n\n\n<p><\/p>\n\n\n\n<p><br>El delantero de 25 a\u00f1os, campe\u00f3n del mundo con la Selecci\u00f3n Argentina en Qatar 2022, confirm\u00f3 el embarazo cuando un periodista de TyC Sports le consult\u00f3 si pensaba festejar un posible gol en alusi\u00f3n a la paternidad. &#8220;Yo no dije nada\u2026 Si lo digo es porque ya lo est\u00e1s diciendo. S\u00ed, voy a ser pap\u00e1, pero todav\u00eda no hab\u00edamos anunciado nada. No s\u00e9 c\u00f3mo sali\u00f3 por ah\u00ed\u2026&#8221;, respondi\u00f3 con una sonrisa. Luego, agreg\u00f3: &#8220;Gracias, estamos muy contentos&#8221;.<\/p>\n\n\n\n<figure class=\"wp-block-embed is-type-rich is-provider-twitter wp-block-embed-twitter\"><div class=\"wp-block-embed__wrapper\">\n<blockquote class=\"twitter-tweet\" data-width=\"550\" data-dnt=\"true\"><p lang=\"zxx\" dir=\"ltr\"><a href=\"https:\/\/t.co\/omQDX54Mbb\">pic.twitter.com\/omQDX54Mbb<\/a> <a href=\"https:\/\/t.co\/SKFWLVGSoh\">https:\/\/t.co\/SKFWLVGSoh<\/a><\/p>&mdash; Sudanalytics (@sudanalytics_) <a href=\"https:\/\/twitter.com\/sudanalytics_\/status\/1936823054581301346?ref_src=twsrc%5Etfw\">June 22, 2025<\/a><\/blockquote><script async src=\"https:\/\/platform.twitter.com\/widgets.js\" charset=\"utf-8\"><\/script>\n<\/div><\/figure>\n\n\n\n<p>Juli\u00e1n y Emilia se conocen desde chicos. Ambos son oriundos de Calch\u00edn, C\u00f3rdoba, y forjaron su v\u00ednculo desde la infancia. En 2024, la pareja hab\u00eda compartido detalles de su historia en el documental &#8220;Juli\u00e1n \u00c1lvarez: Standing Alone&#8221;, producido por City Studios y disponible en la plataforma CITY+. All\u00ed contaron c\u00f3mo fue ese primer encuentro cuando ten\u00edan apenas 9 o 10 a\u00f1os, y c\u00f3mo la vida los fue reencontrando hasta iniciar la relaci\u00f3n que mantienen desde 2022.<\/p>\n\n\n\n<p>&#8220;Nos conocemos desde chicos. Ella iba a visitar a su abuelo, que viv\u00eda en Calch\u00edn, y nos ve\u00edamos siempre. Compart\u00edamos el mismo grupo de amigos, habl\u00e1bamos\u2026 Despu\u00e9s pas\u00f3 el tiempo, me fui a Buenos Aires y cada tanto nos volv\u00edamos a cruzar&#8221;, relat\u00f3 \u00c1lvarez en el documental. &#8220;Desde 2022 que estamos juntos&#8221;, agreg\u00f3.<\/p>\n\n\n\n<p>Mientras se prepara para un partido clave con el equipo de Diego Simeone, la noticia de su futura paternidad sorprendi\u00f3 a todos en las redes sociales y llen\u00f3 de alegr\u00eda a los hinchas y seguidores del delantero argentino, que atraviesa un gran momento tanto en lo deportivo como en lo personal.<\/p>\n","protected":false},"excerpt":{"rendered":"<p>En medio de su participaci\u00f3n en el Mundial de Clubes 2025 con Atl\u00e9tico de Madrid, Juli\u00e1n \u00c1lvarez sorprendi\u00f3 a todos con una noticia personal muy especial: ser\u00e1 padre por primera&hellip; <\/p>\n","protected":false},"author":1,"featured_media":214240,"comment_status":"closed","ping_status":"open","sticky":false,"template":"","format":"standard","meta":{"footnotes":""},"categories":[19],"tags":[],"class_list":["post-214236","post","type-post","status-publish","format-standard","has-post-thumbnail","hentry","category-espectaculos"],"_links":{"self":[{"href":"https:\/\/corrientesdetarde.com\/index.php\/wp-json\/wp\/v2\/posts\/214236","targetHints":{"allow":["GET"]}}],"collection":[{"href":"https:\/\/corrientesdetarde.com\/index.php\/wp-json\/wp\/v2\/posts"}],"about":[{"href":"https:\/\/corrientesdetarde.com\/index.php\/wp-json\/wp\/v2\/types\/post"}],"author":[{"embeddable":true,"href":"https:\/\/corrientesdetarde.com\/index.php\/wp-json\/wp\/v2\/users\/1"}],"replies":[{"embeddable":true,"href":"https:\/\/corrientesdetarde.com\/index.php\/wp-json\/wp\/v2\/comments?post=214236"}],"version-history":[{"count":1,"href":"https:\/\/corrientesdetarde.com\/index.php\/wp-json\/wp\/v2\/posts\/214236\/revisions"}],"predecessor-version":[{"id":214241,"href":"https:\/\/corrientesdetarde.com\/index.php\/wp-json\/wp\/v2\/posts\/214236\/revisions\/214241"}],"wp:featuredmedia":[{"embeddable":true,"href":"https:\/\/corrientesdetarde.com\/index.php\/wp-json\/wp\/v2\/media\/214240"}],"wp:attachment":[{"href":"https:\/\/corrientesdetarde.com\/index.php\/wp-json\/wp\/v2\/media?parent=214236"}],"wp:term":[{"taxonomy":"category","embeddable":true,"href":"https:\/\/corrientesdetarde.com\/index.php\/wp-json\/wp\/v2\/categories?post=214236"},{"taxonomy":"post_tag","embeddable":true,"href":"https:\/\/corrientesdetarde.com\/index.php\/wp-json\/wp\/v2\/tags?post=214236"}],"curies":[{"name":"wp","href":"https:\/\/api.w.org\/{rel}","templated":true}]}}