{"id":214309,"date":"2025-06-24T20:36:31","date_gmt":"2025-06-24T23:36:31","guid":{"rendered":"https:\/\/corrientesdetarde.com\/?p=214309"},"modified":"2025-06-24T20:36:36","modified_gmt":"2025-06-24T23:36:36","slug":"anses-no-atendera-al-publico-este-viernes-27-los-detalles","status":"publish","type":"post","link":"https:\/\/corrientesdetarde.com\/index.php\/actualidad\/anses-no-atendera-al-publico-este-viernes-27-los-detalles\/","title":{"rendered":"\u00bfANSES no atender\u00e1 al p\u00fablico este viernes 27?: los detalles"},"content":{"rendered":"\n<p>Desde ANSES recomendaron a los ciudadanos que tengan tr\u00e1mites pendientes, revisar las fechas de atenci\u00f3n y consultar por los canales virtuales disponibles para evitar inconvenientes.&nbsp;<\/p>\n\n\n\n<p>La Administraci\u00f3n Nacional de la Seguridad Social (ANSES) inform\u00f3 que el pr\u00f3ximo viernes 27 de junio todas sus oficinas permanecer\u00e1n cerradas en conmemoraci\u00f3n del D\u00eda del Trabajador del Estado.<\/p>\n\n\n\n<p>Como medida preventiva, el organismo aclar\u00f3 que no se otorgaron turnos para esa fecha, por lo que la atenci\u00f3n al p\u00fablico se reanudar\u00e1 con normalidad el lunes 30 de junio.<\/p>\n\n\n\n<p>El D\u00eda del Trabajador del Estado se celebra cada 27 de junio en virtud de la Ley 26.876, sancionada en 2013. La fecha recuerda la jornada en la que la Organizaci\u00f3n Internacional del Trabajo (OIT) adopt\u00f3 el convenio que reconoce el derecho a la negociaci\u00f3n colectiva y las condiciones de trabajo dentro de la administraci\u00f3n p\u00fablica.<\/p>\n","protected":false},"excerpt":{"rendered":"<p>Desde ANSES recomendaron a los ciudadanos que tengan tr\u00e1mites pendientes, revisar las fechas de atenci\u00f3n y consultar por los canales virtuales disponibles para evitar inconvenientes.&nbsp; La Administraci\u00f3n Nacional de la&hellip; <\/p>\n","protected":false},"author":4,"featured_media":214310,"comment_status":"closed","ping_status":"open","sticky":false,"template":"","format":"standard","meta":{"footnotes":""},"categories":[23],"tags":[],"class_list":["post-214309","post","type-post","status-publish","format-standard","has-post-thumbnail","hentry","category-actualidad"],"_links":{"self":[{"href":"https:\/\/corrientesdetarde.com\/index.php\/wp-json\/wp\/v2\/posts\/214309","targetHints":{"allow":["GET"]}}],"collection":[{"href":"https:\/\/corrientesdetarde.com\/index.php\/wp-json\/wp\/v2\/posts"}],"about":[{"href":"https:\/\/corrientesdetarde.com\/index.php\/wp-json\/wp\/v2\/types\/post"}],"author":[{"embeddable":true,"href":"https:\/\/corrientesdetarde.com\/index.php\/wp-json\/wp\/v2\/users\/4"}],"replies":[{"embeddable":true,"href":"https:\/\/corrientesdetarde.com\/index.php\/wp-json\/wp\/v2\/comments?post=214309"}],"version-history":[{"count":1,"href":"https:\/\/corrientesdetarde.com\/index.php\/wp-json\/wp\/v2\/posts\/214309\/revisions"}],"predecessor-version":[{"id":214311,"href":"https:\/\/corrientesdetarde.com\/index.php\/wp-json\/wp\/v2\/posts\/214309\/revisions\/214311"}],"wp:featuredmedia":[{"embeddable":true,"href":"https:\/\/corrientesdetarde.com\/index.php\/wp-json\/wp\/v2\/media\/214310"}],"wp:attachment":[{"href":"https:\/\/corrientesdetarde.com\/index.php\/wp-json\/wp\/v2\/media?parent=214309"}],"wp:term":[{"taxonomy":"category","embeddable":true,"href":"https:\/\/corrientesdetarde.com\/index.php\/wp-json\/wp\/v2\/categories?post=214309"},{"taxonomy":"post_tag","embeddable":true,"href":"https:\/\/corrientesdetarde.com\/index.php\/wp-json\/wp\/v2\/tags?post=214309"}],"curies":[{"name":"wp","href":"https:\/\/api.w.org\/{rel}","templated":true}]}}