{"id":214598,"date":"2025-06-26T12:23:33","date_gmt":"2025-06-26T15:23:33","guid":{"rendered":"https:\/\/corrientesdetarde.com\/?p=214598"},"modified":"2025-06-26T12:23:36","modified_gmt":"2025-06-26T15:23:36","slug":"fatima-florez-rompio-el-silencio-tras-los-rumores-de-reconciliacion-con-javier-milei","status":"publish","type":"post","link":"https:\/\/corrientesdetarde.com\/index.php\/espectaculos\/fatima-florez-rompio-el-silencio-tras-los-rumores-de-reconciliacion-con-javier-milei\/","title":{"rendered":"F\u00e1tima Florez rompi\u00f3 el silencio tras los rumores de reconciliaci\u00f3n con Javier Milei"},"content":{"rendered":"\n<p> la artista habl\u00f3 sobre su presente sentimental.  <\/p>\n\n\n\n<p>Desde temprano comenzaron a circular rumores de que\u00a0<strong>F\u00e1tima Florez<\/strong>\u00a0<strong>hab\u00eda visitado recientemente la quinta de Olivos<\/strong>. Al conocerse el dato, algunos portales y programas de espect\u00e1culos\u00a0<strong>empezaron a especular con una supuesta reconciliaci\u00f3n entre ella y Javier Milei.<\/strong><\/p>\n\n\n\n<p>En di\u00e1logo con\u00a0<strong>Sof\u00eda Kotler<\/strong>, periodista , la artista rompi\u00f3 el silencio y explic\u00f3 cu\u00e1l es su v\u00ednculo actual con el mandatario, de quien se separ\u00f3 en abril de 2024.<\/p>\n\n\n\n<p>\u201c<strong>Amigos<\/strong>\u201d, defini\u00f3 sin dar m\u00e1s precisiones. Luego, la integrante de&nbsp;<em>Telenoche (eltrece)<\/em>&nbsp;repregunt\u00f3 si \u201c<strong>\u00bfsolo buenos amigos?<\/strong>\u201c, y, la humorista sentenci\u00f3: \u201d<strong>\u00bfEs poco?<\/strong>\u201c<\/p>\n\n\n\n<figure class=\"wp-block-image\"><img decoding=\"async\" src=\"https:\/\/tn.com.ar\/resizer\/v2\/fatima-florez-y-javier-milei-se-conocieron-en-la-mesa-de-mirtha-legrand-foto-xmirthalegrand-6KLOOQ4H7FCQVHPPROUXB7BMQE.jpg?auth=60095714237ab160c980b93859044e597ff0d8c41300815f30a53c34f69274f4&amp;width=767\" alt=\"F\u00e1tima Florez y Javier Milei se conocieron en la mesa de Mirtha Legrand (Foto: X\/@mirthalegrand)\"\/><\/figure>\n\n\n\n<h2 class=\"wp-block-heading\">Qu\u00e9 dijo Javier Milei sobre una supuesta reconciliaci\u00f3n con F\u00e1tima Florez<\/h2>\n\n\n\n<p>Al ser consultado, el presidente de la Naci\u00f3n rompi\u00f3 el silencio y aclar\u00f3 c\u00f3mo es su v\u00ednculo con la humorista.<\/p>\n\n\n\n<p>En las redes sociales de&nbsp;<em>LAM&nbsp;<\/em>(<em>Am\u00e9rica<\/em>) se hicieron eco del posteo de la periodista Maru Leone, quien le pregunt\u00f3 al mandatario sobre los trascendidos.&nbsp;<strong>\u201cSolo amigos\u201d<\/strong>, fue la contundente respuesta de Milei.<\/p>\n\n\n\n<figure class=\"wp-block-image\"><img decoding=\"async\" src=\"https:\/\/tn.com.ar\/resizer\/v2\/la-respuesta-de-javier-milei-sobre-los-rumores-de-reconciliacion-con-fatima-florez-foto-captura-x-elejercitodelam-QQXT6HSW3VEFPK5CY7GGSUHHWE.png?auth=6f92fc25c75f2487ffe08b9cc90fdec16ca50c230c57b635b4c68d9cc220bdc9&amp;width=767\" alt=\"La respuesta de Javier Milei sobre los rumores de reconciliaci\u00f3n con F\u00e1tima Florez (Foto: Captura X \/elejercitodelam)\"\/><\/figure>\n\n\n\n<h2 class=\"wp-block-heading\">Yuyito Gonz\u00e1lez habl\u00f3 sobre la supuesta reconciliaci\u00f3n entre F\u00e1tima Florez y Milei<\/h2>\n\n\n\n<p>Horas antes,\u00a0<strong>Yuyito Gonz\u00e1lez\u00a0se hab\u00eda referido a los rumores que involucraban a su ex y a la capoc\u00f3mica<\/strong>. Lejos de la pol\u00e9mica, la conductora de\u00a0<em>Empezar el d\u00eda (Ciudad Magazine)<\/em>\u00a0asegur\u00f3 que ya super\u00f3 ese cap\u00edtulo de su vida.<\/p>\n\n\n\n<p>\u201c<strong>No me molesta nada<\/strong>. No solamente no me molesta, sino que&#8230; yo despu\u00e9s de \u2018Oscurita\u2019, pueden venir F\u00e1tima Florez, pueden venir 200 m\u00e1s parecidas, que&nbsp;<strong>para m\u00ed es como un exorcismo esto ya<\/strong>. Digo, \u2018gracias Dios, gracias por sacar el foco de mi persona y ponerlo en otro lado\u2019, porque ya era un tema que, imaginate, ni siquiera paraba a contestarlo\u201d, asegur\u00f3 al aire del ciclo.<\/p>\n\n\n\n<figure class=\"wp-block-image\"><img decoding=\"async\" src=\"https:\/\/tn.com.ar\/resizer\/v2\/https%3A%2F%2Fthumbs.vodgc.net%2F1-14-3Rzi3Q1750863494823-1750865236.jpg?auth=3eb3bd5c0b61e1461baad45c97314aa49c5ed61e1590c361a5dc6c8be9543bb0&amp;width=767\" alt=\"Video Placeholder\"\/><\/figure>\n\n\n\n<p>Despu\u00e9s de informar que volver\u00eda entablar conversaci\u00f3n con la prensa, sum\u00f3: \u201cA partir de hoy, gente,<strong>&nbsp;yo estoy para pasarlo bien en la vida<\/strong>, \u00bfs\u00ed? Para divertirme.&nbsp;<strong>Amo el amor, enam\u00f3rense, c\u00e1sense, hagan todo lo que quieran. Yo estoy feliz con mi vida<\/strong>\u201c.<\/p>\n\n\n\n<p>\u201cAgradezco que es un tema que, a partir de hoy, con estos anuncios, que no s\u00e9 si son, si no son, y me da igual si son o no son, ya pas\u00f3.&nbsp;<strong>Yo con \u2018Oscurita\u2019 ya me hice un m\u00e1ster del asombro<\/strong>. Despu\u00e9s viene F\u00e1tima Florez, que vengan, se parecen, son todas la misma. No me importa nada.&nbsp;<strong>Hoy volvemos a abrir los canales de comunicaci\u00f3n con los noteros<\/strong>\u201d, se\u00f1al\u00f3.<\/p>\n\n\n\n<p>Aunque anticip\u00f3 que volver\u00e1 a hablar con los cronistas y aclar\u00f3: \u201cTambi\u00e9n sepan algo:&nbsp;<strong>no me vengan a hablar del pasado<\/strong>. Hablemos de lo que viene, hablemos de la serie de Menem, hablemos de la serie de Coppola. No me hablen m\u00e1s del pasado. Ya el pasado tiene otros nombres para ir a hablar\u201d.<\/p>\n","protected":false},"excerpt":{"rendered":"<p>la artista habl\u00f3 sobre su presente sentimental. Desde temprano comenzaron a circular rumores de que\u00a0F\u00e1tima Florez\u00a0hab\u00eda visitado recientemente la quinta de Olivos. Al conocerse el dato, algunos portales y programas&hellip; <\/p>\n","protected":false},"author":8,"featured_media":214599,"comment_status":"closed","ping_status":"open","sticky":false,"template":"","format":"standard","meta":{"footnotes":""},"categories":[19],"tags":[],"class_list":["post-214598","post","type-post","status-publish","format-standard","has-post-thumbnail","hentry","category-espectaculos"],"_links":{"self":[{"href":"https:\/\/corrientesdetarde.com\/index.php\/wp-json\/wp\/v2\/posts\/214598","targetHints":{"allow":["GET"]}}],"collection":[{"href":"https:\/\/corrientesdetarde.com\/index.php\/wp-json\/wp\/v2\/posts"}],"about":[{"href":"https:\/\/corrientesdetarde.com\/index.php\/wp-json\/wp\/v2\/types\/post"}],"author":[{"embeddable":true,"href":"https:\/\/corrientesdetarde.com\/index.php\/wp-json\/wp\/v2\/users\/8"}],"replies":[{"embeddable":true,"href":"https:\/\/corrientesdetarde.com\/index.php\/wp-json\/wp\/v2\/comments?post=214598"}],"version-history":[{"count":1,"href":"https:\/\/corrientesdetarde.com\/index.php\/wp-json\/wp\/v2\/posts\/214598\/revisions"}],"predecessor-version":[{"id":214600,"href":"https:\/\/corrientesdetarde.com\/index.php\/wp-json\/wp\/v2\/posts\/214598\/revisions\/214600"}],"wp:featuredmedia":[{"embeddable":true,"href":"https:\/\/corrientesdetarde.com\/index.php\/wp-json\/wp\/v2\/media\/214599"}],"wp:attachment":[{"href":"https:\/\/corrientesdetarde.com\/index.php\/wp-json\/wp\/v2\/media?parent=214598"}],"wp:term":[{"taxonomy":"category","embeddable":true,"href":"https:\/\/corrientesdetarde.com\/index.php\/wp-json\/wp\/v2\/categories?post=214598"},{"taxonomy":"post_tag","embeddable":true,"href":"https:\/\/corrientesdetarde.com\/index.php\/wp-json\/wp\/v2\/tags?post=214598"}],"curies":[{"name":"wp","href":"https:\/\/api.w.org\/{rel}","templated":true}]}}