{"id":214684,"date":"2025-06-26T16:36:55","date_gmt":"2025-06-26T19:36:55","guid":{"rendered":"https:\/\/corrientesdetarde.com\/?p=214684"},"modified":"2025-06-26T16:37:02","modified_gmt":"2025-06-26T19:37:02","slug":"bizarrap-llego-al-desfile-de-vuitton-en-paris-con-un-bolso-de-piel-de-avestruz-de-35-mil-dolares","status":"publish","type":"post","link":"https:\/\/corrientesdetarde.com\/index.php\/tendencias\/bizarrap-llego-al-desfile-de-vuitton-en-paris-con-un-bolso-de-piel-de-avestruz-de-35-mil-dolares\/","title":{"rendered":"Bizarrap lleg\u00f3 al desfile de Vuitton en Par\u00eds con un bolso de piel de avestruz de 35 mil d\u00f3lares"},"content":{"rendered":"\n<p>Invitado en la Semana de la Moda masculina, llev\u00f3 el modelo Speedy confeccionado en uno de los cueros m\u00e1s costosos del mercado.<\/p>\n\n\n\n<p>El desfile de primavera-verano 2026 de <strong>Louis Vuitton<\/strong>, en el marco de la Semana de la Moda masculina de Par\u00eds, es uno de los m\u00e1s comentados hasta el momento. Pero no solo por tener\u00a0<strong>Beyonc\u00e9<\/strong>\u00a0en primera fila o por la nueva colecci\u00f3n de<strong>\u00a0Pharrell Williams\u00a0<\/strong>inspirada en la India. Tambi\u00e9n, por la presencia de\u00a0<strong>Bizarrap<\/strong>\u00a0en el evento.<\/p>\n\n\n\n<p>El productor musical argentino, reconocido por sus famosas&nbsp;<em>sessions<\/em>&nbsp;con artistas de todo el mundo, lleg\u00f3 a la cita en la explanada del centro de arte moderno y contempor\u00e1neo Pompidou con un&nbsp;<strong>conjunto azul marino<\/strong>&nbsp;de&nbsp;<strong>camisa<\/strong>&nbsp;de mangas cortas y&nbsp;<strong>bermudas<\/strong>&nbsp;de vestir firmado por la marca convocante.<\/p>\n\n\n\n<figure class=\"wp-block-image\"><img decoding=\"async\" src=\"https:\/\/tn.com.ar\/resizer\/v2\/bizarrap-camino-al-desfile-de-louis-vuitton-foto-instagrambizarrap-F4D3YYJBFZHRNKWDW3IT4HUUZU.jpg?auth=f14f30628533dcd163c14d6bc1957324fe453414e2dd98bb37dd71c5b8d516a6&amp;width=767\" alt=\"Bizarrap camino al desfile de Louis Vuitton. (Foto: Instagram\/@bizarrap)\"\/><\/figure>\n\n\n\n<p>Como detalle, sum\u00f3 un&nbsp;<em><strong>charm<\/strong><\/em>&nbsp;con dijes y perlas adornando uno de los bolsillos de la pieza inferior, adem\u00e1s de la&nbsp;<strong>gorra negra con su nombre bordado<\/strong>&nbsp;que es su marca registrada,&nbsp;<strong>mocasines de cuero&nbsp;<\/strong>con medias a la vista y un reloj con malla a juego.<\/p>\n\n\n\n<figure class=\"wp-block-image\"><img decoding=\"async\" src=\"https:\/\/tn.com.ar\/resizer\/v2\/bizarrap-llego-al-desfile-de-louis-vuitton-con-una-apuesta-de-lujo-foto-instagrambizarrap-WLL74BLMUNGQZIYYJ7PLIGTG3Y.jpg?auth=e95342198d202829210685ec66bc1f19fc4e4962138355286b38452080e638f0&amp;width=767\" alt=\"Bizarrap lleg\u00f3 al desfile de Louis Vuitton con una apuesta de lujo. (Foto: Instagram\/@bizarrap)\"\/><\/figure>\n\n\n\n<p>Pero sin dudas, el elemento de la apuesta que se rob\u00f3 todas las miradas fue uno de los ic\u00f3nicos bolsos de la firma de lujo. Se trata del famoso modelo&nbsp;<strong>Speedy<\/strong>&nbsp;-uno de los&nbsp;<strong>favoritos de Lionel Messi<\/strong>&#8211; confeccionado en piel de&nbsp;<strong>avestruz<\/strong>&nbsp;con un estampado de monograma.<\/p>\n\n\n\n<figure class=\"wp-block-image\"><img decoding=\"async\" src=\"https:\/\/tn.com.ar\/resizer\/v2\/bizarrap-llevo-un-bolso-de-piel-de-avestruz-foto-instagrambizarrap-W7XDBKUDLNH5HI2OTL4GXMZVOU.jpg?auth=e87753dca399e125e0934fb4f5219f3a2ff65278a1d3095dcef72890bcf4bc94&amp;width=767\" alt=\"Bizarrap llev\u00f3 un bolso de piel de avestruz. (Foto: Instagram\/@bizarrap)\"\/><\/figure>\n\n\n\n<p>El dise\u00f1o, negro con detalles marrones, est\u00e1 forrado en piel de cordero y tiene un valor de&nbsp;<strong>35 mil d\u00f3lares.&nbsp;<\/strong>Si bien otros modelos de la misma l\u00ednea de la marca cuestan menos de 10 mil, la piel de avestruz lo convierte en un objeto exclusivo de superlujo al ser uno de los cueros m\u00e1s ex\u00f3ticos.<\/p>\n\n\n\n<figure class=\"wp-block-image\"><img decoding=\"async\" src=\"https:\/\/tn.com.ar\/resizer\/v2\/el-bolso-louis-vuitton-que-uso-bizarrap-en-el-desfile-de-la-marca-foto-louis-vuitton-6H5RAM2H3ZCZBENPT446K6HKAU.png?auth=d7e8e9292947696ccc9c6da6cb932f03244d0ea4059a2d81efb6744b50e67e7d&amp;width=767\" alt=\"El bolso Louis Vuitton que us\u00f3 Bizarrap en el desfile de la marca. (Foto: Louis Vuitton)\"\/><\/figure>\n\n\n\n<h2 class=\"wp-block-heading\">Lo nuevo de Vuitton hombres en Par\u00eds<\/h2>\n\n\n\n<p><strong>La India<\/strong>, de rico pasado y saber hacer, y en concreto por su destreza en el arte sartorial, ha servido como inspiraci\u00f3n de la&nbsp;<strong>colecci\u00f3n masculina de Louis Vuitton<\/strong>&nbsp;para la primavera-verano 2026 presentada en Par\u00eds.<\/p>\n\n\n\n<p><strong>Beyonc\u00e9<\/strong>, acompa\u00f1ada de\u00a0<strong>Jay-Z<\/strong>\u00a0y enfundada en un look total denim y sombrero\u00a0<em>cowboy<\/em>, fue la sensaci\u00f3n entre los invitados VIP al desfile.<\/p>\n\n\n\n<figure class=\"wp-block-image\"><img decoding=\"async\" src=\"https:\/\/tn.com.ar\/resizer\/v2\/https%3A%2F%2Fthumbs.vodgc.net%2F1-14-9wYWhZ1750848503209-1750849143.jpg?auth=87fe7d4d601927b84065fab3cc3482ca9224d816c42d830b0715a973f4df60c7&amp;width=767\" alt=\"Video Placeholder\"\/><\/figure>\n\n\n\n<p><\/p>\n\n\n\n<p>El director creativo de sus l\u00edneas masculinas, el artista estadounidense&nbsp;<strong>Pharrell Williams<\/strong>, ha apostado por trajes, en algunos casos con chaquetas cruzadas, y pantalones anchos, que recordaban a los de los a\u00f1os 70 del pasado siglo.<\/p>\n\n\n\n<figure class=\"wp-block-image\"><img decoding=\"async\" src=\"https:\/\/tn.com.ar\/resizer\/v2\/lv-mostro-su-coleccion-en-el-iconico-pompidou-de-paris-foto-reutersgonzalo-fuentes-AM2KUD3TSUPNR77DXL4OVEP7BE.jpg?auth=3535a4b3abf2c197e57a9c02e21b04cee4deb31084e7a425ced87df636d04e30&amp;width=767\" alt=\"LV mostr\u00f3 su colecci\u00f3n en el ic\u00f3nico Pompidou de Par\u00eds. (Foto: REUTERS\/Gonzalo Fuentes)\"\/><\/figure>\n\n\n\n<p>El desfile, que comenz\u00f3 una hora y media m\u00e1s tarde de lo previsto, fue al aire libre, en un lugar ic\u00f3nico de Par\u00eds,&nbsp;<strong>la explanada del centro de arte moderno y contempor\u00e1neo Pompidou<\/strong>, tambi\u00e9n conocido como Beaubourg.<\/p>\n\n\n\n<figure class=\"wp-block-image\"><img decoding=\"async\" src=\"https:\/\/tn.com.ar\/resizer\/v2\/mas-de-60-modelos-en-pasarela-foto-reutersgonzalo-fuentes-5N7Z435WBEJ4ZNRHGHMF5PTKYY.jpg?auth=3571c0628d1de1dd8905e633a108ee4b8687db7ec5480cceb51eb497ac7e4cb0&amp;width=767\" alt=\"M\u00e1s de 60 modelos en pasarela. (Foto: REUTERS\/Gonzalo Fuentes)\"\/><\/figure>\n\n\n\n<p>Sobre una pasarela de madera pintada a mano, con escaleras y motivos de serpientes de colores, se apreci\u00f3 una&nbsp;<strong>impronta dandi, en abrigos y americanas, en cuyas solapas se le\u00edan las iniciales LVM&nbsp;<\/strong>(Louis Vuitton Men).<\/p>\n\n\n\n<figure class=\"wp-block-image\"><img decoding=\"async\" src=\"https:\/\/tn.com.ar\/resizer\/v2\/la-sastreria-ocupo-un-lugar-destacado-en-la-coleccion-lv-foto-reutersgonzalo-fuentes-AV2BLDCWOEFX7ZT3CG6WZPBMKI.jpg?auth=00a18e7b7625cd5fadff97c4bf5664c6442e9a9ad01cb7088892560a7500d5b2&amp;width=767\" alt=\"La sastrer\u00eda ocup\u00f3 un lugar destacado en la colecci\u00f3n LV. (Foto: REUTERS\/Gonzalo Fuentes)\"\/><\/figure>\n\n\n\n<p>En las propuestas del verano del 2026 de la que es&nbsp;<strong>la marca de lujo m\u00e1s deseada del planeta<\/strong>, han destacado tambi\u00e9n los chaquetones, que desfilaron, como el conjunto de las propuestas (m\u00e1s de 60 modelos), al ritmo de m\u00fasica en directo, compuesta por el propio Williams, con orquesta y grupo de gospel.<\/p>\n","protected":false},"excerpt":{"rendered":"<p>Invitado en la Semana de la Moda masculina, llev\u00f3 el modelo Speedy confeccionado en uno de los cueros m\u00e1s costosos del mercado. El desfile de primavera-verano 2026 de Louis Vuitton,&hellip; <\/p>\n","protected":false},"author":8,"featured_media":214685,"comment_status":"closed","ping_status":"open","sticky":false,"template":"","format":"standard","meta":{"footnotes":""},"categories":[28],"tags":[],"class_list":["post-214684","post","type-post","status-publish","format-standard","has-post-thumbnail","hentry","category-tendencias"],"_links":{"self":[{"href":"https:\/\/corrientesdetarde.com\/index.php\/wp-json\/wp\/v2\/posts\/214684","targetHints":{"allow":["GET"]}}],"collection":[{"href":"https:\/\/corrientesdetarde.com\/index.php\/wp-json\/wp\/v2\/posts"}],"about":[{"href":"https:\/\/corrientesdetarde.com\/index.php\/wp-json\/wp\/v2\/types\/post"}],"author":[{"embeddable":true,"href":"https:\/\/corrientesdetarde.com\/index.php\/wp-json\/wp\/v2\/users\/8"}],"replies":[{"embeddable":true,"href":"https:\/\/corrientesdetarde.com\/index.php\/wp-json\/wp\/v2\/comments?post=214684"}],"version-history":[{"count":1,"href":"https:\/\/corrientesdetarde.com\/index.php\/wp-json\/wp\/v2\/posts\/214684\/revisions"}],"predecessor-version":[{"id":214686,"href":"https:\/\/corrientesdetarde.com\/index.php\/wp-json\/wp\/v2\/posts\/214684\/revisions\/214686"}],"wp:featuredmedia":[{"embeddable":true,"href":"https:\/\/corrientesdetarde.com\/index.php\/wp-json\/wp\/v2\/media\/214685"}],"wp:attachment":[{"href":"https:\/\/corrientesdetarde.com\/index.php\/wp-json\/wp\/v2\/media?parent=214684"}],"wp:term":[{"taxonomy":"category","embeddable":true,"href":"https:\/\/corrientesdetarde.com\/index.php\/wp-json\/wp\/v2\/categories?post=214684"},{"taxonomy":"post_tag","embeddable":true,"href":"https:\/\/corrientesdetarde.com\/index.php\/wp-json\/wp\/v2\/tags?post=214684"}],"curies":[{"name":"wp","href":"https:\/\/api.w.org\/{rel}","templated":true}]}}