{"id":215123,"date":"2025-06-30T09:41:26","date_gmt":"2025-06-30T12:41:26","guid":{"rendered":"https:\/\/corrientesdetarde.com\/?p=215123"},"modified":"2025-06-30T09:41:37","modified_gmt":"2025-06-30T12:41:37","slug":"escandalo-un-comisario-ordeno-que-los-presos-hicieran-el-asado-y-trabajaran-de-mozos-en-su-boda","status":"publish","type":"post","link":"https:\/\/corrientesdetarde.com\/index.php\/crimen-y-justicia\/escandalo-un-comisario-ordeno-que-los-presos-hicieran-el-asado-y-trabajaran-de-mozos-en-su-boda\/","title":{"rendered":"Esc\u00e1ndalo: un comisario orden\u00f3 que los presos hicieran el asado y trabajaran de mozos en su boda"},"content":{"rendered":"\n<p>Un comisario de La Pampa desat\u00f3 un esc\u00e1ndalo a partir de un hecho ins\u00f3lito en su boda: orden\u00f3 a seis presos que prepararan un asado para los invitados, hicieran de mozos y luego limpiaran el sal\u00f3n.<\/p>\n\n\n\n<p><\/p>\n\n\n\n<p>El jefe de la subcomisar\u00eda de Lonquimay, oficial inspector Cristian Mart\u00edn Galv\u00e1n, organiz\u00f3 su fiesta de casamiento en un sal\u00f3n ubicado a una cuadra de la dependencia policial. Seg\u00fan la investigaci\u00f3n, los detenidos caminaron sin custodia hasta el lugar y, tras la celebraci\u00f3n, regresaron por sus propios medios a sus celdas.<\/p>\n\n\n\n<p><strong>La acusaci\u00f3n contra el comisario<\/strong><\/p>\n\n\n\n<p>Durante la \u00faltima semana semana, a ra\u00edz del festejo ocurrido el 31 de mayo del a\u00f1o pasado, Galv\u00e1n enfrent\u00f3 un juicio en el Centro Judicial de Santa Rosa por incumplimiento de los deberes de funcionario p\u00fablico.<\/p>\n\n\n\n<p>El jefe policial est\u00e1 acusado de incumplimiento de los deberes de funcionario p\u00fablico, en un juicio que busca determinar si se utiliz\u00f3 indebidamente el personal y los recursos del Estado para un evento privado, adem\u00e1s de presuntas violaciones a los derechos de los detenidos.<\/p>\n\n\n\n<p>&#8220;El debate se inici\u00f3 este mi\u00e9rcoles. Estuvieron todos los testigos que ofreci\u00f3 la fiscal\u00eda, que son polic\u00edas. Este jueves, tambi\u00e9n como testigos de la fiscal\u00eda, declararon los detenidos que estaban ah\u00ed. Algunos de ellos son los que fueron al sal\u00f3n&#8221;, explicaron fuentes del Ministerio P\u00fablico Fiscal de La Pampa a La Arena.<\/p>\n\n\n\n<p>El juicio concluy\u00f3 este viernes con la declaraci\u00f3n de los testigos ofrecidos por la defensa, que son familiares del funcionario policial, y con los alegatos de cierre. En los pr\u00f3ximos d\u00edas se conocer\u00e1 la sentencia.<\/p>\n\n\n\n<p>El juez de la causa es Andr\u00e9s An\u00edbal Oli\u00e9 y el fiscal que llev\u00f3 adelante la investigaci\u00f3n es Guillermo Alberto Sancho.<\/p>\n\n\n\n<p>&#8220;Se le imputa el incumplimiento de los deberes de funcionario p\u00fablico, que prev\u00e9 una pena de entre un mes y dos a\u00f1os de prisi\u00f3n y el doble de tiempo de inhabilitaci\u00f3n especial para ejercer cargos p\u00fablicos&#8221;, remarcaron desde el MPF.<\/p>\n\n\n\n<p>Adem\u00e1s del juicio penal, Galv\u00e1n enfrenta un sumario en la Fiscal\u00eda de Investigaciones Administrativas.<\/p>\n","protected":false},"excerpt":{"rendered":"<p>Un comisario de La Pampa desat\u00f3 un esc\u00e1ndalo a partir de un hecho ins\u00f3lito en su boda: orden\u00f3 a seis presos que prepararan un asado para los invitados, hicieran de&hellip; <\/p>\n","protected":false},"author":1,"featured_media":215126,"comment_status":"closed","ping_status":"open","sticky":false,"template":"","format":"standard","meta":{"footnotes":""},"categories":[5],"tags":[],"class_list":["post-215123","post","type-post","status-publish","format-standard","has-post-thumbnail","hentry","category-crimen-y-justicia"],"_links":{"self":[{"href":"https:\/\/corrientesdetarde.com\/index.php\/wp-json\/wp\/v2\/posts\/215123","targetHints":{"allow":["GET"]}}],"collection":[{"href":"https:\/\/corrientesdetarde.com\/index.php\/wp-json\/wp\/v2\/posts"}],"about":[{"href":"https:\/\/corrientesdetarde.com\/index.php\/wp-json\/wp\/v2\/types\/post"}],"author":[{"embeddable":true,"href":"https:\/\/corrientesdetarde.com\/index.php\/wp-json\/wp\/v2\/users\/1"}],"replies":[{"embeddable":true,"href":"https:\/\/corrientesdetarde.com\/index.php\/wp-json\/wp\/v2\/comments?post=215123"}],"version-history":[{"count":1,"href":"https:\/\/corrientesdetarde.com\/index.php\/wp-json\/wp\/v2\/posts\/215123\/revisions"}],"predecessor-version":[{"id":215127,"href":"https:\/\/corrientesdetarde.com\/index.php\/wp-json\/wp\/v2\/posts\/215123\/revisions\/215127"}],"wp:featuredmedia":[{"embeddable":true,"href":"https:\/\/corrientesdetarde.com\/index.php\/wp-json\/wp\/v2\/media\/215126"}],"wp:attachment":[{"href":"https:\/\/corrientesdetarde.com\/index.php\/wp-json\/wp\/v2\/media?parent=215123"}],"wp:term":[{"taxonomy":"category","embeddable":true,"href":"https:\/\/corrientesdetarde.com\/index.php\/wp-json\/wp\/v2\/categories?post=215123"},{"taxonomy":"post_tag","embeddable":true,"href":"https:\/\/corrientesdetarde.com\/index.php\/wp-json\/wp\/v2\/tags?post=215123"}],"curies":[{"name":"wp","href":"https:\/\/api.w.org\/{rel}","templated":true}]}}