{"id":215178,"date":"2025-06-30T14:21:43","date_gmt":"2025-06-30T17:21:43","guid":{"rendered":"https:\/\/corrientesdetarde.com\/?p=215178"},"modified":"2025-06-30T14:21:47","modified_gmt":"2025-06-30T17:21:47","slug":"juicio-por-ypf-ordenan-a-la-argentina-entregar-el-51-de-las-acciones-de-ypf-a-los-beneficiarios-del-fallo","status":"publish","type":"post","link":"https:\/\/corrientesdetarde.com\/index.php\/economia\/juicio-por-ypf-ordenan-a-la-argentina-entregar-el-51-de-las-acciones-de-ypf-a-los-beneficiarios-del-fallo\/","title":{"rendered":"Juicio por YPF: ordenan a la Argentina entregar el 51% de las acciones de YPF a los beneficiarios del fallo"},"content":{"rendered":"\n<p>As\u00ed lo expres\u00f3 la jueza Loretta Preska. En marzo tambi\u00e9n hab\u00eda rechazado un pedido para para investigar c\u00f3mo fue la nacionalizaci\u00f3n de la petrolera.<\/p>\n\n\n\n<p>La<strong>&nbsp;justicia de Estados Unidos<\/strong>&nbsp;le orden\u00f3 a la Argentina<strong>&nbsp;entregar el 51% de las acciones de YPF&nbsp;<\/strong>a los beneficiarios del fallo por la expropiaci\u00f3n.<\/p>\n\n\n\n<p>As\u00ed lo expres\u00f3 la jueza Loretta Preska. En marzo tambi\u00e9n hab\u00eda rechazado un pedido para para investigar c\u00f3mo fue la nacionalizaci\u00f3n de la petrolera.<\/p>\n\n\n\n<p><strong>\u201cSe concede la moci\u00f3n de los Demandantes.<\/strong>&nbsp;La Rep\u00fablica Argentina transferir\u00e1 sus acciones clase D de YPF a una cuenta de custodia global en BNYM en Nueva York&nbsp;<strong>dentro de los 14 d\u00edas siguientes a la fecha de esta orden<\/strong>; e instruir\u00e1 a BNYM a iniciar la transferencia de la participaci\u00f3n de la Rep\u00fablica en sus acciones clase D de YPF a los Demandantes o a quienes estos designen dentro de un d\u00eda h\u00e1bil a partir del d\u00eda en que las acciones se depositen en la cuenta\u201d, indic\u00f3 la jueza en el fallo.<\/p>\n\n\n\n<p>Y complet\u00f3: \u201cConvencida de que no es necesario presentar argumentos orales adem\u00e1s de los documentos presentados por las partes, se deniega la solicitud de la Rep\u00fablica para presentar argumentos orales y se solicita respetuosamente al Secretario del Tribunal que concluya el presente caso\u201d.<\/p>\n","protected":false},"excerpt":{"rendered":"<p>As\u00ed lo expres\u00f3 la jueza Loretta Preska. En marzo tambi\u00e9n hab\u00eda rechazado un pedido para para investigar c\u00f3mo fue la nacionalizaci\u00f3n de la petrolera. La&nbsp;justicia de Estados Unidos&nbsp;le orden\u00f3 a&hellip; <\/p>\n","protected":false},"author":8,"featured_media":215179,"comment_status":"closed","ping_status":"open","sticky":false,"template":"","format":"standard","meta":{"footnotes":""},"categories":[20],"tags":[],"class_list":["post-215178","post","type-post","status-publish","format-standard","has-post-thumbnail","hentry","category-economia"],"_links":{"self":[{"href":"https:\/\/corrientesdetarde.com\/index.php\/wp-json\/wp\/v2\/posts\/215178","targetHints":{"allow":["GET"]}}],"collection":[{"href":"https:\/\/corrientesdetarde.com\/index.php\/wp-json\/wp\/v2\/posts"}],"about":[{"href":"https:\/\/corrientesdetarde.com\/index.php\/wp-json\/wp\/v2\/types\/post"}],"author":[{"embeddable":true,"href":"https:\/\/corrientesdetarde.com\/index.php\/wp-json\/wp\/v2\/users\/8"}],"replies":[{"embeddable":true,"href":"https:\/\/corrientesdetarde.com\/index.php\/wp-json\/wp\/v2\/comments?post=215178"}],"version-history":[{"count":1,"href":"https:\/\/corrientesdetarde.com\/index.php\/wp-json\/wp\/v2\/posts\/215178\/revisions"}],"predecessor-version":[{"id":215180,"href":"https:\/\/corrientesdetarde.com\/index.php\/wp-json\/wp\/v2\/posts\/215178\/revisions\/215180"}],"wp:featuredmedia":[{"embeddable":true,"href":"https:\/\/corrientesdetarde.com\/index.php\/wp-json\/wp\/v2\/media\/215179"}],"wp:attachment":[{"href":"https:\/\/corrientesdetarde.com\/index.php\/wp-json\/wp\/v2\/media?parent=215178"}],"wp:term":[{"taxonomy":"category","embeddable":true,"href":"https:\/\/corrientesdetarde.com\/index.php\/wp-json\/wp\/v2\/categories?post=215178"},{"taxonomy":"post_tag","embeddable":true,"href":"https:\/\/corrientesdetarde.com\/index.php\/wp-json\/wp\/v2\/tags?post=215178"}],"curies":[{"name":"wp","href":"https:\/\/api.w.org\/{rel}","templated":true}]}}