{"id":21518,"date":"2022-11-21T20:35:52","date_gmt":"2022-11-21T23:35:52","guid":{"rendered":"https:\/\/corrientesdetarde.com\/?p=21518"},"modified":"2022-11-21T20:35:56","modified_gmt":"2022-11-21T23:35:56","slug":"se-realizo-la-jornada-malvinizadora-con-un-evento-cultural-y-musical-en-el-dia-de-la-soberania-nacional","status":"publish","type":"post","link":"https:\/\/corrientesdetarde.com\/index.php\/cultura\/se-realizo-la-jornada-malvinizadora-con-un-evento-cultural-y-musical-en-el-dia-de-la-soberania-nacional\/","title":{"rendered":"Se realiz\u00f3 la Jornada Malvinizadora con un evento cultural y musical en el d\u00eda de la Soberan\u00eda Nacional"},"content":{"rendered":"\n<p>En el \u201cD\u00eda de la Soberan\u00eda Nacional\u201d y en conjunci\u00f3n con el a\u00f1o del 40\u00ba aniversario de la \u201cGesta de Malvinas\u201d, la Direcci\u00f3n Provincial Malvinas Argentinas y el Ministerio de Seguridad, desplegaron el evento musical y cultural denominado \u201cLas Malvinas Rugen en Corrientes\u201d en la Casa del Bicentenario del Barrio San Ger\u00f3nimo, debido a las inclemencias clim\u00e1ticas.<\/p>\n\n\n\n<p>El evento cont\u00f3 con p\u00fablico en general con entrada libre y gratuita y &nbsp;se realizaron distintas actividades en simult\u00e1neo, con el objetivo de Malvinizar y reconocer el trabajo de m\u00fasicos, bandas de Rock y Metal, artistas pl\u00e1sticos y productores de documentales de la zona, que han homenajeado a la \u201cCausa Malvinas\u201d desde su visi\u00f3n art\u00edstica.<\/p>\n\n\n\n<p>Este espacio reuni\u00f3 a las Bandas de Metal y Rock de la Provincia de Corrientes y la regi\u00f3n que llevan en su cancionero, alguna composici\u00f3n musical homenaje a la gesta hist\u00f3rica nacional.<\/p>\n\n\n\n<p>Esta gran Jornada cultural y musical Malvinizadora \u2013in\u00e9dita en el pa\u00eds- se realiz\u00f3 gracias al apoyo del Gobierno Provincial, la municipalidad de Corrientes y el Ministerio de Seguridad, a la vez que cuenta con el fuerte apoyo de la vicegobernaci\u00f3n de la Provincia, en la persona de Pedro Braillard Poccard.<\/p>\n\n\n\n<p>La \u201cJornada Malvinizadora\u201d incluy\u00f3 proyecci\u00f3n de documentales malvineros de productores locales. Se pudo apreciar la proyecci\u00f3n de los siguientes documentales&nbsp;\u201cDos Mochilas\u201d , de Juan Aguirre y Carlos Pino y&nbsp;\u201cNuestro Nombre es Milagro\u201d, realizado por la UNNE, a trav\u00e9s de Cynthia Jara, Diego Petruszynski y Natacha Espinoza; &nbsp;&nbsp;\u201cEntre H\u00e9roes\u201d de V\u00edctor Falc\u00f3n,&nbsp;\u201cMalvinas, El regreso\u201d, dirigida por Ignacio Villanueva de Paso de los Libres; Podcast Malvinas, Combate Eterno: A 40 a\u00f1os del final de la guerra\u201d, producido por Gustavo Lezcano y presentado en Radio Dos y en las webs de la emisora y de diario \u00c9poca.<\/p>\n\n\n\n<p>En tanto, con registro audiovisual en contexto de recital, exhibieron su repertorio distintas bandas, totalizando 27 canciones malvineras.<\/p>\n\n\n\n<p>Esta acci\u00f3n paralela de registro audiovisual de rock y metal en vivo, tendr\u00e1 su cierre con la presentaci\u00f3n en vivo de \u201cRaza 1982&#8243;. Esta<\/p>\n\n\n\n<p>El cierre cont\u00f3 con la presentaci\u00f3n de la banda \u201cRaza 1982\u201d , banda bonaerense emblem\u00e1tica a nivel nacional por el alto contenido patri\u00f3tico presente en las letras de sus canciones. Con gran emotividad se vivi\u00f3 durante la interpretaci\u00f3n del Himno Nacional y Aurora, culminando as\u00ed la jornada de &nbsp;camarader\u00eda entre bandas y Ex Combatientes<\/p>\n","protected":false},"excerpt":{"rendered":"<p>En el \u201cD\u00eda de la Soberan\u00eda Nacional\u201d y en conjunci\u00f3n con el a\u00f1o del 40\u00ba aniversario de la \u201cGesta de Malvinas\u201d, la Direcci\u00f3n Provincial Malvinas Argentinas y el Ministerio de&hellip; <\/p>\n","protected":false},"author":1,"featured_media":21519,"comment_status":"closed","ping_status":"open","sticky":false,"template":"","format":"standard","meta":{"footnotes":""},"categories":[15],"tags":[],"class_list":["post-21518","post","type-post","status-publish","format-standard","has-post-thumbnail","hentry","category-cultura"],"_links":{"self":[{"href":"https:\/\/corrientesdetarde.com\/index.php\/wp-json\/wp\/v2\/posts\/21518","targetHints":{"allow":["GET"]}}],"collection":[{"href":"https:\/\/corrientesdetarde.com\/index.php\/wp-json\/wp\/v2\/posts"}],"about":[{"href":"https:\/\/corrientesdetarde.com\/index.php\/wp-json\/wp\/v2\/types\/post"}],"author":[{"embeddable":true,"href":"https:\/\/corrientesdetarde.com\/index.php\/wp-json\/wp\/v2\/users\/1"}],"replies":[{"embeddable":true,"href":"https:\/\/corrientesdetarde.com\/index.php\/wp-json\/wp\/v2\/comments?post=21518"}],"version-history":[{"count":1,"href":"https:\/\/corrientesdetarde.com\/index.php\/wp-json\/wp\/v2\/posts\/21518\/revisions"}],"predecessor-version":[{"id":21520,"href":"https:\/\/corrientesdetarde.com\/index.php\/wp-json\/wp\/v2\/posts\/21518\/revisions\/21520"}],"wp:featuredmedia":[{"embeddable":true,"href":"https:\/\/corrientesdetarde.com\/index.php\/wp-json\/wp\/v2\/media\/21519"}],"wp:attachment":[{"href":"https:\/\/corrientesdetarde.com\/index.php\/wp-json\/wp\/v2\/media?parent=21518"}],"wp:term":[{"taxonomy":"category","embeddable":true,"href":"https:\/\/corrientesdetarde.com\/index.php\/wp-json\/wp\/v2\/categories?post=21518"},{"taxonomy":"post_tag","embeddable":true,"href":"https:\/\/corrientesdetarde.com\/index.php\/wp-json\/wp\/v2\/tags?post=21518"}],"curies":[{"name":"wp","href":"https:\/\/api.w.org\/{rel}","templated":true}]}}