{"id":215181,"date":"2025-06-30T14:26:25","date_gmt":"2025-06-30T17:26:25","guid":{"rendered":"https:\/\/corrientesdetarde.com\/?p=215181"},"modified":"2025-07-01T09:43:46","modified_gmt":"2025-07-01T12:43:46","slug":"alberto-fernandez-mas-cerca-de-ir-a-juicio-por-violencia-de-genero-el-fiscal-termino-la-investigacion","status":"publish","type":"post","link":"https:\/\/corrientesdetarde.com\/index.php\/informacion-general\/alberto-fernandez-mas-cerca-de-ir-a-juicio-por-violencia-de-genero-el-fiscal-termino-la-investigacion\/","title":{"rendered":"Alberto Fern\u00e1ndez, m\u00e1s cerca de ir a juicio por violencia de g\u00e9nero: el fiscal termin\u00f3 la investigaci\u00f3n"},"content":{"rendered":"\n<p>El expresidente est\u00e1 procesado por lesiones agravadas y amenazas. Ahora debe pronunciarse la querella y luego el juez definir\u00e1 si eleva el caso a juicio oral.<\/p>\n\n\n\n<p><a href=\"https:\/\/tn.com.ar\/autor\/Brunoyacono\/\"><\/a>El fiscal federal\u00a0<strong>Ramiro Gonz\u00e1lez<\/strong>\u00a0dio por terminada la investigaci\u00f3n contra\u00a0<strong>Alberto Fern\u00e1ndez<\/strong>\u00a0por\u00a0<strong>violencia de g\u00e9nero<\/strong>\u00a0contra su expareja,\u00a0<strong>Fabiola Y\u00e1\u00f1ez<\/strong>, y comenz\u00f3 los pasos formales para solicitar la\u00a0<strong>elevaci\u00f3n a juicio<\/strong>.<\/p>\n\n\n\n<p>El caso se encamina as\u00ed hacia una nueva instancia clave: la&nbsp;<strong>querella&nbsp;<\/strong>\u2014en manos de la propia denunciante\u2014 deber\u00e1 ahora manifestar si considera que el caso debe llegar a&nbsp;<strong>juicio oral<\/strong>.<\/p>\n\n\n\n<p>Seg\u00fan confirmaron a\u00a0\u00a0fuentes judiciales, el fiscal entiende que la etapa de instrucci\u00f3n ya est\u00e1 cerrada. Por eso, en l\u00ednea con lo que establece el C\u00f3digo Procesal, le dio<strong>\u00a0traslado a Y\u00e1\u00f1ez<\/strong>\u00a0para que emita su opini\u00f3n formal. Dado que se trata de la denunciante, y que mantuvo su acusaci\u00f3n desde el inicio del expediente, todo indica que la ex primera dama\u00a0<strong>estar\u00e1 a favor\u00a0<\/strong>de que el caso vaya a juicio.<\/p>\n\n\n\n<p>Una vez que reciba ese pronunciamiento, Gonz\u00e1lez evaluar\u00e1 la respuesta y en base a ello realizar\u00e1 el requerimiento de elevaci\u00f3n a juicio ante el juez&nbsp;<strong>Juli\u00e1n Ercolini<\/strong>. Luego ser\u00e1 el&nbsp;<strong>turno de la defensa<\/strong>: el expresidente podr\u00e1 responder por escrito y, como es previsible,&nbsp;<strong>apelar\u00e1 la decisi\u00f3n<\/strong>. Finalmente, ser\u00e1 Ercolini quien definir\u00e1 si efectivamente el caso llega a juicio oral.<\/p>\n\n\n\n<p>La causa tom\u00f3 un impulso decisivo en abril pasado, cuando la\u00a0<strong>C\u00e1mara Federal porte\u00f1a<\/strong>\u00a0confirm\u00f3 el procesamiento de Fern\u00e1ndez\u00a0por<strong>\u00a0\u201clesiones leves agravadas por haber sido cometidas en un contexto de violencia de g\u00e9nero\u201d<\/strong>,\u00a0<strong>\u201clesiones graves\u201d<\/strong>\u00a0y\u00a0<strong>\u201camenazas coactivas\u201d<\/strong>\u00a0contra Y\u00e1\u00f1ez, con quien manten\u00eda una relaci\u00f3n desde al menos 2016 hasta mediados de 2024.<\/p>\n\n\n\n<p>Con la firma de los jueces&nbsp;<strong>Mart\u00edn Irurzun<\/strong>&nbsp;y&nbsp;<strong>Eduardo Farah<\/strong>, la C\u00e1mara sostuvo que durante esos a\u00f1os existi\u00f3 un v\u00ednculo marcado por la&nbsp;<strong>\u201cdesigualdad de poder\u201d<\/strong>&nbsp;y&nbsp;<strong>\u201cviolencia habitual y constante\u201d<\/strong>, especialmente de tipo psicol\u00f3gica, pero tambi\u00e9n con episodios f\u00edsicos recurrentes.<\/p>\n\n\n\n<figure class=\"wp-block-image\"><img decoding=\"async\" src=\"https:\/\/tn.com.ar\/resizer\/v2\/todo-indica-que-la-ex-primera-dama-estara-a-favor-de-que-el-caso-vaya-a-juicio-ODU226YQENDBJHPKM3BPOSSNNU.jpg?auth=e491db87662a179e8ccd6d167963ec520ca8004bdcde8c819019874f2fea0f73&amp;width=767\" alt=\"Todo indica que la ex primera dama estar\u00e1 a favor de que el caso vaya a juicio.\"\/><\/figure>\n\n\n\n<p>Seg\u00fan el fallo, los hechos se produjeron en un entorno de&nbsp;<strong>aislamiento forzado<\/strong>&nbsp;dentro de la Quinta de Olivos, donde Fern\u00e1ndez ejerc\u00eda plena autoridad.<\/p>\n\n\n\n<p>\u201cHay fuertes motivos para sostener que los hechos concretos y objetivos que fueron preliminarmente acreditados en la causa, que incluyeron lesiones y otras formas de violencia de g\u00e9nero practicadas por quien manten\u00eda una marcada desigualdad de poder con ella, fueron la causa de un marcado&nbsp;<strong>deterioro en las condiciones de salud<\/strong>&nbsp;de la v\u00edctima\u201d, se\u00f1alaron los jueces.<\/p>\n\n\n\n<p>Adem\u00e1s, remarcaron que la situaci\u00f3n de vulnerabilidad de Y\u00e1\u00f1ez era conocida por el imputado desde el inicio de la relaci\u00f3n. \u201cTodo demuestra que la damnificada estaba en una situaci\u00f3n de desigualdad de poder, al interior y exterior de la pareja\u201d, agregaron.<\/p>\n\n\n\n<p>En febrero de este a\u00f1o, Ercolini hab\u00eda dispuesto el procesamiento de Fern\u00e1ndez, el&nbsp;<strong>embargo de sus bienes<\/strong>&nbsp;por diez millones de pesos y una&nbsp;<strong>orden de restricci\u00f3n<\/strong>: le prohibi\u00f3 acercarse a menos de 500 metros de su expareja o contactarla por cualquier v\u00eda, ya sea f\u00edsica, telef\u00f3nica o digital.<\/p>\n\n\n\n<p>En su defensa, el expresidente present\u00f3 una apelaci\u00f3n de 59 p\u00e1ginas en la que&nbsp;<strong>rechaz\u00f3 todas las acusaciones<\/strong>&nbsp;y&nbsp;<strong>pidi\u00f3 su sobreseimiento<\/strong>. Aleg\u00f3 que la resoluci\u00f3n judicial carece de pruebas directas, que se basa en interpretaciones subjetivas y que los&nbsp;<strong>presuntos chats<\/strong>&nbsp;en los que Y\u00e1\u00f1ez relataba situaciones de violencia no fueron extra\u00eddos de su dispositivo original.<\/p>\n\n\n\n<p>\u201cLa&nbsp;<strong>ausencia de evidencia directa<\/strong>&nbsp;no puede ser reemplazada por construcciones subjetivas\u201d, argument\u00f3 su defensa.<\/p>\n\n\n\n<p><\/p>\n","protected":false},"excerpt":{"rendered":"<p>El expresidente est\u00e1 procesado por lesiones agravadas y amenazas. Ahora debe pronunciarse la querella y luego el juez definir\u00e1 si eleva el caso a juicio oral. El fiscal federal\u00a0Ramiro Gonz\u00e1lez\u00a0dio&hellip; <\/p>\n","protected":false},"author":8,"featured_media":215182,"comment_status":"closed","ping_status":"open","sticky":false,"template":"","format":"standard","meta":{"footnotes":""},"categories":[1],"tags":[],"class_list":["post-215181","post","type-post","status-publish","format-standard","has-post-thumbnail","hentry","category-informacion-general"],"_links":{"self":[{"href":"https:\/\/corrientesdetarde.com\/index.php\/wp-json\/wp\/v2\/posts\/215181","targetHints":{"allow":["GET"]}}],"collection":[{"href":"https:\/\/corrientesdetarde.com\/index.php\/wp-json\/wp\/v2\/posts"}],"about":[{"href":"https:\/\/corrientesdetarde.com\/index.php\/wp-json\/wp\/v2\/types\/post"}],"author":[{"embeddable":true,"href":"https:\/\/corrientesdetarde.com\/index.php\/wp-json\/wp\/v2\/users\/8"}],"replies":[{"embeddable":true,"href":"https:\/\/corrientesdetarde.com\/index.php\/wp-json\/wp\/v2\/comments?post=215181"}],"version-history":[{"count":1,"href":"https:\/\/corrientesdetarde.com\/index.php\/wp-json\/wp\/v2\/posts\/215181\/revisions"}],"predecessor-version":[{"id":215183,"href":"https:\/\/corrientesdetarde.com\/index.php\/wp-json\/wp\/v2\/posts\/215181\/revisions\/215183"}],"wp:featuredmedia":[{"embeddable":true,"href":"https:\/\/corrientesdetarde.com\/index.php\/wp-json\/wp\/v2\/media\/215182"}],"wp:attachment":[{"href":"https:\/\/corrientesdetarde.com\/index.php\/wp-json\/wp\/v2\/media?parent=215181"}],"wp:term":[{"taxonomy":"category","embeddable":true,"href":"https:\/\/corrientesdetarde.com\/index.php\/wp-json\/wp\/v2\/categories?post=215181"},{"taxonomy":"post_tag","embeddable":true,"href":"https:\/\/corrientesdetarde.com\/index.php\/wp-json\/wp\/v2\/tags?post=215181"}],"curies":[{"name":"wp","href":"https:\/\/api.w.org\/{rel}","templated":true}]}}