{"id":215188,"date":"2025-06-30T14:55:34","date_gmt":"2025-06-30T17:55:34","guid":{"rendered":"https:\/\/corrientesdetarde.com\/?p=215188"},"modified":"2025-06-30T14:55:39","modified_gmt":"2025-06-30T17:55:39","slug":"pese-al-malestar-del-campo-el-gobierno-afirmo-que-subiran-las-retenciones-el-equilibrio-fiscal-se-mantiene","status":"publish","type":"post","link":"https:\/\/corrientesdetarde.com\/index.php\/economia\/pese-al-malestar-del-campo-el-gobierno-afirmo-que-subiran-las-retenciones-el-equilibrio-fiscal-se-mantiene\/","title":{"rendered":"Pese al malestar del campo, el Gobierno afirm\u00f3 que subir\u00e1n las retenciones: \u201cEl equilibrio fiscal se mantiene\u201d"},"content":{"rendered":"\n<p>El jefe de Gabinete, Guillermo Francos, dijo que no se puede extender la reducci\u00f3n para la soja, el ma\u00edz, el sorgo y el girasol. \u201cEs irracional que no entiendan el gasto\u201d, expres\u00f3. Qu\u00e9 piensan en el sector.<\/p>\n\n\n\n<p>Pese a los cuestionamientos del campo, el<strong>&nbsp;Gobierno<\/strong>&nbsp;defendi\u00f3 la&nbsp;<strong>suba de retenciones<\/strong>&nbsp;a la soja, al ma\u00edz, el girasol y el sorgo. El jefe de Gabinete,&nbsp;<strong>Guillermo Francos,&nbsp;<\/strong>asever\u00f3 que \u201cno se puede pedir que bajemos de un d\u00eda para el otro un impuesto que genera recursos importantes para la Naci\u00f3n\u201d.<\/p>\n\n\n\n<p>En el\u00a0<strong>sector reina el malestar,<\/strong>\u00a0pero hay expectativa por el discurso que el presidente\u00a0<strong>Javier Milei<\/strong>\u00a0dar\u00e1 a fines de julio en la\u00a0<strong>137\u00b0 edici\u00f3n de la Exposici\u00f3n Rural de Palermo,\u00a0<\/strong>donde no descartan que haya anuncios sobre el tema.<\/p>\n\n\n\n<p>Sin embargo, los dichos del jefe de Gabinete en&nbsp;<em>Radio Mitre<\/em>&nbsp;se hicieron horas antes del&nbsp;<strong>1\u00b0 de julio, c<\/strong>uando dejar\u00e1 de regir la rebaja anunciada en enero por el gobierno de Milei para la exportaci\u00f3n de diversos cereales.<\/p>\n\n\n\n<p>En las \u00faltimas horas,&nbsp;<strong>un decreto extendi\u00f3 la reducci\u00f3n hasta el 31 de marzo de 2026, pero s\u00f3lo para el trigo y la cebada (siguen en 9,5%) y para la harina de trigo (5,5%<\/strong>). La soja y el ma\u00edz, el sorgo y el girasol no fueron incluidos en ese nuevo plazo.<\/p>\n\n\n\n<p>Las palabras de Francos parecen confirmar que no habr\u00e1 un nuevo decreto que prolongue el beneficio para esos dos cereales. As\u00ed,&nbsp;<strong>las retenciones a la soja pasar\u00e1n del 26% al 33%, las del ma\u00edz y sorgo del 9,5% al 12% y las del girasol del 5,5% al 7%.<\/strong><\/p>\n\n\n\n<figure class=\"wp-block-image\"><img decoding=\"async\" src=\"https:\/\/tn.com.ar\/resizer\/v2\/las-retenciones-volveran-a-subir-para-los-granos-de-la-cosecha-gruesa-foto-terminal-6-del-puerto-de-rosario-YYGIJKSJPVADXF3ZV7RWWTG6YI.jpg?auth=841bed61d51ab7de711145f970ffa89851e2cfdafaee168cfc916cbed3c468fc&amp;width=767\" alt=\"Las retenciones volver\u00e1n a subir para los granos de la cosecha gruesa. (Foto: Terminal 6 del puerto de Rosario) \"\/><\/figure>\n\n\n\n<p>\u201cEs irracional que no entiendan el gasto\u201d que conlleva la rebaja, indic\u00f3 Francos, y agreg\u00f3 que \u201cel equilibrio fiscal del Gobierno se mantiene con mucho impuesto\u201d.<\/p>\n\n\n\n<p>Al respecto, subray\u00f3 que muchos de esos impuestos fueron una herencia y que, en cambio,<strong>&nbsp;la gesti\u00f3n Milei elimin\u00f3 \u201cmuch\u00edsimos otros, como los de las econom\u00edas regionales\u201d.<\/strong><\/p>\n\n\n\n<p><strong>\u201cLas retenciones no se pueden terminar de un d\u00eda para el otro\u201d<\/strong>, reiter\u00f3 Francos.<\/p>\n\n\n\n<p>\u201c<strong>El Gobierno va haciendo todo lo posible para afectar de la menor manera los productores agropecuarios.<\/strong>&nbsp;Ahora, no nos pidan que eliminemos las retenciones, porque eso es absolutamente imposible\u201d, manifest\u00f3.<\/p>\n\n\n\n<p>En ese sentido, record\u00f3 que Milei ya dijo que su deseo es que, en el futuro, se supriman las al\u00edcuotas. Pero, seg\u00fan aclar\u00f3 el funcionario, eso se conseguir\u00e1 con \u201cun equilibrio a trav\u00e9s de la eliminaci\u00f3n del gasto\u201d. Y explic\u00f3:<strong>&nbsp;\u201cCuanto m\u00e1s gastos bajamos, m\u00e1s impuestos reducimos\u201d.<\/strong><\/p>\n\n\n\n<h2 class=\"wp-block-heading\">Malestar en el campo<\/h2>\n\n\n\n<p>Consultado sobre el tema, el presidente de la Confederaci\u00f3n de Asociaciones Rurales de Buenos Aires y La Pampa (Carbap),&nbsp;<strong>Ignacio Kovarsky,<\/strong>&nbsp;asegur\u00f3 que las retenciones&nbsp;<strong>\u201cson y ser\u00e1n un robo con cualquier gobierno\u201d.<\/strong><\/p>\n\n\n\n<p>El productor agropecuario tambi\u00e9n apunt\u00f3 contra Milei y lo cuestion\u00f3 por no haber cumplido \u201csu promesa de eliminar de inmediato los derechos de exportaci\u00f3n al campo\u201d.<\/p>\n\n\n\n<p>\u201cEl presidente dijo que al asumir las iba a sacar. No s\u00f3lo no lo hizo, sino que despu\u00e9s las baj\u00f3 parcialmente y ahora posterga la baja. Ya sali\u00f3 un decreto que dice que hasta marzo de 2026 no se bajan para el trigo y la cebada\u201d, afirm\u00f3.<\/p>\n\n\n\n<p>\u201c<strong>Pareciera que siempre hay que esperar un par de a\u00f1os. Y mientras tanto, el productor sigue sin margen<\/strong>. Tenemos paciencia, pero el bolsillo ya no aguanta m\u00e1s\u201d, sentenci\u00f3.<\/p>\n\n\n\n<p>Kovarsky remarc\u00f3 que las retenciones son un l\u00edmite hist\u00f3rico para el crecimiento del campo. \u201cEs un impuesto que le puso un techo al desarrollo del pa\u00eds. No hemos logrado hacer entender eso a ning\u00fan gobierno. Ni siquiera este, que ven\u00eda a hacer las cosas distintas\u201d, sostuvo.<\/p>\n\n\n\n<p>Sobre las diferencias con las gestiones anteriores, el titular de Carbap record\u00f3: \u201c<strong>Con el kirchnerismo fue directamente una embestida<\/strong>: nos pon\u00edan retenciones y encima las festejaban. Cerraban exportaciones de carne y ma\u00edz, impon\u00edan regulaciones absurdas.&nbsp;<strong>Hoy, al menos hay libertad de exportar. Pero las retenciones siguen\u201d.<\/strong><\/p>\n\n\n\n<p>Tambi\u00e9n traz\u00f3 una comparaci\u00f3n con el macrismo. \u201c<strong>Cuando asumi\u00f3, Macri las sac\u00f3. Y el resultado fue inmediato:&nbsp;<\/strong>r\u00e9cord de cosecha de trigo y ma\u00edz, m\u00e1s uso de fertilizante y rotaci\u00f3n. Fue demostrable. Despu\u00e9s no arregl\u00f3 el d\u00e9ficit y tuvo que volver a subirlas. Pero al menos arranc\u00f3 de otro modo. Este gobierno todav\u00eda no cumpli\u00f3 nada\u201d.<\/p>\n\n\n\n<p>Sobre la competitividad del sector, se\u00f1al\u00f3: \u201cExportar en la Argentina es cada vez m\u00e1s dif\u00edcil. El tipo de cambio est\u00e1 planchado y los impuestos nos sacan de juego. Uruguay, Brasil, Paraguay. Ninguno tiene retenciones al agro. Nosotros, s\u00ed. As\u00ed no se puede competir\u201d.<\/p>\n\n\n\n<p>Por su parte, Francos se refiri\u00f3 a la cuesti\u00f3n. \u201cSiempre escuchamos el reclamo de los productores. Entendemos que gobernadores que lideran provincias agropecuarias puedan subirse y nos parece razonable. Pero tambi\u00e9n<strong>&nbsp;es irrazonable que no entiendan que el gasto y el equilibrio fiscal se mantiene con muchos impuestos que no fueron creados por nosotros y que hemos bajado otros<\/strong>\u201d, plante\u00f3.<\/p>\n\n\n\n<p><strong>Nicol\u00e1s Pino,<\/strong>&nbsp;presidente de la Sociedad Rural Argentina (SRA), reconoci\u00f3 el esfuerzo del Gobierno para bajar impuestos y afirm\u00f3 que tal vez no est\u00e9n dadas las condiciones para eliminar las retenciones por completo.<\/p>\n\n\n\n<p>&nbsp;\u201cTenemos que tener templanza y recordar de d\u00f3nde venimos, d\u00f3nde estamos hoy y el panorama hacia adelante\u201d, resalt\u00f3.<\/p>\n\n\n\n<p>No obstante,<strong>&nbsp;asegur\u00f3 que la mesa de enlace<\/strong>&nbsp;seguir\u00e1 insistiendo con el pedido y que naturalmente\u201c habr\u00e1 una baja en las liquidaciones en los pr\u00f3ximos meses\u201d, que \u201cdepender\u00e1 de las necesidades de los productores\u201d, anticip\u00f3.<\/p>\n\n\n\n<p>Durante la \u00faltima semana, hubo una avalancha de declaraciones juradas por exportaciones, debido a que el sector se apur\u00f3 a vender antes de la inminente suba del impuesto. Estiman que este aluvi\u00f3n habr\u00eda representado un ingreso de divisas de&nbsp;<strong>entre US$6000 millones y US$7400 millones.<\/strong><\/p>\n","protected":false},"excerpt":{"rendered":"<p>El jefe de Gabinete, Guillermo Francos, dijo que no se puede extender la reducci\u00f3n para la soja, el ma\u00edz, el sorgo y el girasol. \u201cEs irracional que no entiendan el&hellip; <\/p>\n","protected":false},"author":8,"featured_media":215189,"comment_status":"closed","ping_status":"open","sticky":false,"template":"","format":"standard","meta":{"footnotes":""},"categories":[20],"tags":[],"class_list":["post-215188","post","type-post","status-publish","format-standard","has-post-thumbnail","hentry","category-economia"],"_links":{"self":[{"href":"https:\/\/corrientesdetarde.com\/index.php\/wp-json\/wp\/v2\/posts\/215188","targetHints":{"allow":["GET"]}}],"collection":[{"href":"https:\/\/corrientesdetarde.com\/index.php\/wp-json\/wp\/v2\/posts"}],"about":[{"href":"https:\/\/corrientesdetarde.com\/index.php\/wp-json\/wp\/v2\/types\/post"}],"author":[{"embeddable":true,"href":"https:\/\/corrientesdetarde.com\/index.php\/wp-json\/wp\/v2\/users\/8"}],"replies":[{"embeddable":true,"href":"https:\/\/corrientesdetarde.com\/index.php\/wp-json\/wp\/v2\/comments?post=215188"}],"version-history":[{"count":1,"href":"https:\/\/corrientesdetarde.com\/index.php\/wp-json\/wp\/v2\/posts\/215188\/revisions"}],"predecessor-version":[{"id":215190,"href":"https:\/\/corrientesdetarde.com\/index.php\/wp-json\/wp\/v2\/posts\/215188\/revisions\/215190"}],"wp:featuredmedia":[{"embeddable":true,"href":"https:\/\/corrientesdetarde.com\/index.php\/wp-json\/wp\/v2\/media\/215189"}],"wp:attachment":[{"href":"https:\/\/corrientesdetarde.com\/index.php\/wp-json\/wp\/v2\/media?parent=215188"}],"wp:term":[{"taxonomy":"category","embeddable":true,"href":"https:\/\/corrientesdetarde.com\/index.php\/wp-json\/wp\/v2\/categories?post=215188"},{"taxonomy":"post_tag","embeddable":true,"href":"https:\/\/corrientesdetarde.com\/index.php\/wp-json\/wp\/v2\/tags?post=215188"}],"curies":[{"name":"wp","href":"https:\/\/api.w.org\/{rel}","templated":true}]}}