{"id":215191,"date":"2025-06-30T14:59:17","date_gmt":"2025-06-30T17:59:17","guid":{"rendered":"https:\/\/corrientesdetarde.com\/?p=215191"},"modified":"2025-06-30T14:59:22","modified_gmt":"2025-06-30T17:59:22","slug":"el-futuro-de-lionel-messi-un-periodista-afirmo-que-jugaria-en-otro-equipo-antes-del-mundial-2026","status":"publish","type":"post","link":"https:\/\/corrientesdetarde.com\/index.php\/deportes\/el-futuro-de-lionel-messi-un-periodista-afirmo-que-jugaria-en-otro-equipo-antes-del-mundial-2026\/","title":{"rendered":"El futuro de Lionel Messi: un periodista afirm\u00f3 que jugar\u00eda en otro equipo antes del Mundial 2026"},"content":{"rendered":"\n<p>La renovaci\u00f3n del contrato con el Inter Miami se demora y se cree que el capit\u00e1n argentino podr\u00eda buscar jugar en una liga m\u00e1s exigente en la previa de la Copa del Mundo.<\/p>\n\n\n\n<p><strong>\u00bfSe va\u00a0Lionel Messi\u00a0del Inter Miami?<\/strong>\u00a0La posibilidad cobr\u00f3 fuerza en las \u00faltimas horas luego de que el periodista\u00a0<strong>Esteban Edul<\/strong>, en una charla con\u00a0<strong>Mariano Closs<\/strong>\u00a0en\u00a0<em>ESPN<\/em>, asegurara que La Pulga\u00a0<strong>analiza la chance de dejar la MLS<\/strong>\u00a0durante los seis meses previos al Mundial 2026.<\/p>\n\n\n\n<p>Seg\u00fan revel\u00f3 el comunicador, el capit\u00e1n de la Selecci\u00f3n argentina tendr\u00eda en mente \u201c<strong>jugar en una liga m\u00e1s competitiva<\/strong>\u201d desde enero hasta junio del pr\u00f3ximo a\u00f1o, como preparaci\u00f3n para llegar en su mejor nivel a la Copa del Mundo.<\/p>\n\n\n\n<figure class=\"wp-block-image\"><img decoding=\"async\" src=\"https:\/\/tn.com.ar\/resizer\/v2\/lionel-messi-se-reencontro-con-el-psg-en-el-mundial-de-clubes-foto-reuters-JY4ZXLFT2VDP7B7YCSJFOYFCU4.png?auth=12cc48cca448476fac5a56a8713deac77d3d09795ac7592c0967a1208be1e8aa&amp;width=767\" alt=\"Lionel Messi se reencontr\u00f3 con el PSG en el Mundial de Clubes. (Foto: Reuters)\"\/><\/figure>\n\n\n\n<h2 class=\"wp-block-heading\">Lionel Messi sigue sin renovar su contrato con Inter Miami<\/h2>\n\n\n\n<p>Al concretar su llegada en junio de 2023, la Pulga firm\u00f3 un contrato hasta&nbsp;<strong>diciembre de 2025<\/strong>&nbsp;con el equipo de la MLS. A casi seis meses de que ese v\u00ednculo expire, Messi tendr\u00e1 la posibilidad desde el&nbsp;<strong>1 de julio&nbsp;<\/strong>de negociar como agente libre con cualquier club y de firmar un preacuerdo para sumarse a sus filas en 2026.<\/p>\n\n\n\n<p>Aunque no existen indicios claros sobre una posible salida del astro hacia otra instituci\u00f3n, la situaci\u00f3n comienza a generar preocupaci\u00f3n, dado que las negociaciones para renovar su contrato con Inter Miami no han tenido mayores novedades en los \u00faltimos tiempos.<\/p>\n","protected":false},"excerpt":{"rendered":"<p>La renovaci\u00f3n del contrato con el Inter Miami se demora y se cree que el capit\u00e1n argentino podr\u00eda buscar jugar en una liga m\u00e1s exigente en la previa de la&hellip; <\/p>\n","protected":false},"author":8,"featured_media":215192,"comment_status":"closed","ping_status":"open","sticky":false,"template":"","format":"standard","meta":{"footnotes":""},"categories":[4],"tags":[],"class_list":["post-215191","post","type-post","status-publish","format-standard","has-post-thumbnail","hentry","category-deportes"],"_links":{"self":[{"href":"https:\/\/corrientesdetarde.com\/index.php\/wp-json\/wp\/v2\/posts\/215191","targetHints":{"allow":["GET"]}}],"collection":[{"href":"https:\/\/corrientesdetarde.com\/index.php\/wp-json\/wp\/v2\/posts"}],"about":[{"href":"https:\/\/corrientesdetarde.com\/index.php\/wp-json\/wp\/v2\/types\/post"}],"author":[{"embeddable":true,"href":"https:\/\/corrientesdetarde.com\/index.php\/wp-json\/wp\/v2\/users\/8"}],"replies":[{"embeddable":true,"href":"https:\/\/corrientesdetarde.com\/index.php\/wp-json\/wp\/v2\/comments?post=215191"}],"version-history":[{"count":1,"href":"https:\/\/corrientesdetarde.com\/index.php\/wp-json\/wp\/v2\/posts\/215191\/revisions"}],"predecessor-version":[{"id":215193,"href":"https:\/\/corrientesdetarde.com\/index.php\/wp-json\/wp\/v2\/posts\/215191\/revisions\/215193"}],"wp:featuredmedia":[{"embeddable":true,"href":"https:\/\/corrientesdetarde.com\/index.php\/wp-json\/wp\/v2\/media\/215192"}],"wp:attachment":[{"href":"https:\/\/corrientesdetarde.com\/index.php\/wp-json\/wp\/v2\/media?parent=215191"}],"wp:term":[{"taxonomy":"category","embeddable":true,"href":"https:\/\/corrientesdetarde.com\/index.php\/wp-json\/wp\/v2\/categories?post=215191"},{"taxonomy":"post_tag","embeddable":true,"href":"https:\/\/corrientesdetarde.com\/index.php\/wp-json\/wp\/v2\/tags?post=215191"}],"curies":[{"name":"wp","href":"https:\/\/api.w.org\/{rel}","templated":true}]}}