{"id":215221,"date":"2025-06-30T16:00:09","date_gmt":"2025-06-30T19:00:09","guid":{"rendered":"https:\/\/corrientesdetarde.com\/?p=215221"},"modified":"2025-06-30T16:00:13","modified_gmt":"2025-06-30T19:00:13","slug":"la-afa-repudio-los-gestos-antisemitas-de-los-hinchas-de-all-boys-en-el-partido-contra-atlanta","status":"publish","type":"post","link":"https:\/\/corrientesdetarde.com\/index.php\/deportes\/la-afa-repudio-los-gestos-antisemitas-de-los-hinchas-de-all-boys-en-el-partido-contra-atlanta\/","title":{"rendered":"La AFA repudi\u00f3 los gestos antisemitas de los hinchas de All Boys en el partido contra Atlanta"},"content":{"rendered":"\n<p>La entidad madre del f\u00fatbol argentino calific\u00f3 los hechos como \u201caberrantes\u201d.<\/p>\n\n\n\n<p>La\u00a0<strong>Asociaci\u00f3n del F\u00fatbol Argentino\u00a0<\/strong>(AFA) emiti\u00f3 un comunicado en el que repudi\u00f3 los actos antisemitas protagonizados por un grupo de hinchas de\u00a0All Boys, quienes mostraron un ata\u00fad con la bandera de Israel durante el partido ante Atlanta, por la fecha 20 de la Primera Nacional.<\/p>\n\n\n\n<p>La casa madre del f\u00fatbol argentino calific\u00f3 los hechos como \u201c<strong>aberrantes<\/strong>\u201d y sostuvo que ocurrieron tanto en la previa como durante el desarrollo del encuentro.<\/p>\n\n\n\n<p>En el mismo comunicado, la AFA dej\u00f3 en claro su compromiso con la lucha contra la discriminaci\u00f3n y llam\u00f3 a erradicar este tipo de comportamientos del f\u00fatbol argentino. \u201c<strong>Eso no es folclore. Eso es discriminaci\u00f3n<\/strong>\u201d, se\u00f1alaron.<\/p>\n\n\n\n<p>Adem\u00e1s, informaron que el presidente&nbsp;<strong>Claudio Tapia<\/strong>, junto a la Comisi\u00f3n de Gobernanza, Transparencia e Integridad, present\u00f3 una denuncia formal ante el Tribunal de Disciplina para que se inicie un expediente y se tomen medidas inmediatas frente al caso.<\/p>\n\n\n\n<figure class=\"wp-block-image\"><img decoding=\"async\" src=\"https:\/\/tn.com.ar\/resizer\/v2\/https%3A%2F%2Fthumbs.vodgc.net%2F1-14-mevXO51751225124468-1751225727.jpg?auth=d9b48dbabd3acc30482dcaaa5f9e7de9bf63ae79af7f224c71149dfd4e836668&amp;width=767\" alt=\"Video Placeholder\"\/><\/figure>\n\n\n\n<h2 class=\"wp-block-heading\">El comunicado de la AFA<\/h2>\n\n\n\n<p><em>La Asociaci\u00f3n del F\u00fatbol Argentino expresa su repudio total y absoluto contra los aberrantes actos de antisemitismo efectuados por hinchas del club All Boys en el d\u00eda de ayer tanto en la previa como durante el partido que dicha entidad disput\u00f3 contra su similar del club Atlanta de la categor\u00eda Primera Nacional.<\/em><\/p>\n\n\n\n<p><em>En su lucha incansable contra la discriminaci\u00f3n, esta Asociaci\u00f3n, llama a la sociedad futbolera en su conjunto a erradicar de una vez por todas esta clase de conductas. Eso no es folclore. Eso es discriminaci\u00f3n. Y desde la AFA seguiremos luchando d\u00eda a d\u00eda para que la fiesta del futbol argentino se desarrolle en un marco de respeto y paz.<\/em><\/p>\n\n\n\n<p><em>La Asociaci\u00f3n del F\u00fatbol Argentino, a trav\u00e9s de su Presidente, Claudio Tapia y la Comisi\u00f3n de Gobernanza, Transparencia e Integridad, elevaron hoy una denuncia formal al Tribunal de Disciplina, a fin de abrir un expediente para que tome inmediata intervenci\u00f3n en el caso.<\/em><\/p>\n","protected":false},"excerpt":{"rendered":"<p>La entidad madre del f\u00fatbol argentino calific\u00f3 los hechos como \u201caberrantes\u201d. La\u00a0Asociaci\u00f3n del F\u00fatbol Argentino\u00a0(AFA) emiti\u00f3 un comunicado en el que repudi\u00f3 los actos antisemitas protagonizados por un grupo de&hellip; <\/p>\n","protected":false},"author":8,"featured_media":215222,"comment_status":"closed","ping_status":"open","sticky":false,"template":"","format":"standard","meta":{"footnotes":""},"categories":[4],"tags":[],"class_list":["post-215221","post","type-post","status-publish","format-standard","has-post-thumbnail","hentry","category-deportes"],"_links":{"self":[{"href":"https:\/\/corrientesdetarde.com\/index.php\/wp-json\/wp\/v2\/posts\/215221","targetHints":{"allow":["GET"]}}],"collection":[{"href":"https:\/\/corrientesdetarde.com\/index.php\/wp-json\/wp\/v2\/posts"}],"about":[{"href":"https:\/\/corrientesdetarde.com\/index.php\/wp-json\/wp\/v2\/types\/post"}],"author":[{"embeddable":true,"href":"https:\/\/corrientesdetarde.com\/index.php\/wp-json\/wp\/v2\/users\/8"}],"replies":[{"embeddable":true,"href":"https:\/\/corrientesdetarde.com\/index.php\/wp-json\/wp\/v2\/comments?post=215221"}],"version-history":[{"count":1,"href":"https:\/\/corrientesdetarde.com\/index.php\/wp-json\/wp\/v2\/posts\/215221\/revisions"}],"predecessor-version":[{"id":215223,"href":"https:\/\/corrientesdetarde.com\/index.php\/wp-json\/wp\/v2\/posts\/215221\/revisions\/215223"}],"wp:featuredmedia":[{"embeddable":true,"href":"https:\/\/corrientesdetarde.com\/index.php\/wp-json\/wp\/v2\/media\/215222"}],"wp:attachment":[{"href":"https:\/\/corrientesdetarde.com\/index.php\/wp-json\/wp\/v2\/media?parent=215221"}],"wp:term":[{"taxonomy":"category","embeddable":true,"href":"https:\/\/corrientesdetarde.com\/index.php\/wp-json\/wp\/v2\/categories?post=215221"},{"taxonomy":"post_tag","embeddable":true,"href":"https:\/\/corrientesdetarde.com\/index.php\/wp-json\/wp\/v2\/tags?post=215221"}],"curies":[{"name":"wp","href":"https:\/\/api.w.org\/{rel}","templated":true}]}}