{"id":21524,"date":"2022-11-21T20:55:50","date_gmt":"2022-11-21T23:55:50","guid":{"rendered":"https:\/\/corrientesdetarde.com\/?p=21524"},"modified":"2022-11-21T20:55:54","modified_gmt":"2022-11-21T23:55:54","slug":"la-provincia-entrego-materiales-a-la-municipalidad-de-corrientes-para-la-remodelacion-del-paseo-arazaty-y-la-plaza-belgrano","status":"publish","type":"post","link":"https:\/\/corrientesdetarde.com\/index.php\/informacion-general\/la-provincia-entrego-materiales-a-la-municipalidad-de-corrientes-para-la-remodelacion-del-paseo-arazaty-y-la-plaza-belgrano\/","title":{"rendered":"La Provincia entreg\u00f3 materiales a la Municipalidad de Corrientes para la remodelaci\u00f3n del Paseo Arazaty y la Plaza Belgrano"},"content":{"rendered":"\n<p>El Gobierno Provincial entreg\u00f3 materiales a la Municipalidad de la ciudad de Corrientes destinados a la remodelaci\u00f3n de dos espacios p\u00fablicos en la ciudad: el Paseo Arazaty y la Plaza Belgrano.<\/p>\n\n\n\n<p>Dicha entrega la realiz\u00f3 el Ministerio de Obras y Servicios P\u00fablicos a trav\u00e9s de su Unidad Coordinaci\u00f3n y fue posible mediante un convenio&nbsp;con la UNOPS (Oficina de las Naciones Unidas de Servicios para Proyectos) que permiti\u00f3 acceder a su Programa de Adquisici\u00f3n y Entrega de Materiales, en este caso para los dos espacios p\u00fablicos mencionados.<\/p>\n\n\n\n<p>El objetivo del programa es poner en valor espacios urbanos, a partir de proyectos formulados por Municipios o Provincias y financia la adquisici\u00f3n de materiales como columnas y luminarias de alumbrado p\u00fablico, pisos de losetas gran\u00edticas, equipamientos urbanos como bancos de hormig\u00f3n, maceteros de hormig\u00f3n, cestos met\u00e1licos y bicicleteros met\u00e1licos, entre otros elementos.<\/p>\n\n\n\n<p>Cabe destacar que la ejecuci\u00f3n de los trabajos de refacci\u00f3n y remodelaci\u00f3n en el&nbsp;Paseo Arazaty y la Plaza Belgrano estar\u00e1n a cargo de la Municipalidad capitalina.<\/p>\n","protected":false},"excerpt":{"rendered":"<p>El Gobierno Provincial entreg\u00f3 materiales a la Municipalidad de la ciudad de Corrientes destinados a la remodelaci\u00f3n de dos espacios p\u00fablicos en la ciudad: el Paseo Arazaty y la Plaza&hellip; <\/p>\n","protected":false},"author":1,"featured_media":21525,"comment_status":"closed","ping_status":"open","sticky":false,"template":"","format":"standard","meta":{"footnotes":""},"categories":[1],"tags":[],"class_list":["post-21524","post","type-post","status-publish","format-standard","has-post-thumbnail","hentry","category-informacion-general"],"_links":{"self":[{"href":"https:\/\/corrientesdetarde.com\/index.php\/wp-json\/wp\/v2\/posts\/21524","targetHints":{"allow":["GET"]}}],"collection":[{"href":"https:\/\/corrientesdetarde.com\/index.php\/wp-json\/wp\/v2\/posts"}],"about":[{"href":"https:\/\/corrientesdetarde.com\/index.php\/wp-json\/wp\/v2\/types\/post"}],"author":[{"embeddable":true,"href":"https:\/\/corrientesdetarde.com\/index.php\/wp-json\/wp\/v2\/users\/1"}],"replies":[{"embeddable":true,"href":"https:\/\/corrientesdetarde.com\/index.php\/wp-json\/wp\/v2\/comments?post=21524"}],"version-history":[{"count":1,"href":"https:\/\/corrientesdetarde.com\/index.php\/wp-json\/wp\/v2\/posts\/21524\/revisions"}],"predecessor-version":[{"id":21526,"href":"https:\/\/corrientesdetarde.com\/index.php\/wp-json\/wp\/v2\/posts\/21524\/revisions\/21526"}],"wp:featuredmedia":[{"embeddable":true,"href":"https:\/\/corrientesdetarde.com\/index.php\/wp-json\/wp\/v2\/media\/21525"}],"wp:attachment":[{"href":"https:\/\/corrientesdetarde.com\/index.php\/wp-json\/wp\/v2\/media?parent=21524"}],"wp:term":[{"taxonomy":"category","embeddable":true,"href":"https:\/\/corrientesdetarde.com\/index.php\/wp-json\/wp\/v2\/categories?post=21524"},{"taxonomy":"post_tag","embeddable":true,"href":"https:\/\/corrientesdetarde.com\/index.php\/wp-json\/wp\/v2\/tags?post=21524"}],"curies":[{"name":"wp","href":"https:\/\/api.w.org\/{rel}","templated":true}]}}