{"id":215349,"date":"2025-07-01T14:28:45","date_gmt":"2025-07-01T17:28:45","guid":{"rendered":"https:\/\/corrientesdetarde.com\/?p=215349"},"modified":"2025-07-01T14:28:58","modified_gmt":"2025-07-01T17:28:58","slug":"desde-hoy-lionel-messi-es-agente-libre-y-puede-firmar-contrato-con-cualquier-club-del-mundo","status":"publish","type":"post","link":"https:\/\/corrientesdetarde.com\/index.php\/deportes\/desde-hoy-lionel-messi-es-agente-libre-y-puede-firmar-contrato-con-cualquier-club-del-mundo\/","title":{"rendered":"Desde hoy, Lionel Messi es agente libre y puede firmar contrato con cualquier club del mundo"},"content":{"rendered":"\n<p>Amparado en el reglamento de la FIFA, el capit\u00e1n de la Selecci\u00f3n argentina ingres\u00f3 en el per\u00edodo que le permite definir su futuro sin resarcimiento econ\u00f3mico al Inter Miami.<\/p>\n\n\n\n<p>El astro argentino\u00a0<strong>Lionel Messi\u00a0<\/strong>es oficialmente desde este martes 1 de julio\u00a0<strong>agente libre<\/strong>, un hecho previsto por la reglamento de la<strong>\u00a0FIFA<\/strong>\u00a0que adquiere un impacto especial en medio de los rumores de su posible salida del\u00a0<strong>Inter Miami<\/strong>.<\/p>\n\n\n\n<p>Bajo esta condici\u00f3n,&nbsp;<strong>el capit\u00e1n de la Selecci\u00f3n argentina puede ejercer su derecho de firmar contrato con cualquier club del mundo<\/strong>&nbsp;para incorporarse despu\u00e9s de la finalizaci\u00f3n de su v\u00ednculo en Miami, el 31 de diciembre pr\u00f3ximo.<\/p>\n\n\n\n<p>La FIFA reserva esa potestad a&nbsp;<strong>los futbolistas sin club y tambi\u00e9n para aquellos que se encuentran dentro de los seis meses previos al vencimiento de su contrato con una instituci\u00f3n<\/strong>. En ese per\u00edodo, el club no recibe ninguna compensaci\u00f3n econ\u00f3mica en caso que el jugador arregle firme con otro equipo.<\/p>\n\n\n\n<figure class=\"wp-block-image\"><img decoding=\"async\" src=\"https:\/\/tn.com.ar\/resizer\/v2\/la-pulga-define-su-futuro-foto-ap-VFGYQXZZUBHSLCPVBMSIRW56IU.png?auth=caf927c095e9f0dee6121f699743026b79e37b01bc92efb304b39f7421a4b8e4&amp;width=767\" alt=\"La Pulga define su futuro. (Foto: AP)\"\/><\/figure>\n\n\n\n<p>Este cambio de estatus se produce en medio de las versiones de un posible cambio de rumbo en la carrera del argentino, quien no estar\u00eda del todo conforme con el proyecto deportivo de un Inter Miami al que le cost\u00f3 ser competitivo desde su llegada.<\/p>\n\n\n\n<p>La decisi\u00f3n de Messi de un eventual cambio se relaciona con la mejor preparaci\u00f3n posible para el&nbsp;<strong>\u00faltimo Mundial de su carrera<\/strong>, que se disputar\u00e1 a mediados del a\u00f1o pr\u00f3ximo en Estados Unidos, Canad\u00e1 y M\u00e9xico.<\/p>\n\n\n\n<p>El club&nbsp;<strong>Al-Hilal de Arabia Saudita<\/strong>, flamante cuartofinalista en el Mundial de Clubes, inici\u00f3 negociaciones con el entorno del argentino para presentar formalmente una oferta.<\/p>\n\n\n\n<p>Y desde lo sentimental,&nbsp;<strong>Newell\u2019s<\/strong>&nbsp;se ilusiona con tenerlo en el semestre previo a la Copa del Mundo, basando en el efecto contagio que puede significar la presencia de&nbsp;<strong>\u00c1ngel Di Mar\u00eda<\/strong>&nbsp;en Rosario Central y&nbsp;<strong>Leandro Paredes<\/strong>&nbsp;en Boca.<\/p>\n\n\n\n<h2 class=\"wp-block-heading\"><strong>La millonaria cifra que puede perder Inter Miami si se va Messi<\/strong><\/h2>\n\n\n\n<p>En caso de que el argentino se marche a fin de a\u00f1o, la Major League Soccer (MLS) de los Estados Unidos perder\u00eda cerca de&nbsp;<strong>300 millones de d\u00f3lares<\/strong>.<\/p>\n\n\n\n<p>Desde la llegada del 10 a la franquicia de la Florida, se generaron&nbsp;<strong>265 millones de d\u00f3lares en ventas de entradas<\/strong>, a lo que se sumaron&nbsp;<strong>29,7 millones de d\u00f3lares<\/strong>&nbsp;en suscripciones a Apple TV para ver los partidos, seg\u00fan inform\u00f3 diario<em>&nbsp;Sport<\/em>.<\/p>\n\n\n\n<h2 class=\"wp-block-heading\"><strong>\u00bfCu\u00e1ndo termina el contrato de Lionel Messi en Inter Miami?<\/strong><\/h2>\n\n\n\n<p>Su v\u00ednculo con&nbsp;<strong>Las Garzas<\/strong>&nbsp;finaliza en&nbsp;<strong>diciembre de 2025<\/strong>, y el tema de su continuidad ya es motivo de conversaci\u00f3n en Estados Unidos, cuya dirigencia de f\u00fatbol tiene como prioridad retener al argentino en los seis meses previos al Mundial.<\/p>\n","protected":false},"excerpt":{"rendered":"<p>Amparado en el reglamento de la FIFA, el capit\u00e1n de la Selecci\u00f3n argentina ingres\u00f3 en el per\u00edodo que le permite definir su futuro sin resarcimiento econ\u00f3mico al Inter Miami. El&hellip; <\/p>\n","protected":false},"author":8,"featured_media":215350,"comment_status":"closed","ping_status":"open","sticky":false,"template":"","format":"standard","meta":{"footnotes":""},"categories":[4],"tags":[],"class_list":["post-215349","post","type-post","status-publish","format-standard","has-post-thumbnail","hentry","category-deportes"],"_links":{"self":[{"href":"https:\/\/corrientesdetarde.com\/index.php\/wp-json\/wp\/v2\/posts\/215349","targetHints":{"allow":["GET"]}}],"collection":[{"href":"https:\/\/corrientesdetarde.com\/index.php\/wp-json\/wp\/v2\/posts"}],"about":[{"href":"https:\/\/corrientesdetarde.com\/index.php\/wp-json\/wp\/v2\/types\/post"}],"author":[{"embeddable":true,"href":"https:\/\/corrientesdetarde.com\/index.php\/wp-json\/wp\/v2\/users\/8"}],"replies":[{"embeddable":true,"href":"https:\/\/corrientesdetarde.com\/index.php\/wp-json\/wp\/v2\/comments?post=215349"}],"version-history":[{"count":1,"href":"https:\/\/corrientesdetarde.com\/index.php\/wp-json\/wp\/v2\/posts\/215349\/revisions"}],"predecessor-version":[{"id":215351,"href":"https:\/\/corrientesdetarde.com\/index.php\/wp-json\/wp\/v2\/posts\/215349\/revisions\/215351"}],"wp:featuredmedia":[{"embeddable":true,"href":"https:\/\/corrientesdetarde.com\/index.php\/wp-json\/wp\/v2\/media\/215350"}],"wp:attachment":[{"href":"https:\/\/corrientesdetarde.com\/index.php\/wp-json\/wp\/v2\/media?parent=215349"}],"wp:term":[{"taxonomy":"category","embeddable":true,"href":"https:\/\/corrientesdetarde.com\/index.php\/wp-json\/wp\/v2\/categories?post=215349"},{"taxonomy":"post_tag","embeddable":true,"href":"https:\/\/corrientesdetarde.com\/index.php\/wp-json\/wp\/v2\/tags?post=215349"}],"curies":[{"name":"wp","href":"https:\/\/api.w.org\/{rel}","templated":true}]}}