{"id":215518,"date":"2025-07-02T13:59:56","date_gmt":"2025-07-02T16:59:56","guid":{"rendered":"https:\/\/corrientesdetarde.com\/?p=215518"},"modified":"2025-07-02T13:59:59","modified_gmt":"2025-07-02T16:59:59","slug":"argentina-impulsa-un-acuerdo-arancelario-en-el-mercosur-con-el-ojo-puesto-en-la-negociacion-comercial-con-eeuu-2","status":"publish","type":"post","link":"https:\/\/corrientesdetarde.com\/index.php\/economia\/argentina-impulsa-un-acuerdo-arancelario-en-el-mercosur-con-el-ojo-puesto-en-la-negociacion-comercial-con-eeuu-2\/","title":{"rendered":"Argentina impulsa un acuerdo arancelario en el Mercosur con el ojo puesto en la negociaci\u00f3n comercial con EEUU"},"content":{"rendered":"\n<p>Se incorporar\u00e1n 50 productos a las excepciones del arancel externo com\u00fan. Anuncio por el fin de las negociaciones con EFTA y expectativa por la llegada de Lula.<a href=\"https:\/\/tn.com.ar\/autor\/gbanez\/\"><\/a><\/p>\n\n\n\n<p>Esta ma\u00f1ana en el Palacio San Mart\u00edn se dio inicio a la primera de las dos jornadas en las que se desarrolla una nueva cumbre del Mercosur. La<strong>&nbsp;Argentina<\/strong>, con la presidencia pro tempore del grupo, es el<strong>&nbsp;anfitri\u00f3n<\/strong>&nbsp;de un encuentro que tiene todas las miradas puestas en la reuni\u00f3n de l\u00edderes del jueves, pero que&nbsp;<strong>podr\u00eda dejar importantes definiciones para el futuro comercial del bloque.<\/strong><\/p>\n\n\n\n<p>La Canciller\u00eda argentina, a cargo de Gerardo Werthein,\u00a0viene trabajando intensamente en los \u00faltimos meses\u00a0con sus contrapartes de Brasil, Paraguay, Uruguay y Bolivia para sellar la\u00a0<strong>ampliaci\u00f3n de la Lista Nacional de Excepciones al arancel externo<\/strong>\u00a0com\u00fan del Mercosur.<\/p>\n\n\n\n<p>El objetivo de la pol\u00edtica exterior argentina era lograr la incorporaci\u00f3n de 50 nuevos c\u00f3digos de productos al listado para avanzar en las conversaciones arancelarias que se mantienen con Estados Unidos. En distintas reuniones previas de cancilleres<strong>&nbsp;se manifest\u00f3 el compromiso en avanzar en esa l\u00ednea<\/strong>, que terminar\u00e1 de concretarse durante el encuentro en Buenos Aires.<\/p>\n\n\n\n<p>La Casa Rosada espera que este sea el empuj\u00f3n que a la Argentina le falta para terminar de cerrar el acuerdo comercial que paralelamente se negocia con los representantes de Donald Trump.\u00a0<strong>\u201cEstamos muy cerca\u201d<\/strong>, se mostraron confiados en di\u00e1logo con\u00a0\u00a0distintas fuentes oficiales que siguen muy de cerca el tema. Hay expectativa del Gobierno y de las c\u00e1maras empresarias para que la conversaci\u00f3n con Washington termine en el corto plazo.<\/p>\n\n\n\n<figure class=\"wp-block-image\"><img decoding=\"async\" src=\"https:\/\/tn.com.ar\/resizer\/v2\/ya-sin-lacalle-pou-al-frente-de-uruguay-javier-milei-volvera-a-encontrarse-con-luiz-inacio-lula-da-silva-en-una-cumbre-del-mercosur-reutersmariana-greif-4W2YGZMRBVAEPZUWRWNPMZVE2I.jpg?auth=3d7719557ee314c5cc8ffd5ce196aca381188daaebb67e816ec9dbae2a48d298&amp;width=767\" alt=\"Ya sin Lacalle Pou al frente de Uruguay, Javier Milei volver\u00e1 a encontrarse con Luiz In\u00e1cio Lula da Silva en una cumbre del Mercosur. (REUTERS\/Mariana Greif)\"\/><\/figure>\n\n\n\n<p>La Canciller\u00eda argentina ser\u00e1 sede de otro importante anuncio que se empez\u00f3 a negociar en 2017:&nbsp;<strong>el acuerdo comercial con la Asociaci\u00f3n Europea de Libre Comercio (EFTA<\/strong>, por sus siglas en ingl\u00e9s), que integran Suiza, Noruega, Islandia y Liechtenstein.<\/p>\n\n\n\n<p>Finalmente, los cancilleres del Mercosur anunciaron este mi\u00e9rcoles la finalizaci\u00f3n del tratado de libre comercio con la Asociaci\u00f3n Europea de Libre Comercio (EFTA).<\/p>\n\n\n\n<p>\u201cCrear\u00e1 un \u00e1rea de libre comercio de casi 300 millones de personas con un PIB combinado de m\u00e1s de US$4,3 trillones. Ambos lados se beneficiar\u00e1n de mejoras de acceso a los mercados para m\u00e1s del 97% de sus exportaciones, lo que se traducir\u00e1 en un incremento del comercio bilateral y ventajas para empresas e individuos\u201d, informaron desde Canciller\u00eda.<\/p>\n\n\n\n<p>Seg\u00fan indicaron, el tratado cubrir\u00e1 comercio de bienes, comercio de servicios, inversiones, derechos de propiedad intelectual, compras p\u00fablicas, competencia, reglas de origen, defensa comercial, medidas sanitarias y fitosanitarias, obst\u00e1culos t\u00e9cnicos al comercio, asuntos legales y horizontales, \u201cincluyendo soluci\u00f3n de controversias, y un cap\u00edtulo de comercio y desarrollo sostenible con su correspondiente Entendimiento\u201d.<\/p>\n\n\n\n<p>Por su parte, el ministro de Econom\u00eda<strong>, Luis Caputo&nbsp;<\/strong>se reunir\u00e1 con sus pares de los pa\u00edses miembros del Mercosur y con los respectivos presidentes de los bancos centrales. A \u00e9l le seguir\u00e1 el ministro de Relaciones Exteriores, Gerardo Werthein, con su contrapartes.<\/p>\n\n\n\n<p>La atenci\u00f3n estar\u00e1 puesta en el jueves, donde&nbsp;<strong>Javier Milei recibir\u00e1 formalmente a los presidentes de la regi\u00f3n<\/strong>. Ser\u00e1 el primer encuentro cara a cara del presidente argentino con Luiz In\u00e1cio Lula da Silva. Hasta el momento ninguna de las partes confirmaron que est\u00e9 planificada una reuni\u00f3n bilateral entre ambos.<\/p>\n\n\n\n<p>Si bien se espera que la Argentina adopte el tono cr\u00edtico que viene teniendo sobre el rumbo econ\u00f3mico del Mercosur y la actualizaci\u00f3n que necesita,&nbsp;<strong>Milei y Werthein buscar\u00e1n mantener una posici\u00f3n pragm\u00e1tica&nbsp;<\/strong>-como hizo el mandatario argentino durante la cumbre del G20 en R\u00edo de Janeiro- para avanzar con la incorporaci\u00f3n de los 50 c\u00f3digos de productos.<\/p>\n\n\n\n<p>En un contexto de incertidumbre global, se descuenta que habr\u00e1 una menci\u00f3n espec\u00edfica a la necesidad de<strong>&nbsp;avanzar con la ratificaci\u00f3n del tratado de libre comercio con la Uni\u00f3n Europea (UE)<\/strong>. Bruselas enfrenta presiones pol\u00edticas internas de pa\u00edses como Francia, pero cada vez toma m\u00e1s fuerza la posibilidad de \u201cdividir\u201d el acuerdo para que pueda entrar en vigencia r\u00e1pidamente la cuesti\u00f3n comercial, que es potestad de la Comisi\u00f3n Europea.<\/p>\n","protected":false},"excerpt":{"rendered":"<p>Se incorporar\u00e1n 50 productos a las excepciones del arancel externo com\u00fan. Anuncio por el fin de las negociaciones con EFTA y expectativa por la llegada de Lula. Esta ma\u00f1ana en&hellip; <\/p>\n","protected":false},"author":8,"featured_media":215519,"comment_status":"closed","ping_status":"open","sticky":false,"template":"","format":"standard","meta":{"footnotes":""},"categories":[20],"tags":[],"class_list":["post-215518","post","type-post","status-publish","format-standard","has-post-thumbnail","hentry","category-economia"],"_links":{"self":[{"href":"https:\/\/corrientesdetarde.com\/index.php\/wp-json\/wp\/v2\/posts\/215518","targetHints":{"allow":["GET"]}}],"collection":[{"href":"https:\/\/corrientesdetarde.com\/index.php\/wp-json\/wp\/v2\/posts"}],"about":[{"href":"https:\/\/corrientesdetarde.com\/index.php\/wp-json\/wp\/v2\/types\/post"}],"author":[{"embeddable":true,"href":"https:\/\/corrientesdetarde.com\/index.php\/wp-json\/wp\/v2\/users\/8"}],"replies":[{"embeddable":true,"href":"https:\/\/corrientesdetarde.com\/index.php\/wp-json\/wp\/v2\/comments?post=215518"}],"version-history":[{"count":1,"href":"https:\/\/corrientesdetarde.com\/index.php\/wp-json\/wp\/v2\/posts\/215518\/revisions"}],"predecessor-version":[{"id":215520,"href":"https:\/\/corrientesdetarde.com\/index.php\/wp-json\/wp\/v2\/posts\/215518\/revisions\/215520"}],"wp:featuredmedia":[{"embeddable":true,"href":"https:\/\/corrientesdetarde.com\/index.php\/wp-json\/wp\/v2\/media\/215519"}],"wp:attachment":[{"href":"https:\/\/corrientesdetarde.com\/index.php\/wp-json\/wp\/v2\/media?parent=215518"}],"wp:term":[{"taxonomy":"category","embeddable":true,"href":"https:\/\/corrientesdetarde.com\/index.php\/wp-json\/wp\/v2\/categories?post=215518"},{"taxonomy":"post_tag","embeddable":true,"href":"https:\/\/corrientesdetarde.com\/index.php\/wp-json\/wp\/v2\/tags?post=215518"}],"curies":[{"name":"wp","href":"https:\/\/api.w.org\/{rel}","templated":true}]}}