{"id":215533,"date":"2025-07-02T14:32:11","date_gmt":"2025-07-02T17:32:11","guid":{"rendered":"https:\/\/corrientesdetarde.com\/?p=215533"},"modified":"2025-07-02T14:32:16","modified_gmt":"2025-07-02T17:32:16","slug":"el-vestuario-de-angelina-jolie-en-el-film-maria-callas-se-exhibe-en-la-meca-del-cine-en-roma","status":"publish","type":"post","link":"https:\/\/corrientesdetarde.com\/index.php\/tendencias\/el-vestuario-de-angelina-jolie-en-el-film-maria-callas-se-exhibe-en-la-meca-del-cine-en-roma\/","title":{"rendered":"El vestuario de Angelina Jolie en el film Mar\u00eda Callas se exhibe en la meca del cine en Roma"},"content":{"rendered":"\n<p>En Cinecitt\u00e1, a partir del 5 de julio, tambi\u00e9n hay trajes y vestidos de otras actrices que hicieron cine en Italia.<\/p>\n\n\n\n<p>El vestuario de\u00a0<strong>Angelina Jolie<\/strong>\u00a0para la pel\u00edcula sobre Maria Callas, los atuendos de\u00a0<strong>Luisa Ranieri<\/strong>\u00a0y Jasmine Trinca en \u201cDiamanti\u201d, y varios dise\u00f1os usados por Tecla Insolia, Valeria Bruni Tedeschi y Alma Noce para \u201cEl Arte de la Alegr\u00eda\u201d, se exhiben en\u00a0<strong>Cinecitt\u00e1, la meca del cine en Roma<\/strong>.<\/p>\n\n\n\n<p>\u201cFull di Regine a Cinecitt\u00e1\u201d estar\u00e1 abierta al p\u00fablico con una serie de visitas guiadas todos los s\u00e1bados por la ma\u00f1ana a partir del 5 de julio.<\/p>\n\n\n\n<figure class=\"wp-block-image\"><img decoding=\"async\" src=\"https:\/\/tn.com.ar\/resizer\/v2\/angelina-jolie-como-maria-callas-foto-ap-ONV2L2IO6FGULMSREJYHOHUY2U.jpeg?auth=be70d03c629c580fdc2cf6611562c0bc6236e1677f5a93a6405df4f8534b42b3&amp;width=767\" alt=\"Angelina Jolie como Mar\u00eda Callas. (Foto: AP)\"\/><\/figure>\n\n\n\n<p>La vestimenta, un poderoso medio de comunicaci\u00f3n no verbal, no se limita a revelar el estatus social y la profesi\u00f3n de las personas, sino que&nbsp;<strong>contribuye a crear una imagen precisa&nbsp;<\/strong>de ellas.<\/p>\n\n\n\n<figure class=\"wp-block-image size-full\"><img loading=\"lazy\" decoding=\"async\" width=\"767\" height=\"934\" src=\"https:\/\/corrientesdetarde.com\/wp-content\/uploads\/2025\/07\/image-66.png\" alt=\"\" class=\"wp-image-215535\" srcset=\"https:\/\/corrientesdetarde.com\/wp-content\/uploads\/2025\/07\/image-66.png 767w, https:\/\/corrientesdetarde.com\/wp-content\/uploads\/2025\/07\/image-66-246x300.png 246w\" sizes=\"auto, (max-width: 767px) 100vw, 767px\" \/><\/figure>\n\n\n\n<figure class=\"wp-block-image\"><img decoding=\"async\" src=\"https:\/\/tn.com.ar\/resizer\/v2\/el-vestuario-que-angelina-jolie-uso-en-la-pelicula-de-maria-callas-foto-cinecittasimostra-OUXDJK5NFZEL3KC7GB6AP5RSQY.jpeg?auth=44a3f683187ede61d14a23c8e50dd47e9e6e7aa60037880808cf5f61f840e44b&amp;width=767\" alt=\"El vestuario que Angelina Jolie us\u00f3 en la pel\u00edcula de Mar\u00eda Callas. (Foto: @cinecittasimostra)\"\/><\/figure>\n\n\n\n<p>Por eso, el vestuario esc\u00e9nico es una pieza fundamental en la construcci\u00f3n de un personaje. No es casualidad que Angelina Jolie admitiera que<strong>&nbsp;los atuendos creados para ella&nbsp;<\/strong>en Mar\u00eda, una pel\u00edcula biogr\u00e1fica dirigida por Pablo Larra\u00edn, en la que interpret\u00f3 a la divina Callas, fueron&nbsp;<strong>fundamentales para ayudarla a asumir<\/strong>&nbsp;el \u201cpapel m\u00e1s desafiante que jam\u00e1s haya afrontado\u201d.<\/p>\n\n\n\n<p>Massimo Cantini Parrini dise\u00f1\u00f3 el vestuario de la pel\u00edcula, ganadora de seis premios David di Donatello y nominada a dos Oscar. Solo para Jolie,&nbsp;<strong>dise\u00f1\u00f3 200 bocetos y cre\u00f3 60 vestidos<\/strong>. Tres de las prendas de la pel\u00edcula fueron confeccionadas por Sartoria Tirelli Trappetti: un&nbsp;<strong>vestido de noche con corpi\u00f1o color marfil bordado con pedrer\u00eda y perlas y una amplia falda negra<\/strong>, y dos prendas que Callas luci\u00f3 en \u201cTosca\u201d (1964) de Zeffirelli y \u201cAnna Bolena\u201d (1957) de Visconti.<\/p>\n\n\n\n<figure class=\"wp-block-image\"><img decoding=\"async\" src=\"https:\/\/tn.com.ar\/resizer\/v2\/vestuario-de-diamanta-foto-cinecittasimostra-TX7WYDXRPNDBJMS42ENGW5K4AU.jpeg?auth=2b917ad592d76204cf76d8379e48ee03f47e272f7c50fcb9cdd08d234ff4e190&amp;width=767\" alt=\"Vestuario de Diamanta. (Foto: @cinecittasimostra)\"\/><\/figure>\n\n\n\n<p>De \u201cDiamanti\u201d (producida por GreenBoo Production, Faros Film, Vision Distribution, distribuida por Vision Distribution), la pel\u00edcula m\u00e1s vista de 2024 y el mayor \u00e9xito de taquilla de Ferzan Ozpetek,&nbsp;<strong>se observan los trajes<\/strong>&nbsp;(Sartoria Tirelli Trappetti)&nbsp;<strong>de las protagonistas<\/strong>&nbsp;Luisa Ranieri y Jasmine Trinca, alias Alberta y Gabriella Canova, due\u00f1as de la sastrer\u00eda.<\/p>\n\n\n\n<p>Tras su presentaci\u00f3n mundial en el Festival de Cine de Berl\u00edn, \u201cEl arte de la alegr\u00eda\u201d, una miniserie con la que la directora Valeria Golino lleva a la pantalla chica la novela hom\u00f3nima de Goliarda Sapienza, ganadora de varios premios, incluyendo tres David di Donatello, est\u00e1n los&nbsp;<strong>cinco trajes creados por la dise\u00f1adora de vestuario Maria Rita Barbera.<\/strong><\/p>\n\n\n\n<p>Tres trajes lucidos por Tecla Insolia, cuyo papel como la protagonista, Modesta Spataro, le vali\u00f3 el David a la Mejor Actriz a los 21 a\u00f1os.<\/p>\n\n\n\n<p><\/p>\n","protected":false},"excerpt":{"rendered":"<p>En Cinecitt\u00e1, a partir del 5 de julio, tambi\u00e9n hay trajes y vestidos de otras actrices que hicieron cine en Italia. El vestuario de\u00a0Angelina Jolie\u00a0para la pel\u00edcula sobre Maria Callas,&hellip; <\/p>\n","protected":false},"author":8,"featured_media":215534,"comment_status":"closed","ping_status":"open","sticky":false,"template":"","format":"standard","meta":{"footnotes":""},"categories":[28],"tags":[],"class_list":["post-215533","post","type-post","status-publish","format-standard","has-post-thumbnail","hentry","category-tendencias"],"_links":{"self":[{"href":"https:\/\/corrientesdetarde.com\/index.php\/wp-json\/wp\/v2\/posts\/215533","targetHints":{"allow":["GET"]}}],"collection":[{"href":"https:\/\/corrientesdetarde.com\/index.php\/wp-json\/wp\/v2\/posts"}],"about":[{"href":"https:\/\/corrientesdetarde.com\/index.php\/wp-json\/wp\/v2\/types\/post"}],"author":[{"embeddable":true,"href":"https:\/\/corrientesdetarde.com\/index.php\/wp-json\/wp\/v2\/users\/8"}],"replies":[{"embeddable":true,"href":"https:\/\/corrientesdetarde.com\/index.php\/wp-json\/wp\/v2\/comments?post=215533"}],"version-history":[{"count":1,"href":"https:\/\/corrientesdetarde.com\/index.php\/wp-json\/wp\/v2\/posts\/215533\/revisions"}],"predecessor-version":[{"id":215536,"href":"https:\/\/corrientesdetarde.com\/index.php\/wp-json\/wp\/v2\/posts\/215533\/revisions\/215536"}],"wp:featuredmedia":[{"embeddable":true,"href":"https:\/\/corrientesdetarde.com\/index.php\/wp-json\/wp\/v2\/media\/215534"}],"wp:attachment":[{"href":"https:\/\/corrientesdetarde.com\/index.php\/wp-json\/wp\/v2\/media?parent=215533"}],"wp:term":[{"taxonomy":"category","embeddable":true,"href":"https:\/\/corrientesdetarde.com\/index.php\/wp-json\/wp\/v2\/categories?post=215533"},{"taxonomy":"post_tag","embeddable":true,"href":"https:\/\/corrientesdetarde.com\/index.php\/wp-json\/wp\/v2\/tags?post=215533"}],"curies":[{"name":"wp","href":"https:\/\/api.w.org\/{rel}","templated":true}]}}