{"id":215547,"date":"2025-07-02T15:02:44","date_gmt":"2025-07-02T18:02:44","guid":{"rendered":"https:\/\/corrientesdetarde.com\/?p=215547"},"modified":"2025-07-02T15:02:47","modified_gmt":"2025-07-02T18:02:47","slug":"senado-en-medio-de-un-escandalo-el-kirchnerismo-logro-dictamen-para-avanzar-con-la-suba-de-jubilaciones","status":"publish","type":"post","link":"https:\/\/corrientesdetarde.com\/index.php\/politica\/senado-en-medio-de-un-escandalo-el-kirchnerismo-logro-dictamen-para-avanzar-con-la-suba-de-jubilaciones\/","title":{"rendered":"Senado: en medio de un esc\u00e1ndalo, el kirchnerismo logr\u00f3 dictamen para avanzar con la suba de jubilaciones"},"content":{"rendered":"\n<p>Pese a las maniobras de La Libertad Avanza, Uni\u00f3n por la Patria consigui\u00f3 el apoyo clave de la senadora larretista Guadalupe Tagliaferri y se impuso en una tensa reuni\u00f3n de la Comisi\u00f3n de Trabajo.<a href=\"https:\/\/tn.com.ar\/autor\/Ffraquelli\/\"><\/a><\/p>\n\n\n\n<p>Bajo un clima por momentos&nbsp;<strong>escandaloso<\/strong>, y durante gran parte de la reuni\u00f3n, la titular de la Comisi\u00f3n de Trabajo y Previsi\u00f3n,&nbsp;<strong>Carmen \u00c1lvarez Rivero<\/strong>&nbsp;(PRO), se vio&nbsp;<strong>desbordada&nbsp;<\/strong>por la situaci\u00f3n.<\/p>\n\n\n\n<p>La estrategia de Uni\u00f3n por la Patria se impuso frente a la&nbsp;<strong>maniobra dilatoria<\/strong>&nbsp;que intent\u00f3 desplegar el bloque de&nbsp;<strong>La Libertad Avanza<\/strong>, a trav\u00e9s de su presidente,&nbsp;<strong>Ezequiel Atauche<\/strong>, y de la titular de la comisi\u00f3n. Ante la insistencia del kirchnerismo de avanzar con los dict\u00e1menes, y luego de varios intentos por frenar esa embestida,&nbsp;<strong>\u00c1lvarez Rivero<\/strong>&nbsp;se vio obligada a someter a votaci\u00f3n la incorporaci\u00f3n al temario de las iniciativas, que ya cuentan con sanci\u00f3n de la&nbsp;<strong>C\u00e1mara de Diputados<\/strong>&nbsp;y con sus respectivos dict\u00e1menes.<\/p>\n\n\n\n<p>El resultado fue el acompa\u00f1amiento de la senadora&nbsp;<strong>Guadalupe Tagliaferri<\/strong>, del PRO pero alineada con el exjefe de Gobierno porte\u00f1o,&nbsp;<strong>Horacio Rodr\u00edguez Larreta<\/strong>, y la obtenci\u00f3n del dictamen de mayor\u00eda.<\/p>\n\n\n\n<h3 class=\"wp-block-heading\">La reuni\u00f3n de comisi\u00f3n<\/h3>\n\n\n\n<figure class=\"wp-block-image\"><img decoding=\"async\" src=\"https:\/\/tn.com.ar\/resizer\/v2\/senadores-de-uxp-votan-el-dictamen-del-aumento-a-jubilaciones-foto-prensa-bloque-de-uxp-WCYT6FDZXVBSXBMJPAUMHWOAYM.JPG?auth=76d933c2a510329eab788995cb16f30f65ae056cd55f0f99e9cfffb0f52cfad1&amp;width=767\" alt=\"Senadores de UxP votan el dictamen del aumento a jubilaciones. Foto prensa bloque de UxP\"\/><\/figure>\n\n\n\n<p>La senadora \u00c1lvarez Rivero hab\u00eda convocado a la comisi\u00f3n para ratificar a las autoridades,&nbsp;<strong>sin temario previsto<\/strong>&nbsp;para la reuni\u00f3n. Al ser reelecta en el cargo, tambi\u00e9n acompa\u00f1aron con su voto a&nbsp;<strong>Mariano Recalde<\/strong>&nbsp;(UxP) para la vicepresidencia. Cuando \u00c1lvarez Rivero intent\u00f3 dar por finalizada la reuni\u00f3n tras la elecci\u00f3n de autoridades, Recalde solicit\u00f3 incorporar al temario el tratamiento y la firma de los dict\u00e1menes de los proyectos referidos a la clase pasiva que llegaron con&nbsp;<strong>media sanci\u00f3n de Diputados<\/strong>.<\/p>\n\n\n\n<p>La senadora intent\u00f3 retirarse de la sala, lo que llev\u00f3 a que Mariano Recalde quedara a cargo de la reuni\u00f3n. Pero \u00c1lvarez Rivero volvi\u00f3 sobre sus pasos y&nbsp;<strong>condujo la embestida opositora hasta donde le fue posible<\/strong>.<\/p>\n\n\n\n<p>Recalde propuso dictaminar sobre los proyectos que otorgan un&nbsp;<strong>aumento del 7,2% a todas las jubilaciones y pensiones<\/strong>, y que elevan el bono para la jubilaci\u00f3n m\u00ednima&nbsp;<strong>de 70 mil a 110 mil pesos<\/strong>. Tambi\u00e9n propuso la&nbsp;<strong>pr\u00f3rroga de la ley de Moratoria Previsional<\/strong>, que venci\u00f3 en marzo y cuenta con media sanci\u00f3n de Diputados.<\/p>\n\n\n\n<p>\u201cSon dos proyectos que tienen que ver con la situaci\u00f3n de los jubilados, que est\u00e1n en una situaci\u00f3n de emergencia, que la est\u00e1n pasando muy mal, que&nbsp;<strong>no admite m\u00e1s dilaciones ni postergaciones<\/strong>. Hay un acuerdo pol\u00edtico y una mayor\u00eda en esta comisi\u00f3n que acompa\u00f1a la firma de los dict\u00e1menes\u201d, sostuvo Recalde.<\/p>\n\n\n\n<p><strong>Ezequiel Atauche pidi\u00f3 postergar<\/strong>&nbsp;una definici\u00f3n: \u201cHay una voluntad de la presidenta (\u00c1lvarez Rivero) de tratar el tema, no de dictaminar. Si a los senadores les parece, podemos habilitarlo sin dictaminar. Empezar la discusi\u00f3n, traer especialistas. Pero dictaminar, en un primer instante, sin darle la posibilidad a los senadores de discutir, debatir, que traigan gente a la discusi\u00f3n,&nbsp;<strong>me parece apresurado<\/strong>&nbsp;y no se condice con la importancia del tema. Podemos continuar esta reuni\u00f3n ma\u00f1ana, discutir y dictaminar cuando se hayan escuchado todas las voces. Por m\u00e1s que quieran arrebatar una votaci\u00f3n, porque tienen un senador m\u00e1s o un senador menos, es parte de nuestro trabajo. Podemos mejorar el dictamen\u201d, trat\u00f3 de convencer a los peronistas de no firmar las iniciativas.<\/p>\n\n\n\n<figure class=\"wp-block-image\"><img decoding=\"async\" src=\"https:\/\/tn.com.ar\/resizer\/v2\/carmen-alvarez-rivero-senadora-del-pro-mariano-recalde-senado-uxp-y-senador-bruno-olivera-lucero-la-libertad-avanza-foto-juan-carlos-cardenas-comunicacion-senado-SVYGIBRKPVDK5OFLSUMD5UZYVE.JPG?auth=5ebdb5cdef514358f0af1734620f635225cc3cc471b26acb199217c70938c170&amp;width=767\" alt=\"Carmen \u00c1lvarez Rivero, senadora del Pro,  Mariano Recalde, senado UxP y senador Bruno Olivera Lucero, La Libertad Avanza. Foto: Juan Carlos C\u00e1rdenas \/ Comunicaci\u00f3n Senado.\"\/><\/figure>\n\n\n\n<p><strong>La decisi\u00f3n ya estaba tomada<\/strong>. UxP y otros bloques propusieron votar la moci\u00f3n de Mariano Recalde y que lo defina la mayor\u00eda. Incluso el pampeano&nbsp;<strong>Daniel Bensus\u00e1n<\/strong>&nbsp;(UxP) advirti\u00f3 que, si la presidenta de la comisi\u00f3n no cumpl\u00eda con su funci\u00f3n, podr\u00eda ser removida: \u201cLe estamos pidiendo que se pongan a votaci\u00f3n las tres mociones\u201d \u2014para ese momento el radical&nbsp;<strong>Eduardo Vischi<\/strong>&nbsp;hab\u00eda pedido pasar el debate para este mi\u00e9rcoles, y la propia \u00c1lvarez Rivero, postergarlo hasta la pr\u00f3xima semana con invitados expertos en pol\u00edtica previsional\u2014.<\/p>\n\n\n\n<p>\u201cSi usted se niega, le pido al secretario parlamentario (<strong>Agust\u00edn Giustiniani<\/strong>) que tome nota de que la presidenta de la Comisi\u00f3n de Trabajo se niega a poner a votaci\u00f3n tres mociones claras propuestas por diferentes integrantes de la comisi\u00f3n. Y ya que la presidenta no est\u00e1 de acuerdo, tome nota y que el vicepresidente se ponga a cargo de la comisi\u00f3n\u201d, propuso Bensus\u00e1n.<\/p>\n\n\n\n<p>La senadora&nbsp;<strong>M\u00f3nica Silva<\/strong>, de Juntos Somos R\u00edo Negro, intent\u00f3 bajar la tensi\u00f3n: \u201cTomemos una decisi\u00f3n seria. Consideremos que estamos aqu\u00ed porque queremos trabajar en pos del conjunto, eso es lo que queremos. Habilitemos el tratamiento\u201d. Se sum\u00f3 tambi\u00e9n desde el PRO Tagliaferri, junto a los radicales&nbsp;<strong>Mart\u00edn Lousteau<\/strong>&nbsp;y&nbsp;<strong>Pablo Blanco<\/strong>, quien le pidi\u00f3 a \u00c1lvarez Rivero que dejara&nbsp;<strong>\u201csu capricho\u201d<\/strong>&nbsp;y se procediera a votar.<\/p>\n\n\n\n<p>Por su parte,&nbsp;<strong>Mar\u00eda Eugenia Dur\u00e9<\/strong>&nbsp;(UxP) aclar\u00f3: \u201cLo que estamos pidiendo desde el interbloque Uni\u00f3n por la Patria es tratar esta moci\u00f3n para habilitar los dos proyectos y, por otro lado, peticionamos que se re\u00fana la&nbsp;<strong>comisi\u00f3n de Presupuesto<\/strong>&nbsp;para que tambi\u00e9n se traten estos proyectos para los jubilados\u201d. Atauche, presidente de esa estrat\u00e9gica comisi\u00f3n,&nbsp;<strong>nunca confirm\u00f3 la posibilidad de convocarla<\/strong>.<\/p>\n\n\n\n<p>El bloque de&nbsp;<strong>Convicci\u00f3n Federal<\/strong>, que encabezan&nbsp;<strong>Fernando Salino<\/strong>&nbsp;y&nbsp;<strong>Carolina Mois\u00e9s<\/strong>, repudi\u00f3 la maniobra del oficialismo \u201cpara evitar que dictaminemos en la Comisi\u00f3n de Trabajo en favor de los aumentos de haberes previsionales y del bono adicional para los jubilados\u201d, se\u00f1alaron en un comunicado.<\/p>\n\n\n\n<p>Finalmente,&nbsp;<strong>Carmen \u00c1lvarez Rivero<\/strong>&nbsp;accedi\u00f3 a la votaci\u00f3n de las mociones y la oposici\u00f3n logr\u00f3 los dict\u00e1menes correspondientes. El debate seguir\u00e1 en la&nbsp;<strong>Comisi\u00f3n de Presupuesto<\/strong>&nbsp;y, de lograr el aval, los proyectos llegar\u00e1n al recinto. De aprobarse los aumentos jubilatorios y la moratoria previsional, el presidente&nbsp;<strong>Javier Milei ya anticip\u00f3 que los vetar\u00e1<\/strong>, como ocurri\u00f3 en 2024.<\/p>\n","protected":false},"excerpt":{"rendered":"<p>Pese a las maniobras de La Libertad Avanza, Uni\u00f3n por la Patria consigui\u00f3 el apoyo clave de la senadora larretista Guadalupe Tagliaferri y se impuso en una tensa reuni\u00f3n de&hellip; <\/p>\n","protected":false},"author":8,"featured_media":215548,"comment_status":"closed","ping_status":"open","sticky":false,"template":"","format":"standard","meta":{"footnotes":""},"categories":[3],"tags":[],"class_list":["post-215547","post","type-post","status-publish","format-standard","has-post-thumbnail","hentry","category-politica"],"_links":{"self":[{"href":"https:\/\/corrientesdetarde.com\/index.php\/wp-json\/wp\/v2\/posts\/215547","targetHints":{"allow":["GET"]}}],"collection":[{"href":"https:\/\/corrientesdetarde.com\/index.php\/wp-json\/wp\/v2\/posts"}],"about":[{"href":"https:\/\/corrientesdetarde.com\/index.php\/wp-json\/wp\/v2\/types\/post"}],"author":[{"embeddable":true,"href":"https:\/\/corrientesdetarde.com\/index.php\/wp-json\/wp\/v2\/users\/8"}],"replies":[{"embeddable":true,"href":"https:\/\/corrientesdetarde.com\/index.php\/wp-json\/wp\/v2\/comments?post=215547"}],"version-history":[{"count":1,"href":"https:\/\/corrientesdetarde.com\/index.php\/wp-json\/wp\/v2\/posts\/215547\/revisions"}],"predecessor-version":[{"id":215549,"href":"https:\/\/corrientesdetarde.com\/index.php\/wp-json\/wp\/v2\/posts\/215547\/revisions\/215549"}],"wp:featuredmedia":[{"embeddable":true,"href":"https:\/\/corrientesdetarde.com\/index.php\/wp-json\/wp\/v2\/media\/215548"}],"wp:attachment":[{"href":"https:\/\/corrientesdetarde.com\/index.php\/wp-json\/wp\/v2\/media?parent=215547"}],"wp:term":[{"taxonomy":"category","embeddable":true,"href":"https:\/\/corrientesdetarde.com\/index.php\/wp-json\/wp\/v2\/categories?post=215547"},{"taxonomy":"post_tag","embeddable":true,"href":"https:\/\/corrientesdetarde.com\/index.php\/wp-json\/wp\/v2\/tags?post=215547"}],"curies":[{"name":"wp","href":"https:\/\/api.w.org\/{rel}","templated":true}]}}