{"id":215554,"date":"2025-07-02T15:23:12","date_gmt":"2025-07-02T18:23:12","guid":{"rendered":"https:\/\/corrientesdetarde.com\/?p=215554"},"modified":"2025-07-02T15:23:15","modified_gmt":"2025-07-02T18:23:15","slug":"el-gobernador-habilito-dos-nuevas-instalaciones-de-usos-multiples-en-san-lorenzo","status":"publish","type":"post","link":"https:\/\/corrientesdetarde.com\/index.php\/actualidad\/el-gobernador-habilito-dos-nuevas-instalaciones-de-usos-multiples-en-san-lorenzo\/","title":{"rendered":"El Gobernador habilit\u00f3 dos nuevas instalaciones de usos m\u00faltiples en San Lorenzo"},"content":{"rendered":"\n<p>Al continuar con su agenda de actividades en San Lorenzo, pasado el mediod\u00eda, el gobernador Gustavo Vald\u00e9s junto al intendente Juan Acevedo, inaugur\u00f3 un tinglado multiuso municipal y un sal\u00f3n de usos m\u00faltiples. En la ocasi\u00f3n, el Mandatario destac\u00f3 que &#8220;estamos acompa\u00f1ando los esfuerzos que hacen en la Municipalidad&#8221; en pos de &#8220;construir a Corrientes para adelante&#8221;.<br>Durante el acto, y a fin de fortalecer el desarrollo del municipio, el gobernador hizo entrega al intendente de un cami\u00f3n volcador y una retroexcavadora.<br>\u201cEs una gran alegr\u00eda estar en San Lorenzo e inaugurar este tipo de instalaciones, que son fundamentales para promover el deporte y contener a nuestros j\u00f3venes\u201d, destac\u00f3 Vald\u00e9s durante el acto. El flamante tinglado se suma a una moderna cancha de f\u00fatbol, que el mandatario la calific\u00f3 como \u201cuna de las mejores de la provincia\u201d.<br>Adem\u00e1s de resaltar la importancia de la infraestructura deportiva para las comunidades del interior, Vald\u00e9s anunci\u00f3 la entrega de maquinaria vial \u2013entre ellas, camiones y retroexcavadoras\u2013 para mejorar los servicios que presta la municipalidad. \u201cMuchas veces no se puede acceder a este tipo de equipamiento, por eso hoy estamos haciendo este aporte concreto para que San Lorenzo siga creciendo\u201d, expres\u00f3.<br>En el marco del plan de fortalecimiento del interior provincial, el Gobernador tambi\u00e9n mencion\u00f3 obras de enripiado de caminos rurales financiadas a trav\u00e9s del Fondo de Desarrollo Rural, y adelant\u00f3 la ejecuci\u00f3n de nuevas etapas de pavimentaci\u00f3n urbana. \u201cEstamos comprometidos con el desarrollo de todas las localidades del interior\u201d, afirm\u00f3.<br>Durante su visita, Vald\u00e9s destac\u00f3 el acompa\u00f1amiento del municipio en la ejecuci\u00f3n de pol\u00edticas p\u00fablicas, y anunci\u00f3 un apoyo financiero de cinco millones de pesos para la comuna destinado a obras y servicios vinculados al deporte. \u201cEs un esfuerzo compartido que permite mejorar la calidad de vida de los vecinos\u201d, se\u00f1al\u00f3.<br>Finalmente, el mandatario felicit\u00f3 al intendente de San Lorenzo por el trabajo articulado con el Gobierno provincial y reiter\u00f3 su compromiso de seguir fortaleciendo a las comunidades correntinas.<br>A su turno, el jefe comunal anfitri\u00f3n, Juan Acevedo, manifest\u00f3 su agradecimiento al gobernador de la provincia \u201cpor hacer posible el crecimiento de nuestro pueblo\u201d, en referencia a las inauguraciones del d\u00eda de la fecha en la localidad de San Lorenzo.&nbsp;<br>En este marco, Acevedo asever\u00f3 seguir trabajando junto a la Provincia de manera mancomunada, sosteniendo que \u201ceste es el camino correcto\u201d.<br>Para finalizar, se realiz\u00f3 el corte de cinta y recorrida por las instalaciones inauguradas.<\/p>\n\n\n\n<p><strong>Inauguraci\u00f3n del Sal\u00f3n de Usos M\u00faltiples<\/strong><br>Posteriormente, el gobernador Gustavo Vald\u00e9s y el resto de la comitiva se trasladaron a la intersecci\u00f3n de las calles Bol\u00edvar y Pasaje San Cayetano, donde se realiz\u00f3 el acto de inauguraci\u00f3n del Sal\u00f3n de Usos M\u00faltiples, un espacio de reuni\u00f3n, encuentro y de actividades sociales y culturales que a partir de ahora puede disfrutar la comunidad de San Lorenzo.<br>En la ocasi\u00f3n, el gobernador Vald\u00e9s celebr\u00f3 la colaboraci\u00f3n entre el gobierno municipal y provincial, y destac\u00f3 la contribuci\u00f3n de 10 millones de pesos para apoyar proyectos locales, y se\u00f1al\u00f3 que &#8220;primero le dimos 5 millones, y despu\u00e9s le dimos otros 5 millones de pesos, para acompa\u00f1ar el esfuerzo que hace la municipalidad&#8221;.&nbsp;<br>Adem\u00e1s, resalt\u00f3 la importancia de trabajar junto a los municipios para el desarrollo de todas las localidades de Corrientes considerando que &#8220;juntos tenemos que construir el futuro&#8221;.<br>Por \u00faltimo, felicit\u00f3 a San Lorenzo por la construcci\u00f3n del sal\u00f3n de usos m\u00faltiples, esencial para celebraciones en la comunidad, e indic\u00f3 que &#8220;esto nos hace ver que esta localidad va para adelante&#8221;.<br>En el marco de esta inauguraci\u00f3n, el intendente local, Juan Acevedo, agradeci\u00f3 al gobernador Gustavo Vald\u00e9s y al ministro de Obras y Servicios P\u00fablicos, Claudio Polich, por \u201cacordarse siempre de nuestro pueblo con estas obras\u201d, que incluyeron para el SUM, ambiente climatizado, revoques, aberturas, quincho, muro perimetral, pinturas y dem\u00e1s.<br>\u201cCon estas obras, nuestro municipio avanza hacia el desarrollo y crecimiento, para una mejor calidad de vida de la comunidad\u201d, cerr\u00f3 el intendente.<br>Cabe se\u00f1alar que previo a la inauguraci\u00f3n del SUM, Vald\u00e9s supervis\u00f3 las obras que se llevan adelante en el Complejo municipal de la localidad.<\/p>\n\n\n\n<p><strong>Presencias<\/strong><br>Participaron de sendos actos, el vicepresidente primero del Senado, Henry Fick, ministros, secretarios y subsecretarios del gabinete provincial, interventores de entes aut\u00e1rquicos, el intendente de Capital, Eduardo Tassano y el jefe comunal de Ituzaing\u00f3, Juan Pablo Vald\u00e9s, legisladores provinciales y dem\u00e1s funcionarios.<\/p>\n\n\n\n<figure class=\"wp-block-image size-large\"><img loading=\"lazy\" decoding=\"async\" width=\"1024\" height=\"673\" src=\"https:\/\/corrientesdetarde.com\/wp-content\/uploads\/2025\/07\/image-77-1024x673.png\" alt=\"\" class=\"wp-image-215555\" srcset=\"https:\/\/corrientesdetarde.com\/wp-content\/uploads\/2025\/07\/image-77-1024x673.png 1024w, https:\/\/corrientesdetarde.com\/wp-content\/uploads\/2025\/07\/image-77-300x197.png 300w, https:\/\/corrientesdetarde.com\/wp-content\/uploads\/2025\/07\/image-77-768x505.png 768w, https:\/\/corrientesdetarde.com\/wp-content\/uploads\/2025\/07\/image-77-1536x1010.png 1536w, https:\/\/corrientesdetarde.com\/wp-content\/uploads\/2025\/07\/image-77-2048x1346.png 2048w\" sizes=\"auto, (max-width: 1024px) 100vw, 1024px\" \/><\/figure>\n\n\n\n<figure class=\"wp-block-image size-large\"><img loading=\"lazy\" decoding=\"async\" width=\"1024\" height=\"697\" src=\"https:\/\/corrientesdetarde.com\/wp-content\/uploads\/2025\/07\/image-78-1024x697.png\" alt=\"\" class=\"wp-image-215556\" srcset=\"https:\/\/corrientesdetarde.com\/wp-content\/uploads\/2025\/07\/image-78-1024x697.png 1024w, https:\/\/corrientesdetarde.com\/wp-content\/uploads\/2025\/07\/image-78-300x204.png 300w, https:\/\/corrientesdetarde.com\/wp-content\/uploads\/2025\/07\/image-78-768x523.png 768w, https:\/\/corrientesdetarde.com\/wp-content\/uploads\/2025\/07\/image-78-1536x1046.png 1536w, https:\/\/corrientesdetarde.com\/wp-content\/uploads\/2025\/07\/image-78-2048x1394.png 2048w\" sizes=\"auto, (max-width: 1024px) 100vw, 1024px\" \/><\/figure>\n\n\n\n<figure class=\"wp-block-image size-large\"><img loading=\"lazy\" decoding=\"async\" width=\"1024\" height=\"683\" src=\"https:\/\/corrientesdetarde.com\/wp-content\/uploads\/2025\/07\/image-80-1024x683.png\" alt=\"\" class=\"wp-image-215558\" srcset=\"https:\/\/corrientesdetarde.com\/wp-content\/uploads\/2025\/07\/image-80-1024x683.png 1024w, https:\/\/corrientesdetarde.com\/wp-content\/uploads\/2025\/07\/image-80-300x200.png 300w, https:\/\/corrientesdetarde.com\/wp-content\/uploads\/2025\/07\/image-80-768x512.png 768w, https:\/\/corrientesdetarde.com\/wp-content\/uploads\/2025\/07\/image-80-1536x1024.png 1536w, https:\/\/corrientesdetarde.com\/wp-content\/uploads\/2025\/07\/image-80-2048x1365.png 2048w\" sizes=\"auto, (max-width: 1024px) 100vw, 1024px\" \/><\/figure>\n\n\n\n<figure class=\"wp-block-image size-large\"><img loading=\"lazy\" decoding=\"async\" width=\"1024\" height=\"723\" src=\"https:\/\/corrientesdetarde.com\/wp-content\/uploads\/2025\/07\/image-85-1024x723.png\" alt=\"\" class=\"wp-image-215563\" srcset=\"https:\/\/corrientesdetarde.com\/wp-content\/uploads\/2025\/07\/image-85-1024x723.png 1024w, https:\/\/corrientesdetarde.com\/wp-content\/uploads\/2025\/07\/image-85-300x212.png 300w, https:\/\/corrientesdetarde.com\/wp-content\/uploads\/2025\/07\/image-85-768x543.png 768w, https:\/\/corrientesdetarde.com\/wp-content\/uploads\/2025\/07\/image-85-1536x1085.png 1536w, https:\/\/corrientesdetarde.com\/wp-content\/uploads\/2025\/07\/image-85-2048x1447.png 2048w\" sizes=\"auto, (max-width: 1024px) 100vw, 1024px\" \/><\/figure>\n\n\n\n<figure class=\"wp-block-image size-large\"><img loading=\"lazy\" decoding=\"async\" width=\"1024\" height=\"683\" src=\"https:\/\/corrientesdetarde.com\/wp-content\/uploads\/2025\/07\/image-81-1024x683.png\" alt=\"\" class=\"wp-image-215559\" srcset=\"https:\/\/corrientesdetarde.com\/wp-content\/uploads\/2025\/07\/image-81-1024x683.png 1024w, https:\/\/corrientesdetarde.com\/wp-content\/uploads\/2025\/07\/image-81-300x200.png 300w, https:\/\/corrientesdetarde.com\/wp-content\/uploads\/2025\/07\/image-81-768x512.png 768w, https:\/\/corrientesdetarde.com\/wp-content\/uploads\/2025\/07\/image-81-1536x1024.png 1536w, https:\/\/corrientesdetarde.com\/wp-content\/uploads\/2025\/07\/image-81-2048x1365.png 2048w\" sizes=\"auto, (max-width: 1024px) 100vw, 1024px\" \/><\/figure>\n\n\n\n<figure class=\"wp-block-image size-large\"><img loading=\"lazy\" decoding=\"async\" width=\"1024\" height=\"683\" src=\"https:\/\/corrientesdetarde.com\/wp-content\/uploads\/2025\/07\/image-84-1024x683.png\" alt=\"\" class=\"wp-image-215562\" srcset=\"https:\/\/corrientesdetarde.com\/wp-content\/uploads\/2025\/07\/image-84-1024x683.png 1024w, https:\/\/corrientesdetarde.com\/wp-content\/uploads\/2025\/07\/image-84-300x200.png 300w, https:\/\/corrientesdetarde.com\/wp-content\/uploads\/2025\/07\/image-84-768x512.png 768w, https:\/\/corrientesdetarde.com\/wp-content\/uploads\/2025\/07\/image-84-1536x1024.png 1536w, https:\/\/corrientesdetarde.com\/wp-content\/uploads\/2025\/07\/image-84-2048x1365.png 2048w\" sizes=\"auto, (max-width: 1024px) 100vw, 1024px\" \/><\/figure>\n\n\n\n<figure class=\"wp-block-image size-large\"><img loading=\"lazy\" decoding=\"async\" width=\"1024\" height=\"683\" src=\"https:\/\/corrientesdetarde.com\/wp-content\/uploads\/2025\/07\/image-83-1024x683.png\" alt=\"\" class=\"wp-image-215561\" srcset=\"https:\/\/corrientesdetarde.com\/wp-content\/uploads\/2025\/07\/image-83-1024x683.png 1024w, https:\/\/corrientesdetarde.com\/wp-content\/uploads\/2025\/07\/image-83-300x200.png 300w, https:\/\/corrientesdetarde.com\/wp-content\/uploads\/2025\/07\/image-83-768x512.png 768w, https:\/\/corrientesdetarde.com\/wp-content\/uploads\/2025\/07\/image-83-1536x1024.png 1536w, https:\/\/corrientesdetarde.com\/wp-content\/uploads\/2025\/07\/image-83-2048x1365.png 2048w\" sizes=\"auto, (max-width: 1024px) 100vw, 1024px\" \/><\/figure>\n","protected":false},"excerpt":{"rendered":"<p>Al continuar con su agenda de actividades en San Lorenzo, pasado el mediod\u00eda, el gobernador Gustavo Vald\u00e9s junto al intendente Juan Acevedo, inaugur\u00f3 un tinglado multiuso municipal y un sal\u00f3n&hellip; <\/p>\n","protected":false},"author":8,"featured_media":215557,"comment_status":"closed","ping_status":"open","sticky":false,"template":"","format":"standard","meta":{"footnotes":""},"categories":[23],"tags":[],"class_list":["post-215554","post","type-post","status-publish","format-standard","has-post-thumbnail","hentry","category-actualidad"],"_links":{"self":[{"href":"https:\/\/corrientesdetarde.com\/index.php\/wp-json\/wp\/v2\/posts\/215554","targetHints":{"allow":["GET"]}}],"collection":[{"href":"https:\/\/corrientesdetarde.com\/index.php\/wp-json\/wp\/v2\/posts"}],"about":[{"href":"https:\/\/corrientesdetarde.com\/index.php\/wp-json\/wp\/v2\/types\/post"}],"author":[{"embeddable":true,"href":"https:\/\/corrientesdetarde.com\/index.php\/wp-json\/wp\/v2\/users\/8"}],"replies":[{"embeddable":true,"href":"https:\/\/corrientesdetarde.com\/index.php\/wp-json\/wp\/v2\/comments?post=215554"}],"version-history":[{"count":1,"href":"https:\/\/corrientesdetarde.com\/index.php\/wp-json\/wp\/v2\/posts\/215554\/revisions"}],"predecessor-version":[{"id":215564,"href":"https:\/\/corrientesdetarde.com\/index.php\/wp-json\/wp\/v2\/posts\/215554\/revisions\/215564"}],"wp:featuredmedia":[{"embeddable":true,"href":"https:\/\/corrientesdetarde.com\/index.php\/wp-json\/wp\/v2\/media\/215557"}],"wp:attachment":[{"href":"https:\/\/corrientesdetarde.com\/index.php\/wp-json\/wp\/v2\/media?parent=215554"}],"wp:term":[{"taxonomy":"category","embeddable":true,"href":"https:\/\/corrientesdetarde.com\/index.php\/wp-json\/wp\/v2\/categories?post=215554"},{"taxonomy":"post_tag","embeddable":true,"href":"https:\/\/corrientesdetarde.com\/index.php\/wp-json\/wp\/v2\/tags?post=215554"}],"curies":[{"name":"wp","href":"https:\/\/api.w.org\/{rel}","templated":true}]}}