{"id":215565,"date":"2025-07-02T15:27:15","date_gmt":"2025-07-02T18:27:15","guid":{"rendered":"https:\/\/corrientesdetarde.com\/?p=215565"},"modified":"2025-07-02T15:27:18","modified_gmt":"2025-07-02T18:27:18","slug":"nacion-no-acepto-propuestas-de-distribucion-de-recursos-planteadas-desde-las-provincias","status":"publish","type":"post","link":"https:\/\/corrientesdetarde.com\/index.php\/destacados\/nacion-no-acepto-propuestas-de-distribucion-de-recursos-planteadas-desde-las-provincias\/","title":{"rendered":"Naci\u00f3n no acept\u00f3 propuestas de distribuci\u00f3n de recursos planteadas desde las provincias"},"content":{"rendered":"\n<p><em>Los pedidos de los gobernadores en conjunto con relaci\u00f3n a distribuci\u00f3n de recursos fueron rechazados por parte del Gobierno Nacional, seg\u00fan respuestas desde el \u00e1rea t\u00e9cnica del Ministerio de Econom\u00eda.<\/em><\/p>\n\n\n\n<p>Las negativas se comunicaron durante el encuentro entre los ministros de Hacienda y Finanzas de las provincias y funcionarios de la cartera de la administraci\u00f3n del gobierno central, entre el mediod\u00eda y tarde de este martes 1 de julio en la Ciudad Aut\u00f3noma de Buenos Aires.&nbsp;<\/p>\n\n\n\n<p>En la oportunidad estuvo presente el ministro de Hacienda y Finanzas de la provincia de Corrientes Marcelo Rivas Piasentini. Esta reuni\u00f3n se concret\u00f3 al t\u00e9rmino de la sesi\u00f3n N\u00b0 34 del Consejo Federal de Responsabilidad Fiscal, desarrollada en el quinto piso de la sede del Ministerio de Econom\u00eda de la Naci\u00f3n, a partir de las 12.<\/p>\n\n\n\n<p>Terminada la asamblea del Consejo Federal de Responsabilidad Fiscal, los ministros de las provincias le plantearon la propuesta-proyecto-pedido de los gobernadores en conjunto al secretario de Hacienda de la Naci\u00f3n, Carlos Guberman.<\/p>\n\n\n\n<p>El funcionario t\u00e9cnico del gobierno nacional contest\u00f3 que la administraci\u00f3n central no puede avanzar con el proyecto de los gobernadores porque, por una parte, esto implicar\u00eda corregir el R\u00e9gimen de Coparticipaci\u00f3n de Impuestos y para esto se necesita la homologaci\u00f3n de las veinticuatro legislaturas lo que ser\u00eda muy complejo. Adem\u00e1s, por otra parte, justific\u00f3 tambi\u00e9n la negativa sosteniendo que Naci\u00f3n no est\u00e1 dispuesto a volcar m\u00e1s recursos en funci\u00f3n a sostener el equilibrio financiero.<\/p>\n\n\n\n<p><strong>Proyecto de gobernadores<\/strong><\/p>\n\n\n\n<p>Como resultados de reuniones precedentes, los gobernadores acordaron presentar en conjunto un proyecto-planteo con dos pedidos relacionados con la distribuci\u00f3n de recursos a las provincias.<\/p>\n\n\n\n<p>Por una parte,la demanda es que el gobierno nacional modifique el r\u00e9gimen de distribuci\u00f3n del impuesto alos combustibles l\u00edquidos, para que estos recursos sean volcados a la masa coparticipables y se distribuyan a las provincias de acuerdo a los \u00edndices de coparticipaci\u00f3n.<\/p>\n\n\n\n<p>Actualmente, los recursos del impuesto al combustible l\u00edquido tienen asignaci\u00f3n espec\u00edfica, entre otros destinos, uno es el de financiar un fideicomiso para subsidiar tareas de transporte p\u00fablico de pasajeros y de carga en distintas zonas del pa\u00eds, como AMBA (\u00c1rea Metropolitana de Buenos Aires).<\/p>\n\n\n\n<p>El otro punto-pedido del proyecto presentado, por otra parte, se demanda a la Naci\u00f3n que modifique la distribuci\u00f3n de los Aportes del Tesoro Nacional (ATN, fondo que se conforma con la recaudaci\u00f3n que proporcionan todas las provincias).<\/p>\n\n\n\n<p>Los gobernadores, a trav\u00e9s de este proyecto, est\u00e1n pidiendo que se distribuyan los recursos que pertenecen a las provincias.<\/p>\n\n\n\n<p><strong>Coyuntura dif\u00edcil<\/strong><\/p>\n\n\n\n<p>Es probable que este a\u00f1o, despu\u00e9s de a\u00f1os en las que todas las jurisdicciones del pa\u00eds fueron superavitarias, la gran mayor\u00eda de las provincias sean deficitarias. Esta situaci\u00f3n se debe al producto de pol\u00edticas del gobierno nacional con una disminuci\u00f3n constante de los recursos de coparticipaci\u00f3n de impuestos, una de las principales fuentes de ingresos, especialmente las del Norte Grande.<\/p>\n\n\n\n<p>En este contexto hay una gran preocupaci\u00f3n, no s\u00f3lo desde el punto de vista t\u00e9cnico, sino que tambi\u00e9n desde el pol\u00edtico por una estrepitosa ca\u00edda de los recursos del r\u00e9gimen de coparticipaci\u00f3n de impuestos que para la provincia de Corrientes significa alrededor del 80%.<\/p>\n\n\n\n<p>Decisiones del gobierno nacional han llevado a que las provincias que no eran deficitarias puedan llegar a serlo en funci\u00f3n de la aplicaci\u00f3n de pol\u00edticas p\u00fablicas del gobierno nacional generando una distorsi\u00f3n significativa.<\/p>\n\n\n\n<p>No es el caso de la jurisdicci\u00f3n de Corrientes, pero hay provincias que tengan muchas dificultades con el pago del servicio de la deuda y, por otra parte, que no puedan llegar hacer frente a compromisos del pago de aguinaldos.<\/p>\n\n\n\n<p>Las jurisdicciones provinciales se encuentran financieramente con muchas dificultades. Aun en este contexto, la provincia de Corrientes garantiza el pago de sueldos, garantiza acciones intentando sostener el equilibrio presupuestario sabiendo que la situaci\u00f3n es cada vez m\u00e1s compleja atentos a la ca\u00edda de los recursos provocado por consecuencias de la pol\u00edtica nacional.<\/p>\n\n\n\n<p><strong>Fortaleza financiera en Corrientes<\/strong><\/p>\n\n\n\n<p>A\u00fan en un contexto dif\u00edcil, con significativa ca\u00edda del ingreso de recursos coparticipables, la provincia de Corrientes garantiza el pago de sueldos, y garantiza acciones intentando sostener el equilibrio presupuestario, debido al bajo endeudamiento, no contando con servicios de la duda opresores a las finanzas p\u00fablicas y las decisiones de la gesti\u00f3n de Gobierno de mantener equilibro fiscal.<\/p>\n\n\n\n<p>\u201cEstas condiciones garantizan la salud financiera de la provincia de Corrientes, con previsibilidad y sustentabilidad en el tiempo de las medidas que se tomen\u201d, afirm\u00f3 el ministro de Hacienda y Finanzas, Marcelo Rivas Piasentini.<\/p>\n\n\n\n<p><strong>Sesi\u00f3n 34\u00b0 del CFRF<\/strong><\/p>\n\n\n\n<p>El Consejo Federal de Responsabilidad Fiscal se reuni\u00f3 para celebrar su sesi\u00f3n N\u00b0 34. Cont\u00f3 con la participaci\u00f3n de los ministros de la cartera econ\u00f3mica de las provincias, excepto Formosa, y de la Ciudad Aut\u00f3noma de Buenos Aires. El Gobierno Nacional estuvo representado por el Secretario de Hacienda de la Naci\u00f3n.<\/p>\n\n\n\n<p>Dando inicio a la reuni\u00f3n, el Secretario de Hacienda de la Naci\u00f3n, Carlos Guberman, recalc\u00f3 la importancia de mantener la frecuencia de reuniones institucionales del Consejo Federal para continuar desarrollando entre todos y sostener en el tiempo la cultura de la responsabilidad fiscal, como una decisi\u00f3n estrat\u00e9gica y compromiso permanente, no sujeto a los vaivenes electorales.<\/p>\n\n\n\n<p>El Secretario del Comit\u00e9 Ejecutivo del Consejo Federal de Responsabilidad Fiscal y Ministro de Econom\u00eda de la Provincia de Santa Fe, Lic. Pablo Olivares, destac\u00f3 la realizaci\u00f3n de la reuni\u00f3n dando cumplimiento con las previsiones del r\u00e9gimen federal, e inform\u00f3 luego al cuerpo sobre las tareas institucionales desarrolladas por el Comit\u00e9 Ejecutivo y la Coordinaci\u00f3n T\u00e9cnica Administrativa desde el \u00faltimo encuentro realizado el 3 de abril de 2025 en la ciudad de Neuqu\u00e9n.<\/p>\n\n\n\n<p>El Consejo Federal trat\u00f3 y aprob\u00f3 las evaluaciones del cumplimento de las reglas fiscales sobre gasto, empleo, deuda y dem\u00e1s aspectos del R\u00e9gimen Federal de Responsabilidad Fiscal respecto de las cuentas fiscales al cierre del ejercicio 2024 de la totalidad de las jurisdicciones que integran el r\u00e9gimen, y el an\u00e1lisis y evaluaci\u00f3n de los Presupuestos 2025 y las Proyecciones Presupuestarias Plurianuales 2025-2027 de las jurisdicciones.<\/p>\n\n\n\n<p>Uno de los aspectos destacados en el encuentro fue la vigencia de la Regla de Fin de Mandato respecto de dos provincias que renuevan sus poderes ejecutivos y deben bregar por un traspaso de gobierno transparente y responsable, evitando decisiones que comprometan financieramente a las autoridades entrantes y condicionen su gesti\u00f3n.<\/p>\n\n\n\n<p>Los ministros representantes de las provincias, tomaron la palabra para expresarse sobre distintos aspectos de la gesti\u00f3n fiscal en sus jurisdicciones, las dificultades actuales y los desaf\u00edos que deben afrontar en lo sucesivo.<\/p>\n\n\n\n<figure class=\"wp-block-image size-large\"><img loading=\"lazy\" decoding=\"async\" width=\"1024\" height=\"768\" src=\"https:\/\/corrientesdetarde.com\/wp-content\/uploads\/2025\/07\/image-86-1024x768.png\" alt=\"\" class=\"wp-image-215566\" srcset=\"https:\/\/corrientesdetarde.com\/wp-content\/uploads\/2025\/07\/image-86-1024x768.png 1024w, https:\/\/corrientesdetarde.com\/wp-content\/uploads\/2025\/07\/image-86-300x225.png 300w, https:\/\/corrientesdetarde.com\/wp-content\/uploads\/2025\/07\/image-86-768x576.png 768w, https:\/\/corrientesdetarde.com\/wp-content\/uploads\/2025\/07\/image-86-1536x1152.png 1536w, https:\/\/corrientesdetarde.com\/wp-content\/uploads\/2025\/07\/image-86.png 1600w\" sizes=\"auto, (max-width: 1024px) 100vw, 1024px\" \/><\/figure>\n\n\n\n<figure class=\"wp-block-image size-large\"><img loading=\"lazy\" decoding=\"async\" width=\"768\" height=\"1024\" src=\"https:\/\/corrientesdetarde.com\/wp-content\/uploads\/2025\/07\/image-87-768x1024.png\" alt=\"\" class=\"wp-image-215567\" srcset=\"https:\/\/corrientesdetarde.com\/wp-content\/uploads\/2025\/07\/image-87-768x1024.png 768w, https:\/\/corrientesdetarde.com\/wp-content\/uploads\/2025\/07\/image-87-225x300.png 225w, https:\/\/corrientesdetarde.com\/wp-content\/uploads\/2025\/07\/image-87-1152x1536.png 1152w, https:\/\/corrientesdetarde.com\/wp-content\/uploads\/2025\/07\/image-87.png 1200w\" sizes=\"auto, (max-width: 768px) 100vw, 768px\" \/><\/figure>\n","protected":false},"excerpt":{"rendered":"<p>Los pedidos de los gobernadores en conjunto con relaci\u00f3n a distribuci\u00f3n de recursos fueron rechazados por parte del Gobierno Nacional, seg\u00fan respuestas desde el \u00e1rea t\u00e9cnica del Ministerio de Econom\u00eda.&hellip; <\/p>\n","protected":false},"author":8,"featured_media":215567,"comment_status":"closed","ping_status":"open","sticky":false,"template":"","format":"standard","meta":{"footnotes":""},"categories":[26],"tags":[],"class_list":["post-215565","post","type-post","status-publish","format-standard","has-post-thumbnail","hentry","category-destacados"],"_links":{"self":[{"href":"https:\/\/corrientesdetarde.com\/index.php\/wp-json\/wp\/v2\/posts\/215565","targetHints":{"allow":["GET"]}}],"collection":[{"href":"https:\/\/corrientesdetarde.com\/index.php\/wp-json\/wp\/v2\/posts"}],"about":[{"href":"https:\/\/corrientesdetarde.com\/index.php\/wp-json\/wp\/v2\/types\/post"}],"author":[{"embeddable":true,"href":"https:\/\/corrientesdetarde.com\/index.php\/wp-json\/wp\/v2\/users\/8"}],"replies":[{"embeddable":true,"href":"https:\/\/corrientesdetarde.com\/index.php\/wp-json\/wp\/v2\/comments?post=215565"}],"version-history":[{"count":1,"href":"https:\/\/corrientesdetarde.com\/index.php\/wp-json\/wp\/v2\/posts\/215565\/revisions"}],"predecessor-version":[{"id":215568,"href":"https:\/\/corrientesdetarde.com\/index.php\/wp-json\/wp\/v2\/posts\/215565\/revisions\/215568"}],"wp:featuredmedia":[{"embeddable":true,"href":"https:\/\/corrientesdetarde.com\/index.php\/wp-json\/wp\/v2\/media\/215567"}],"wp:attachment":[{"href":"https:\/\/corrientesdetarde.com\/index.php\/wp-json\/wp\/v2\/media?parent=215565"}],"wp:term":[{"taxonomy":"category","embeddable":true,"href":"https:\/\/corrientesdetarde.com\/index.php\/wp-json\/wp\/v2\/categories?post=215565"},{"taxonomy":"post_tag","embeddable":true,"href":"https:\/\/corrientesdetarde.com\/index.php\/wp-json\/wp\/v2\/tags?post=215565"}],"curies":[{"name":"wp","href":"https:\/\/api.w.org\/{rel}","templated":true}]}}