{"id":215569,"date":"2025-07-02T15:30:12","date_gmt":"2025-07-02T18:30:12","guid":{"rendered":"https:\/\/corrientesdetarde.com\/?p=215569"},"modified":"2025-07-03T09:47:10","modified_gmt":"2025-07-03T12:47:10","slug":"conferencia-de-prensa-con-detalles-de-la-reapertura-del-teatro-oficial-juan-de-vera","status":"publish","type":"post","link":"https:\/\/corrientesdetarde.com\/index.php\/locales\/conferencia-de-prensa-con-detalles-de-la-reapertura-del-teatro-oficial-juan-de-vera\/","title":{"rendered":"Conferencia de prensa con detalles de la reapertura del Teatro Oficial Juan de Vera"},"content":{"rendered":"\n<p>Este jueves 3 de julio, a las 11 hs, en el Sal\u00f3n Verde de Casa de Gobierno, se llevar\u00e1 adelante una conferencia de prensa encabezada por la presidente del Instituto de Cultura, Beatriz Kunin, y la directora del Teatro Oficial Juan de Vera, Lourdes S\u00e1nchez, a fines de dar a conocer detalles de la reapertura del coliseo correntino, prevista para el martes 8 de julio, con el estreno de la obra in\u00e9dita \u201cRenace\u201d, con una segunda funci\u00f3n, abierta al p\u00fablico, el mi\u00e9rcoles 9 de julio.<\/p>\n\n\n\n<p>Acompa\u00f1ar\u00e1n a la actual directora del Teatro Vera y a la presidente del Instituto de Cultura de Corrientes, el Ministro de Obras y Servicios P\u00fablicos, Claudio Polich, y los directores art\u00edsticos de \u201cRenace\u201d: Mar\u00eda Laura Cattalini y Eduardo Gondell.<\/p>\n\n\n\n<p>La obra es in\u00e9dita y fue ideada especialmente para la reapertura del Teatro Oficial Juan de Vera. Convoca a m\u00e1s de 100 artistas locales e invitados especiales de otros puntos del pa\u00eds, con eje en la historia del teatro y la cultura de Corrientes, dialogando en la puesta en escena con recursos tecnol\u00f3gicos y audiovisuales, un hecho art\u00edstico que oficiar\u00e1 de puente a la reapertura del coliseo correntino tras las obras de modernizaci\u00f3n y puesta en valor de la casa de las artes de Corrientes por m\u00e1s de 100 a\u00f1os.<\/p>\n\n\n\n<p>En la ocasi\u00f3n tambi\u00e9n se brindar\u00e1 informaci\u00f3n sobre el acto de reapertura por parte de las autoridades provinciales en la jornada del martes 8, y detalles de la funci\u00f3n del mi\u00e9rcoles 9 de julio, con acceso gratuito y retiro anticipado de entradas, as\u00ed como la iniciativa sobre el ciclo de Masterclasses de acceso gratuito que tendr\u00e1n lugar en el Teatro Oficial Juan de Vera durante el mes de julio.<\/p>\n\n\n\n<figure class=\"wp-block-image size-large\"><img loading=\"lazy\" decoding=\"async\" width=\"819\" height=\"1024\" src=\"https:\/\/corrientesdetarde.com\/wp-content\/uploads\/2025\/07\/image-89-819x1024.png\" alt=\"\" class=\"wp-image-215571\" srcset=\"https:\/\/corrientesdetarde.com\/wp-content\/uploads\/2025\/07\/image-89-819x1024.png 819w, https:\/\/corrientesdetarde.com\/wp-content\/uploads\/2025\/07\/image-89-240x300.png 240w, https:\/\/corrientesdetarde.com\/wp-content\/uploads\/2025\/07\/image-89-768x960.png 768w, https:\/\/corrientesdetarde.com\/wp-content\/uploads\/2025\/07\/image-89.png 1081w\" sizes=\"auto, (max-width: 819px) 100vw, 819px\" \/><\/figure>\n\n\n\n<figure class=\"wp-block-image size-large\"><img loading=\"lazy\" decoding=\"async\" width=\"576\" height=\"1024\" src=\"https:\/\/corrientesdetarde.com\/wp-content\/uploads\/2025\/07\/image-90-576x1024.png\" alt=\"\" class=\"wp-image-215572\" srcset=\"https:\/\/corrientesdetarde.com\/wp-content\/uploads\/2025\/07\/image-90-576x1024.png 576w, https:\/\/corrientesdetarde.com\/wp-content\/uploads\/2025\/07\/image-90-169x300.png 169w, https:\/\/corrientesdetarde.com\/wp-content\/uploads\/2025\/07\/image-90-768x1365.png 768w, https:\/\/corrientesdetarde.com\/wp-content\/uploads\/2025\/07\/image-90-864x1536.png 864w, https:\/\/corrientesdetarde.com\/wp-content\/uploads\/2025\/07\/image-90.png 1081w\" sizes=\"auto, (max-width: 576px) 100vw, 576px\" \/><\/figure>\n","protected":false},"excerpt":{"rendered":"<p>Este jueves 3 de julio, a las 11 hs, en el Sal\u00f3n Verde de Casa de Gobierno, se llevar\u00e1 adelante una conferencia de prensa encabezada por la presidente del Instituto&hellip; <\/p>\n","protected":false},"author":8,"featured_media":215570,"comment_status":"closed","ping_status":"open","sticky":false,"template":"","format":"standard","meta":{"footnotes":""},"categories":[15,8],"tags":[],"class_list":["post-215569","post","type-post","status-publish","format-standard","has-post-thumbnail","hentry","category-cultura","category-locales"],"_links":{"self":[{"href":"https:\/\/corrientesdetarde.com\/index.php\/wp-json\/wp\/v2\/posts\/215569","targetHints":{"allow":["GET"]}}],"collection":[{"href":"https:\/\/corrientesdetarde.com\/index.php\/wp-json\/wp\/v2\/posts"}],"about":[{"href":"https:\/\/corrientesdetarde.com\/index.php\/wp-json\/wp\/v2\/types\/post"}],"author":[{"embeddable":true,"href":"https:\/\/corrientesdetarde.com\/index.php\/wp-json\/wp\/v2\/users\/8"}],"replies":[{"embeddable":true,"href":"https:\/\/corrientesdetarde.com\/index.php\/wp-json\/wp\/v2\/comments?post=215569"}],"version-history":[{"count":1,"href":"https:\/\/corrientesdetarde.com\/index.php\/wp-json\/wp\/v2\/posts\/215569\/revisions"}],"predecessor-version":[{"id":215573,"href":"https:\/\/corrientesdetarde.com\/index.php\/wp-json\/wp\/v2\/posts\/215569\/revisions\/215573"}],"wp:featuredmedia":[{"embeddable":true,"href":"https:\/\/corrientesdetarde.com\/index.php\/wp-json\/wp\/v2\/media\/215570"}],"wp:attachment":[{"href":"https:\/\/corrientesdetarde.com\/index.php\/wp-json\/wp\/v2\/media?parent=215569"}],"wp:term":[{"taxonomy":"category","embeddable":true,"href":"https:\/\/corrientesdetarde.com\/index.php\/wp-json\/wp\/v2\/categories?post=215569"},{"taxonomy":"post_tag","embeddable":true,"href":"https:\/\/corrientesdetarde.com\/index.php\/wp-json\/wp\/v2\/tags?post=215569"}],"curies":[{"name":"wp","href":"https:\/\/api.w.org\/{rel}","templated":true}]}}