{"id":215574,"date":"2025-07-02T19:45:00","date_gmt":"2025-07-02T22:45:00","guid":{"rendered":"https:\/\/corrientesdetarde.com\/?p=215574"},"modified":"2025-07-02T19:45:24","modified_gmt":"2025-07-02T22:45:24","slug":"escandalo-en-la-camara-de-diputados-se-cae-la-sesion-sobre-el-garrahan-y-el-financiamiento-universitario","status":"publish","type":"post","link":"https:\/\/corrientesdetarde.com\/index.php\/informacion-general\/escandalo-en-la-camara-de-diputados-se-cae-la-sesion-sobre-el-garrahan-y-el-financiamiento-universitario\/","title":{"rendered":"ESC\u00c1NDALO EN LA C\u00c1MARA DE DIPUTADOS: SE CAE LA SESI\u00d3N SOBRE EL GARRAHAN Y EL FINANCIAMIENTO UNIVERSITARIO"},"content":{"rendered":"\n<p>(<strong>Por Pablo Roma \u2013 Desde el Congreso de la Naci\u00f3n para CDT<\/strong>) &#8211; Al filo de las 17:00 horas, en un recinto marcado por la tensi\u00f3n y el ruido, la sesi\u00f3n extraordinaria de la C\u00e1mara de Diputados que deb\u00eda tratar proyectos clave sobre el financiamiento universitario y la emergencia pedi\u00e1trica en el Hospital Garrahan termin\u00f3 abruptamente con la ca\u00edda del qu\u00f3rum.<\/p>\n\n\n\n<p>La jornada comenz\u00f3 con un inusual qu\u00f3rum de 136 diputados, producto de la uni\u00f3n de bloques opositores y la presencia sorpresiva de legisladores tradicionalmente cercanos al oficialismo. El objetivo era claro: presionar para que las comisiones de Presupuesto y Salud dictaminen antes del 8 de julio.<\/p>\n\n\n\n<figure class=\"wp-block-image size-large\"><img loading=\"lazy\" decoding=\"async\" width=\"1024\" height=\"768\" src=\"https:\/\/corrientesdetarde.com\/wp-content\/uploads\/2025\/07\/diputados-chau-1024x768.jpg\" alt=\"\" class=\"wp-image-215576\" srcset=\"https:\/\/corrientesdetarde.com\/wp-content\/uploads\/2025\/07\/diputados-chau-1024x768.jpg 1024w, https:\/\/corrientesdetarde.com\/wp-content\/uploads\/2025\/07\/diputados-chau-300x225.jpg 300w, https:\/\/corrientesdetarde.com\/wp-content\/uploads\/2025\/07\/diputados-chau-768x576.jpg 768w, https:\/\/corrientesdetarde.com\/wp-content\/uploads\/2025\/07\/diputados-chau.jpg 1280w\" sizes=\"auto, (max-width: 1024px) 100vw, 1024px\" \/><\/figure>\n\n\n\n<p>Sin embargo, el debate deriv\u00f3 en un clima irrespirable. Diputados del kirchnerismo cruzaron fuertes cr\u00edticas con el titular de Presupuesto, Jos\u00e9 Luis Espert, tras declaraciones controvertidas sobre la detenci\u00f3n de una concejal de Quilmes. Insultos y reproches mutuos, junto a acusaciones directas, derivaron en un enfrentamiento que roz\u00f3 lo f\u00edsico dentro del recinto.<\/p>\n\n\n\n<p>Pese al caos, la oposici\u00f3n logr\u00f3 aprobar dos emplazamientos: uno para que Presupuesto y Educaci\u00f3n dictaminen sobre el financiamiento universitario, y otro para que Salud, Familia y Presupuesto declaren la emergencia pedi\u00e1trica en el Garrahan, ambos con plazo hasta el 8 de julio.<\/p>\n\n\n\n<p>El desenlace fue un retiro masivo de diputados opositores que provoc\u00f3 la p\u00e9rdida del qu\u00f3rum. El presidente de la C\u00e1mara, Mart\u00edn Menem, constat\u00f3 la imposibilidad de continuar y levant\u00f3 la sesi\u00f3n.<\/p>\n\n\n\n<p>Fuentes cercanas al di\u00e1logo aseguran que esta crisis no fue casual, sino una estrategia coordinada para marcar agenda sin que nadie cargue con la responsabilidad de la suspensi\u00f3n.<\/p>\n\n\n\n<p>Esta jornada pol\u00edtica dej\u00f3 claro que, m\u00e1s all\u00e1 de los dict\u00e1menes, el verdadero desaf\u00edo ser\u00e1 transformar estas presiones en cambios concretos para universidades y el Garrahan, en un momento cr\u00edtico para las finanzas p\u00fablicas y la salud.<\/p>\n","protected":false},"excerpt":{"rendered":"<p>(Por Pablo Roma \u2013 Desde el Congreso de la Naci\u00f3n para CDT) &#8211; Al filo de las 17:00 horas, en un recinto marcado por la tensi\u00f3n y el ruido, la&hellip; <\/p>\n","protected":false},"author":11,"featured_media":215575,"comment_status":"closed","ping_status":"open","sticky":false,"template":"","format":"standard","meta":{"footnotes":""},"categories":[1],"tags":[],"class_list":["post-215574","post","type-post","status-publish","format-standard","has-post-thumbnail","hentry","category-informacion-general"],"_links":{"self":[{"href":"https:\/\/corrientesdetarde.com\/index.php\/wp-json\/wp\/v2\/posts\/215574","targetHints":{"allow":["GET"]}}],"collection":[{"href":"https:\/\/corrientesdetarde.com\/index.php\/wp-json\/wp\/v2\/posts"}],"about":[{"href":"https:\/\/corrientesdetarde.com\/index.php\/wp-json\/wp\/v2\/types\/post"}],"author":[{"embeddable":true,"href":"https:\/\/corrientesdetarde.com\/index.php\/wp-json\/wp\/v2\/users\/11"}],"replies":[{"embeddable":true,"href":"https:\/\/corrientesdetarde.com\/index.php\/wp-json\/wp\/v2\/comments?post=215574"}],"version-history":[{"count":1,"href":"https:\/\/corrientesdetarde.com\/index.php\/wp-json\/wp\/v2\/posts\/215574\/revisions"}],"predecessor-version":[{"id":215577,"href":"https:\/\/corrientesdetarde.com\/index.php\/wp-json\/wp\/v2\/posts\/215574\/revisions\/215577"}],"wp:featuredmedia":[{"embeddable":true,"href":"https:\/\/corrientesdetarde.com\/index.php\/wp-json\/wp\/v2\/media\/215575"}],"wp:attachment":[{"href":"https:\/\/corrientesdetarde.com\/index.php\/wp-json\/wp\/v2\/media?parent=215574"}],"wp:term":[{"taxonomy":"category","embeddable":true,"href":"https:\/\/corrientesdetarde.com\/index.php\/wp-json\/wp\/v2\/categories?post=215574"},{"taxonomy":"post_tag","embeddable":true,"href":"https:\/\/corrientesdetarde.com\/index.php\/wp-json\/wp\/v2\/tags?post=215574"}],"curies":[{"name":"wp","href":"https:\/\/api.w.org\/{rel}","templated":true}]}}