{"id":215703,"date":"2025-07-03T21:59:35","date_gmt":"2025-07-04T00:59:35","guid":{"rendered":"https:\/\/corrientesdetarde.com\/?p=215703"},"modified":"2025-07-03T21:59:39","modified_gmt":"2025-07-04T00:59:39","slug":"la-15a-feria-provincial-del-libro-tendra-una-programacion-atractiva-con-propuestas-para-todas-las-edades","status":"publish","type":"post","link":"https:\/\/corrientesdetarde.com\/index.php\/cultura\/la-15a-feria-provincial-del-libro-tendra-una-programacion-atractiva-con-propuestas-para-todas-las-edades\/","title":{"rendered":"La 15\u00aa Feria Provincial del Libro tendr\u00e1 una programaci\u00f3n atractiva con propuestas para todas las edades"},"content":{"rendered":"\n<p>El Gobierno de Corrientes, a trav\u00e9s del Instituto de Cultura, avanza en los preparativos para una nueva edici\u00f3n de la Feria Provincial del Libro, a desarrollarse del 9 al 18 de julio, de manera simult\u00e1nea en la Galer\u00eda Col\u00f3n (9 de Julio 1184) y el Colegio Salesiano (San Juan 783), con acceso libre y gratuito. Bajo el lema \u201cLa lectura, refugio de nuestra cultura\u201d, ya tiene definida una extensa programaci\u00f3n donde los escritores, sus obras y los lectores ser\u00e1n los principales protagonistas.<\/p>\n\n\n\n<p>\u201cEstamos ajustando los \u00faltimos detalles para la Feria Provincial del Libro que dar\u00e1 inicio el mi\u00e9rcoles 9 de julio. Despu\u00e9s de una ardua labor cerramos una programaci\u00f3n atractiva que dar\u00e1 lugar de relevancia a los escritores correntinos, y contar\u00e1 con la participaci\u00f3n de invitados nacionales. A esto se sumar\u00e1n actividades de expresi\u00f3n art\u00edstica y espacios l\u00fadicos y educativos para los m\u00e1s j\u00f3venes, al igual que espect\u00e1culos para todos los gustos y edades\u201d, se\u00f1al\u00f3 la presidente del Instituto de Cultura, Beatriz Kunin.<\/p>\n\n\n\n<p>El mi\u00e9rcoles 9 de julio, a las 18, ser\u00e1 el acto formal de inauguraci\u00f3n y seguidamente se llevar\u00e1 adelante un panel con destacados escritores locales, que moderar\u00e1 el periodista Carlos Lezcano. El cierre musical estar\u00e1 a cargo de la Orquesta Folcl\u00f3rica de la Provincia.<\/p>\n\n\n\n<p>El horario general de la Feria ser\u00e1 de 14 a 21, aunque el jueves 10 y viernes 11 de julio abrir\u00e1 tambi\u00e9n por la ma\u00f1ana, de 8 a 13, con actividades especialmente dedicadas a los estudiantes de todos los niveles educativos en los dos \u00faltimos d\u00edas antes del receso de invierno.<\/p>\n\n\n\n<p>M\u00e1s de 50 stands de librer\u00edas y editoriales formar\u00e1n parte de la amplia y variada oferta editorial, y est\u00e1n programadas m\u00e1s de 60 presentaciones de libros a lo largo de las 10 jornadas de este evento que ya est\u00e1 consolidado como parte de la agenda cultural de la regi\u00f3n. Habr\u00e1 adem\u00e1s espacios institucionales del Gobierno provincial y la Municipalidad de Corrientes, al igual que espacios para emprendedores y gastronom\u00eda.<\/p>\n\n\n\n<p>En total, est\u00e1n previstas cerca de 100 actividades, que incluir\u00e1n conferencias,&nbsp;paneles, funciones de teatro, espect\u00e1culos musicales y talleres de mosaiquismo, pintura y lectura, entre muchas opciones m\u00e1s.<\/p>\n\n\n\n<p><strong>Programaci\u00f3n Completa<\/strong><\/p>\n\n\n\n<p>AUDITORIO: CEFERINO MIRANDA<\/p>\n\n\n\n<p>Dia 1: Mi\u00e9rcoles 09 de Julio<br>18 HS INAUGURACI\u00d3N OFICIAL. Planta baja, Galer\u00eda Colon<br>19 HS Escribir con la mano en la tierra: Myrna Neumann de Rey, Pilar Mu\u00f1oz de<br>Romano. Modera Carlos Lezcano<\/p>\n\n\n\n<p>Dia 2: Jueves 10 de Julio<\/p>\n\n\n\n<p>16 HS<br>Presentaci\u00f3n de libro: \u201c52 almas, un sue\u00f1o cumplido. Sociedad Cultural<br>Israelita, Scholem Aleijem\u201d por Beatriz Kunin, \u00c1lvaro Monz\u00f3n Wyngaard,<br>Fernando Blugerman, Guillermo Zimerman, Gerardo Fridman<\/p>\n\n\n\n<p>17 HS<br>Escritores de Misiones en la Feria del Libro de Corrientes: \u201cTrilog\u00eda Roja<br>como la tierra Roja\u201d, de Charly Bastarrechea; \u201cEn Sudam\u00e9rica, Alto Paran\u00e1<br>y Chaco\u201d, de Adamo Lucchesi, por Alcaraz y Cambas; \u201cMisiones y sus<br>Danzas\u201d, de Myriam Sosa; \u201cLa Reducci\u00f3n de Candelaria\u201d, de Cristian Neris<br>y Liliana Rojas. Ediciones Montoya.<br>18 HS Charla: &#8220;De la novela al cine&#8221;, Martin Baintrub con Patricio Qui\u00f1onez.<br>19 HS Luis Novaresio: Presentaci\u00f3n de la novela &#8220;Todo por amor, pero no todo&#8221;<br>Dia 3: Viernes 11 de Julio<\/p>\n\n\n\n<p>16 HS<br>&#8220;Voces Po\u00e9ticas en el espacio de auditorio\u201d: Valeria Rold\u00e1n, Marina<br>S\u00e1nchez, Fabiana Arga\u00f1ar\u00e1z, In\u00e9s<br>Gonz\u00e1lez D\u2019Amico y Mar\u00eda Jos\u00e9 Carmona. Universidad de la Cuenca del<br>Plata.<br>17 HS Mauricio Strugo, charla vivencial &#8220;El buen amor&#8221;<br>18 HS Agustina Bazterrica. Conversatorio: &#8220;La distopia que se volvi\u00f3 carne&#8221;<br>Moderan Jos\u00e9 Gabriel Mazzaro y Mario Dold\u00e1n<br>19 HS Literatura tropical. Presentaciones: &#8220;Vivo pendiente de ser devorada&#8221;, de<br>Maria Eugenia Landriel; &#8220;Kulo Tropic Affaire&#8221;, de Alfredo E. C. Germignani.<br>20 HS Cine Regional: &#8220;Rojo punz\u00f3&#8221;, de David Salm\u00f3n.<\/p>\n\n\n\n<p>D\u00eda 4: S\u00e1bado 12 de Julio<br>16 HS Presentaci\u00f3n de libros: &#8220;Las pesadillas de Aradia Blum de Lete Mart\u00ednez&#8221;.<br>&#8220;Un pacto electrizante de Malena Hehn&#8221;.<br>17 HS Presentaci\u00f3n de libro: &#8220;Antes, pareja. Ahora, padres. C\u00f3mo superar la crisis<br>y fortalecer el v\u00ednculo&#8221;, del Lic. Mauricio Strugo.<\/p>\n\n\n\n<p>18 HS<br>Panel: &#8220;Pol\u00edticas patrimoniales en el Siglo XXI&#8221;. Participan: M\u00f3nica Susana<br>Capano, Presidente de la Comisi\u00f3n Nacional de Monumentos, de Lugares<br>y de Bienes Hist\u00f3ricos; Arq. Gabriel Romero, Decano de la Facultad de<br>Artes, Dise\u00f1os y Ciencias de la Cultura y Arq. Mar\u00eda Soledad Maciel,<br>Directora del Museo Antropol\u00f3gico y Arqueol\u00f3gico &#8220;Casa Mart\u00ednez&#8221;.<br>19 HS<br>Presentaci\u00f3n de libro: &#8220;El Poeta del odio&#8221;, de Jos\u00e9 Gabriel Ceballos.<br>Dialogo con Mariela Mioni. Colecci\u00f3n Claroscuros, Moglia Ediciones.<br>Intervenci\u00f3n Musical: Coqui Ortiz y Ruben Sosa y su quinteto de jazz<\/p>\n\n\n\n<p>Dia 5: Domingo 13 de Julio<br>15 HS Cine para chicos: &#8220;Dalia y el libro rojo&#8221;.<br>17 HS Presentaci\u00f3n de libro: &#8220;Iber\u00e1, donde el viento canta&#8221;, de Jos\u00e9 Ram\u00f3n Frete.<br>SADE Corrientes<br>18 HS Panel: &#8220;El crimen nuestro de cada d\u00eda&#8221;. Participan: Nicol\u00e1s Ferraro, Mario<br>Dold\u00e1n, Adriano Duarte, Jos\u00e9 Mazzaro, C\u00e9sar Tom\u00e1s Zarrabeitia<br>19 HS<br>Presentaci\u00f3n de libro: &#8220;Aparecidos, tesoros y leyendas en Corrientes 8va<br>parte&#8221; de Enrique Eduardo Galiana. Presenta Mar\u00eda Mercedes V\u00e1zquez.<br>Moglia Ediciones.<\/p>\n\n\n\n<p>Dia 6: Lunes 14 de Julio<br>16 HS<br>a<br>17:30<br>HS<br>Teclas de la memoria: Conferencia- Concierto did\u00e1ctico sobre la m\u00fasica<br>acad\u00e9mica argentina y correntina. Conservatorio Santa Clara Artes<br>Musicales.<br>18 HS Presentaci\u00f3n libro: Memorias de Tom\u00e1s Mazzanti. Presenta: Senador<br>Ignacio Osella<\/p>\n\n\n\n<p>19 HS<br>Presentaci\u00f3n de la antolog\u00eda: &#8220;Asociaci\u00f3n il\u00edcita. Relatos negros del r\u00edo<br>Bravo a la Patagonia&#8221;, compiladores Nicol\u00e1s Ferraro e Imanol Caneyada.<br>Fondo de Cultura Econ\u00f3mica y Ediciones Biblioteca Nacional. Presenta:<br>Nicol\u00e1s Ferraro, coordinador del Centro de Estudio de G\u00e9neros Literarios<br>de la Biblioteca Nacional Mariano Moreno.<\/p>\n\n\n\n<p>Dia 7: Martes 15 de Julio<br>16 HS Cine para chicos: &#8220;Dalia y el libro rojo&#8221;.<br>18 HS Presentaci\u00f3n del libro: &#8220;Hechizo Natal&#8221;, de Carlos Lezcano y Fernanda<br>Toccalino. Instituto de Cultura de Corrientes.<br>19 HS Conferencia: Angela Pradelli. &#8220;Bajo la luz de Haroldo. Homenaje en el<br>centenario de su natalicio&#8221;<br>20 HS Panel de Historia y Sociolog\u00eda del Paraguay. Moderadores: Augusto Dos<br>Santos y Willy Suchar<br>D\u00eda 8: Mi\u00e9rcoles 16 de Julio<br>16 HS Presentaci\u00f3n del libro: &#8220;El c\u00f3digo secreto del couching&#8221;. Horacio Daniel<br>Arce.<br>17 HS<br>Charla de la C\u00e1tedra Libre de Chamam\u00e9 CCU &#8211; UNNE &#8220;Chamam\u00e9 a<br>comienzos del Siglo XX: un sonido en formaci\u00f3n&#8221; Profesores: Susana<br>Pi\u00f1eiro y V\u00edctor Pi\u00f1eiro<br>18 HS Don Santiago Artigas en la Regi\u00f3n Hist\u00f3rica de Salto Grande&#8221;. Prof. Rosa<br>Mar\u00eda Reissenweber. Asociaci\u00f3n Cultural Sanmartiniana, filial Concordia<br>19 HS Presentaci\u00f3n del libro &#8220;El alma de los parias&#8221;. Charla &#8220;La cultura gitana en<br>el cine y la literatura&#8221;, de Jorge Nedich<\/p>\n\n\n\n<p>Dia 9: Jueves 17 de Julio<\/p>\n\n\n\n<p>17 HS<br>a<br>18:30<br>HS<br>Producci\u00f3n 2025: Instituto de Cultura del Chaco. Patrimonio arquitect\u00f3nico<br>y arte en la ciudad de Resistencia. El caso de la casa de gobierno del<br>Chaco y Edificio Olivetti. Participan: Arquitectos: Marcela Bernardi, Anna<br>Lancelle y Gabriel Romero\/ Licenciada Gabriela Zalazar \/Marcelo Nieto<br>\/Juan de Dios Menas \/Antonella Nicoletti. Libros: &#8220;Arquitectura y arte en la<br>moderna ciudad de Resistencia&#8221;- &#8220;Arte Ind\u00edgena en el museo de Bellas<br>Artes Rene Frusau, Patrimonio art\u00edstico en clave decolonial&#8221;- &#8220;La Aventura<br>escult\u00f3rica&#8221;- &#8220;Peregrino de las palabras&#8221;. &#8220;Colecci\u00f3n: Libros sensoriales<br>textiles, Manual de la Fauna aut\u00f3ctona para primeras infancias&#8221; ,<br>Impenetrable\/Esteros del Ibera.<br>Dia 10: Viernes 18 de Julio<br>18 HS Fundaci\u00f3n Memoria del Chamam\u00e9 presenta &#8220;De decires y cantares&#8221;.<br>Participan: Paloma y Coqui Ortiz, Seba Flores, Rafa Fond\u00f3n, Carlos<\/p>\n\n\n\n<p>Lezcano y Pedro Zubieta.<\/p>\n\n\n\n<p>SALA 1: VESPERO TRINIDAD<\/p>\n\n\n\n<p>Dia 2: Jueves 10 de Julio<\/p>\n\n\n\n<p>09 HS Publicaciones EIB (coordinaci\u00f3n de EIB)<br>10 A<br>12 HS &#8220;Cerebros en Juego&#8221; Direcci\u00f3n de Nivel Secundario.<br>14 a<br>16 HS<br>Presentaci\u00f3n Libro: \u201cLa Libertad en las Palabras: La Escritura como<br>Camino hacia la Dignidad y los Valores\u201d (Direcci\u00f3n de EPJA -Coordinaci\u00f3n<br>de ECE)<br>17 HS Presentaci\u00f3n de libro: &#8220;Mis vuelos&#8221;, de Peggy Llano. Editoral D<\/p>\n\n\n\n<p>18 HS<br>&#8220;La imaginer\u00eda religiosa como elemento identitario de los pueblos<br>correntinos&#8221;<br>Disertante: Prof. H\u00e9ctor Eduardo Gonz\u00e1lez Mart\u00edn.<br>Comisi\u00f3n Arquidiocesana de Cultura. Arzobispado de Corrientes<\/p>\n\n\n\n<p>19 HS<br>La obra de Jorge Luis Borges, Panel de la Cofradia Borgiana. Panelistas:<br>Stella Maris Folguer\u00e1, Jos\u00e9 Gabriel Ceballos, Ra\u00fal Ernesto Costarelli,<br>Enrique Lacour, Juanchi Vallejos, Nelson Pessoa y Gustavo S\u00e1nchez<br>Mari\u00f1o.<\/p>\n\n\n\n<p>Dia 3: Viernes 11 de Julio<br>09 HS Historia de la Educaci\u00f3n de Corrientes: Pensar en el pasado para proyectar<br>el futuro (Direcci\u00f3n de Planeamiento e Investigaci\u00f3n Educativa)<br>10 HS<br>Presentaci\u00f3n del libro de 2do Grado \u201cAprendemos con Kapi\u201d y otros<br>materiales del Plan de Alfabetizaci\u00f3n (Direcci\u00f3n de Planeamiento e<br>Investigaci\u00f3n Educativa)<br>11 HS \u201cEscritura semilla\u201d (Coordinaci\u00f3n de Educaci\u00f3n Rural Escritura Semilla)<br>14 HS \u201cAventuras literarias: \u00a1Escribe tu propia historia!\u201d (Consejo General de<br>Educaci\u00f3n)<br>15 a<br>17 HS<br>Taller: \u201cDescubriendo estrategias para la alfabetizaci\u00f3n\u201d (Coordinaci\u00f3n de<br>Educaci\u00f3n Especial)<br>17 HS Panel Asociaci\u00f3n Cultural Bonpland<\/p>\n\n\n\n<p>18 HS Presentaci\u00f3n de libro: &#8220;Lo que vive tras la piel&#8221;, de Nicol\u00e1s Miranda<br>19 HS Presentaci\u00f3n de Libro: &#8220;Poemas en Loop&#8221; de Cesar Facundo Florentin.<br>SADE Corrientes<\/p>\n\n\n\n<p>D\u00eda 4: S\u00e1bado 12 de Julio<br>16 HS Mesa: &#8220;El lugar de Buenavista en la literatura&#8221;. Participan: Stella Maris<br>Folguer\u00e1, Pilar Romano y Gustavo S\u00e1nchez Mari\u00f1o<br>16:30<br>HS<br>Charla &#8220;Micropol\u00edticas en Buenavista, un enfoque desde la perspectiva de<br>Gilles Deleuze&#8221;, por Alfredo Vara.<br>17 HS Charla: &#8220;El feminismo de un cuento de Buenavista&#8221; por Mabel Pagano<br>17:30<br>HS<br>Lectura de poemas a cargo de Juan Meneguin y Enrique Butti. En<br>homenaje a Don Ceferino Miranda, poeta mayor de Buenavista<br>18 HS Charla: &#8220;Campo, parajes y pueblos en la literatura&#8221;, por Cristina Iglesia.<br>18:30<br>HS<br>Panel: &#8220;Escribir desde una identidad territorial&#8221;. Participan Mariano Quiros,<br>Fabian Sober\u00f3n y Ernestina Perrens<br>19 HS Presentaci\u00f3n de libro: &#8220;El peque\u00f1o cardenal&#8221; de Beatriz Costaganna<br>Dia 5: Domingo 13 de Julio<br>16 HS Presentaci\u00f3n de libro: &#8220;Borrajas azules para las trenzas&#8221; de Lucrecia<br>Mart\u00ednez. SADE Corrientes<br>17 HS Presentaci\u00f3n de libro: &#8220;Cancionero popular de cantautoras como<br>herramienta de visibilizaci\u00f3n&#8221;. Paraguay<br>18 HS Presentaci\u00f3n de libro: &#8220;As\u00ed en el infierno como en el cielo&#8221; de Anna Silvestri<br>19 HS Presentaci\u00f3n de libro: &#8220;Sin maquillaje&#8221; de Graciela Ayala<br>Dia 6: Lunes 14 de Julio<br>16 HS Presentaci\u00f3n: Colecci\u00f3n literatura infantil. David Zaracho. SADE Corrientes<br>17 HS Presentaci\u00f3n de libro: &#8220;Los ojos de Kora&#8221; de Abraham Schweizer<br>18 HS Presentaci\u00f3n de libro: &#8220;Versos engarzados&#8221;, de Susana Pi\u00f1eyro, ilustradora<br>Eugenia Kusevitzky<br>19 HS Presentaci\u00f3n de libro: &#8220;Adi\u00f3s pap\u00e1 y varios cuentos&#8221;, de Gilda Pinarello<br>Dia 7: Martes 15 de Julio<br>16 HS Presentaci\u00f3n de libro: &#8220;Confesiones del alma&#8221; de Cielo Llano. SADE<br>Corrientes<\/p>\n\n\n\n<p>17 HS Presentaci\u00f3n de libro: &#8220;Claroscuros sanroque\u00f1os&#8221;, de Roberto Jes\u00fas<br>Frette.<br>18 HS Presentaci\u00f3n de libro: &#8220;Salvador y el perrito de agua&#8221; de Marcelo Gonzalez<br>Vila. Ediciones de la Paz<br>19 HS Narradores de div\u00e1n. Di\u00e1logo con Alejandro &#8220;Talo&#8221; Maciel, Karen<br>G\u00f3mez Curim\u00e1, Luis Polo y Jos\u00e9 Gabriel Mazzaro.<\/p>\n\n\n\n<p>D\u00eda 8: Mi\u00e9rcoles 16 de Julio<br>16 HS Presentaci\u00f3n del libro &#8220;Te quiero Iber\u00e1&#8221;, de Olga Beatriz Ocampo (en<br>portugu\u00e9s, guaran\u00ed e ingl\u00e9s). Biblioteca de Escritores Correntinos.<br>17 HS Charla: Botiquin Literario: Espacio de an\u00e1lisis y reflexi\u00f3n, de Emilia Laila<br>Daitter. Biblioteca de Escritores Correntinos<br>18 HS<br>Biblioteca Popular Mariano Moreno, Mocoret\u00e1. Taller: Aventuras de Fripin<br>en el litoral. Un ping\u00fcino patag\u00f3nico explorando la naturaleza junto a<br>animales del litoral. Actividad para ni\u00f1os.<br>19 HS Corrientes- FECOBIP: Presentaci\u00f3n del libro &#8220;Pedro R\u00edos, &#8220;El<br>tamborcito de Tacuar\u00ed&#8221; Olga Beatriz Ocampo.<\/p>\n\n\n\n<p>Dia 9: Jueves 17 de Julio<\/p>\n\n\n\n<p>16 HS<br>Presentaci\u00f3n de libro: &#8220;Escuela Regional de Agricultura, Ganader\u00eda e<br>Industrias Afines (ERAGIA-UNNE) Primer Centenario (1920-2020)&#8221; de<br>Alvaro Monz\u00f3n Wyngaard y Ana Paula Monz\u00f3n<br>17 HS<br>&#8220;Las peregrinaciones tradicionales de la Provincia de Corrientes&#8221;<br>Disertantes: Lic. Hugo Echavarria Seniquel Prof. Laura Fr\u00edas Rodriguez<br>Junta de Historia de la Provincia de Corrientes<br>18 HS<br>El archivo general de la provincia de Corrientes. Documentos, testimonios<br>e investigaciones para una historia regional&#8221; Compiladores: Maria Laura<br>Salinas- Jorge Enrique Deniri<br>19 HS Mereces lo que sue\u00f1as. Victoria Pared Roldan.<\/p>\n\n\n\n<p>Dia 10: Viernes 18 de Julio<br>16 HS Kuo do elementos. Ivan Benitez. SADE Corrientes<br>17 HS Mi clave de luna. Ana Felicitas Arenhardt<br>18 HS Rosa Rzepecki. Poetas de todos los tiempos II.<\/p>\n\n\n\n<p>SALA 2: BENJAMIN BALBUENA<\/p>\n\n\n\n<p>Dia 2: Jueves 10 de Julio<br>09 HS Taller: &#8221; Caja de herramientas para aulas diversificadas&#8221; Coordinaci\u00f3n de<br>Educaci\u00f3n Especial<br>10 HS Taller: Con los ojos bien abiertos (DISEPA)<br>11 HS Juegos Culturales Correntinos (ICC)<br>14 A<br>16 HS<br>Taller: \u201cDescubriendo estrategias para la alfabetizaci\u00f3n\u201d (Coordinaci\u00f3n de<br>Educaci\u00f3n Especial)<br>16 HS Creaci\u00f3n de videojuegos con IA (Subsecretaria de Contenidos<br>Audiovisuales)<br>17 HS Presentaci\u00f3n de libro: &#8220;Entiendo pero no hablo&#8221;, de Carolina Gandulfo.<br>EUDENE<\/p>\n\n\n\n<p>18 HS<br>El Premio UNNE para las Letras. Integrantes: Autoridades de la UNNE,<br>Maria Andrea (Maia Eirin), Javier Vargas, Gabriela Bissaro, Evelin Bochle,<br>Matias Carmagnola y ganadores del Certamen Premio UNNE para las<br>letras.<br>19 HS Presentaci\u00f3n del libro: &#8220;El Iber\u00e1 no tiene misterio&#8221;, Eduardo Ledesma.<br>EUDENE<\/p>\n\n\n\n<p>Dia 3: Viernes 11 de Julio<\/p>\n\n\n\n<p>09 HS<br>\u201cLa Modalidad de Educaci\u00f3n Domiciliaria y Hospitalaria: claves para<br>comprender su abordaje\u201d (Coordinaci\u00f3n de Educaci\u00f3n Domiciliaria y<br>Hospitalaria)<br>10 HS \u00a1Educaci\u00f3n Vial, un esfuerzo en movimiento! (Coordinaci\u00f3n de Educaci\u00f3n y<br>Seguridad Vial)<br>11 HS Subite al Colectivo de Lectura: \u00a1Arrancamos una Aventura Literaria!<br>(Direcci\u00f3n de Planeamiento e Investigaci\u00f3n Educativa)<br>14 a<br>17 HS \u201cTu t\u00edtulo ahora es digital\u201d (Direcci\u00f3n de T\u00edtulos)<br>18 HS Presentaci\u00f3n de libro: &#8220;San Mart\u00edn, un h\u00e9roe sin manto mas\u00f3nico&#8221;, de<br>Miguel Recupero<br>19 HS Presentaci\u00f3n del libro \u201cAndamio y otros cuentos\u201d, de Juan Carlos<br>Tracogna. Colecci\u00f3n Claroscuros, Moglia Ediciones.<\/p>\n\n\n\n<p>D\u00eda 4: S\u00e1bado 12 de Julio<br>15 HS Presentaci\u00f3n de libro: &#8220;Nuevo Milenio&#8221; de Carmen Balmaceda. Ed.<br>Publiquemos al Z\u00f3calo<br>16 HS Presentaci\u00f3n de libro: &#8220;Poes\u00eda con rostro de mujer&#8221; de Dalia de Jes\u00fas<br>Romero, Editorial D<br>17 HS Presentaci\u00f3n del Libro: &#8220;Cancioneras paraguayas&#8221; de Maria Rios, Carmen<br>Diaz, Vero Barreto y Paty Latorre.<br>18 HS Presentaci\u00f3n de libro: &#8220;Sombras en la ciudad&#8221; de Eduardo Enrique<br>Galiana e Iliana Romero Barreto<br>19 HS Presentacion de libro: &#8220;Onaxaic Nallec &#8211; Buen Comer&#8221; Editorial<br>Eudene en coedici\u00f3n con Incupo.<\/p>\n\n\n\n<p>Dia 5: Domingo 13 de Julio<br>16 HS Taller literario &#8220;Cuentos de terror en el nordeste&#8221;, a cargo Jos\u00e9 Gabriel<br>Mazzaro y Adriano Duarte. (con inscripci\u00f3n previa)<br>18 HS Presentacion de libro: &#8220;Mochileros de la fe&#8221; de Rocio Ivana Blanco<br>19 HS Presentaci\u00f3n de libro: &#8220;Mente Abierta&#8221; de Sebastian de la Cruz Brites<br>Pintos.<\/p>\n\n\n\n<p>Dia 6: Lunes 14 de Julio<br>16 HS Presentaci\u00f3n de libro: &#8220;El gaucho Gil y la creaci\u00f3n del mito&#8221; de Avelino<br>Nu\u00f1ez, SADE Corrientes.<br>17 HS Presentaci\u00f3n de libro: &#8220;Cris\u00e1lida&#8221; de Nieves Cuenca, SADE Corrientes<br>18 HS Presentaci\u00f3n de libro: &#8220;Mburucuy\u00e1: reservorio cultural&#8221; de Pedro Azzano.<br>Presenta: Gustavo S\u00e1nchez Mari\u00f1o<br>19 HS Presentaci\u00f3n de libro: &#8220;Cuentos para no dormir la siesta&#8221;, Alejandro &#8220;Talo&#8221;<br>Maciel. Colecci\u00f3n Claroscuros, Moglia Ediciones.<\/p>\n\n\n\n<p>Dia 7: Martes 15 de Julio<br>16 HS Presentaci\u00f3n de libro: &#8220;La leyenda de la Dama Flor&#8221; de Evangelina Elisabet<br>Cavi.<br>17 HS Presentaci\u00f3n de libro: &#8220;Un secreto y otros cuentos&#8221; de Augusto Abelenda.<br>Ediciones de la Paz<br>18 HS Gesti\u00f3n cultural y patrimonio: aportes a la identidad regional, autores:<\/p>\n\n\n\n<p>Luciana Sudar Klappenbach y Maria Isabel Guill\u00e1n. Presenta Gabriel<br>Romero<br>19 HS Presentaci\u00f3n del libro: &#8220;Tierras m\u00e1s altas&#8221;, de Moni Munilla. Moglia<br>Ediciones.<\/p>\n\n\n\n<p>D\u00eda 8: Mi\u00e9rcoles 16 de Julio<br>16 HS Biblioteca Gerardo Pissarello, de Saladas. El canto de Che Ret\u00e1. Un relato<br>audiovisual. Analia Gelmi.<br>17 HS Biblioteca Popular General San Mart\u00edn, Corrientes: Presentaci\u00f3n de libro.<br>18 HS Presentaci\u00f3n de libro &#8220;De Haikus, aforismos y poemas&#8221;, de Myrna Neuman<br>de Rey. SADE Corrientes<br>19 HS Presentaci\u00f3n de libro: &#8220;Campo adentro y otros cuentos&#8221;, de Jos\u00e9 Gabriel<br>Mazzaro. Colecci\u00f3n Claroscuros, Moglia Ediciones<\/p>\n\n\n\n<p>Dia 9: Jueves 17 de Julio<\/p>\n\n\n\n<p>16 HS<br>Presentaci\u00f3n de libro: &#8220;Escuela Regional de Agricultura, Ganader\u00eda e<br>Industrias Afines (ERAGIA-UNNE) Primer Centenario (1920-2020)&#8221; de<br>Alvaro Monz\u00f3n Wyngaard y Ana Paula Monz\u00f3n<br>17 HS<br>&#8220;Las peregrinaciones tradicionales de la Provincia de Corrientes&#8221;<br>Disertantes: Lic. Hugo Echavarria Seniquel Prof. Laura Fr\u00edas Rodriguez<br>Junta de Historia de la Provincia de Corrientes<br>18 HS<br>El archivo general de la provincia de Corrientes. Documentos, testimonios<br>e investigaciones para una historia regional&#8221; Compiladores: Maria Laura<br>Salinas- Jorge Enrique Deniri<br>19 HS Mereces lo que sue\u00f1as. Victoria Pared Roldan.<br>Dia 10: Viernes 18 de Julio<br>16 HS Kuo do elementos. Ivan Benitez. SADE Corrientes<br>17 HS Mi clave de luna. Ana Felicitas Arenhardt<br>18 HS Rosa Rzepecki. Poetas de todos los tiempos II.<\/p>\n\n\n\n<p>SALA 3: HERMINIO PAREDES<\/p>\n\n\n\n<p>Dia 2: Jueves 10 de Julio<\/p>\n\n\n\n<p>09 HS Ecotech. &#8220;Espacio Maker&#8221; (Subsecretaria de Contenidos Audiovisuales)<br>10:30<br>a<br>11:30<br>HS<br>&#8220;Animaci\u00f3n con IA&#8221; (Subsecretaria de Contenidos Audiovisuales)<br>14 a<br>17 HS<br>\u201cEl ojo curioso: un viaje de lectura aumentada\u201d (Coordinaci\u00f3n de Ciencia y<br>Tecnolog\u00eda)<br>17 HS Presentaci\u00f3n del libro: &#8220;Confesiones del alma&#8221;, de Cielo Llano. Editoral D.<br>18 HS Presentaci\u00f3n de libro: &#8220;Guardianes&#8221;, de Diego Craig y Alexandra Rey.<br>19 HS Presentaci\u00f3n de libro: &#8220;Primero Amate&#8221;, de Romina Lorena Montiel. SADE<br>Corrientes<\/p>\n\n\n\n<p>Dia 3: Viernes 11 de Julio<br>09 HS Taller: \u201cCaja de herramientas para aulas diversificadas\u201d (Coordinaci\u00f3n de<br>Educaci\u00f3n Especial)<br>10 a<br>12 HS \u201cPesca de trabalenguas y deletreo\u201d (Direcci\u00f3n de Nivel Secundario)<br>14 HS \u201cPeque\u00f1os Grandes Escritores\u201d Colegio \u201cSanta Teresita\u201d- (DIGEP)<br>15 HS \u201cVoces en rueda: la experiencia de ser docente Domiciliario y Hospitalario\u201d<br>(Coordinaci\u00f3n de Educaci\u00f3n Domiciliaria y Hospitalaria)<br>16 HS Charla &#8220;Historias correntinas por contar de la inmigraci\u00f3n alemana en<br>Argentina&#8221; (Coordinaci\u00f3n de EIB)<br>17 HS Observatorio de Conflictos Sociales del Nordeste Argentino UNNE.<br>Sofia Rodr\u00edguez Azcona; Fernando Nahuel Marturet; Hilda Presman.<br>18 HS Presentaci\u00f3n de libro: &#8220;Inteligencia artificial y creatividad&#8221;, de Jorge<br>Javier Ram\u00edrez.<br>19 HS Presentaci\u00f3n de libro: &#8220;Kuatia sa\u00a8yju: Papeles amarillos&#8221; de Elpidio<br>Gonzalez. SADE Corrientes<br>D\u00eda 4: S\u00e1bado 12 de Julio<br>15 HS Presentaci\u00f3n de libro: &#8220;El l\u00edmite de lo emocional&#8221; de Baltazar Leiva,<br>Editorial D.<br>16 HS Presentaci\u00f3n de libro: &#8220;Er\u00f3tica mente&#8221; de Monica Analia Ortiz, Editorial D<br>17 a<br>19 HS<br>Taller literario &#8220;Cuentos de terror en el nordeste&#8221; a cargo de Jos\u00e9 Gabriel<br>Mazzaro y Adriano Duarte (con inscripci\u00f3n previa)<br>19 HS Revista digital Tercer milenio en la Cultura. Presenta: Carlota Macchiavelli<\/p>\n\n\n\n<p>Dia 5: Domingo 13 de Julio<br>16 HS Presentaci\u00f3n de libro: &#8220;Mientras la luna se va&#8221; de Daniel Castro. SADE<br>Corrientes<br>17 HS Presentaci\u00f3n de libro: &#8220;Entre amores y sombras: susurros del coraz\u00f3n&#8221;, de<br>C\u00e9sar Olarte<br>18 HS Muestra fotogr\u00e1fica. Un mismo ADN: Dos miradas diferentes, Daniel y Ana<br>Piris.<br>19 HS Presentaci\u00f3n de libro: &#8220;Somos&#8221; de Viviana Musimesi. Editorial D.<br>Dia 6: Lunes 14 de Julio<\/p>\n\n\n\n<p>16 HS<br>Presentaci\u00f3n de libro: &#8220;Movimientos de abanico&#8221;, &#8220;Apertura y cierre de los<br>procesos de ense\u00f1anza en jardines de infantes&#8221; de Mar\u00eda Luisa Garc\u00eda<br>Martel.<br>17 HS Presentaci\u00f3n de libro: &#8220;Intervenci\u00f3n social con Ni\u00f1eces, juventudes y<br>familia&#8221; de Lic. Alfredo Gonz\u00e1lez<br>18 HS Presentaci\u00f3n de libro: &#8220;Ma\u00f1ana tal vez sonr\u00eda&#8221;, Edgar Alem Meza.<br>19 HS<br>Conversatorio: &#8220;Actualmente, \u00bfhay una crisis de lectura o de lectores?&#8221;<br>Participan: Marcela Gim\u00e9nez, Sergio Rubiola, Eloisa Lovato y Alicia Tuty.<br>Modera. Walter casco Oliveira.<\/p>\n\n\n\n<p>Dia 7: Martes 15 de Julio<br>16 HS Presentaci\u00f3n de libro: &#8220;Mi bit\u00e1cora literaria&#8221; de Nily Yaeger Bullon. Editorial<br>D<br>17 HS La Creaci\u00f3n de la Di\u00f3cesis de Corrientes. 1907-1911. Vicente Ariel Hidalgo<br>Olivares<br>18 HS Presentaci\u00f3n de libro: &#8220;El Rewind&#8221; de C\u00e9sar Tom\u00e1s Zarrabeitia. Editorial<br>Tinta al Tiempo<br>19 HS<br>Presentaci\u00f3n de libro: &#8220;\u00c1ngeles somos: escenas rememorativas de los<br>ni\u00f1os difuntos\/ Angelitos pr\u00e1cticas y creencias funerarias Corrientes y sur<br>del Paraguay&#8221; de Ivan Bondar<br>D\u00eda 8: Mi\u00e9rcoles 16 de Julio<br>17 HS Biblioteca Literaria Belgrano, Mercedes. Digitalizaci\u00f3n de libros: &#8220;Desaf\u00edos<br>y oportunidades para la preservaci\u00f3n del conocimiento&#8221;.<\/p>\n\n\n\n<p>18 HS<br>Biblioteca Popular Fray Luis Bola\u00f1os, Corrientes: Charla &#8220;Tesoro de la<br>biblioteca Fray Luis Bola\u00f1os&#8221; Colecciones antiguas: resguardo de<br>identidad. Lic. Jorge Soto Burgos y Lic. Irma Beatriz Meza<br>19 HS Presentaci\u00f3n del libro &#8220;Anotaciones imprescindibles&#8221;. Gustavo Oviedo<br>Dia 9: Jueves 17 de Julio<br>16 HS Presentaci\u00f3n de libro: &#8220;El mundo a trav\u00e9s de mis letras&#8221; de Berenises Sol<br>Itat\u00ed Avalos Ojeda<br>17 HS Susurros del alma, la sangre y la tierra. Pablo y Victor navarro.<br>18 HS Herencias Malditas. Leda Marisa Mart\u00ednez. (Sergio Nazer)<br>19 HS &#8220;Misia Carmen y otros cuentos correntinos&#8221; Fernando Gonz\u00e1lez Azcoaga<br>Dia 10: Viernes 18 de Julio<br>16 hs &#8220;Mientras la Luna se va&#8221; Editorial D. de Daniel Castro<br>17 hs Nuevo Milenio. Carmen Balmaceda<br>18 hs Barbara Elina Antonini. \u00d1ande devociones y milagros. Editorial D<\/p>\n\n\n\n<p>SALA 4: PADRE BASILIO<\/p>\n\n\n\n<p>Dia 2: Jueves 10 de Julio<\/p>\n\n\n\n<p>09 a<br>12 HS<br>Radio Joven en la Feria del Libro. Ping Pong con los Tomatitos-<br>Susurradores- Novelista desinspirado-Conectados-Diario Musical-Libro de<br>Vivencias(Prensa)<br>14 a<br>17 HS<br>Radio Joven en la Feria del Libro. Ping Pong con los Tomatitos-<br>Susurradores- Novelista desinspirado-Conectados-Diario Musical-Libro de<br>Vivencias(Prensa)<br>19 HS Presentaci\u00f3n de libro: &#8220;Hotel Roma&#8221;, de Marina S\u00e1nchez. Presenta: Mariela<br>Mioni. Colecci\u00f3n Claroscuros Moglia Ediciones<\/p>\n\n\n\n<p>Dia 3: Viernes 11 de Julio<\/p>\n\n\n\n<p>09 a<br>12 HS<br>Radio Joven en la Feria del Libro. Ping Pong con los Tomatitos-<br>Susurradores- Novelista desinspirado-Conectados-Diario Musical-Libro de<br>Vivencias(Prensa)<br>14 a<br>17 HS<br>Radio Joven en la Feria del Libro. Ping Pong con los Tomatitos-<br>Susurradores- Novelista desinspirado-Conectados-Diario Musical-Libro de<\/p>\n\n\n\n<p>Vivencias(Prensa)<\/p>\n\n\n\n<p>D\u00eda 7: Mi\u00e9rcoles 16 de Julio<br>19 HS Versos para contar. Intervenci\u00f3n de cuentos, a cargo de Maria Silvia Pozo.<\/p>\n\n\n\n<p>SUM COLEGIO<\/p>\n\n\n\n<p>Dia 3: Viernes 11 de Julio<br>15 a<br>16: 30<br>HS<br>Presentaci\u00f3n del libro \u201cIber\u00e1, donde el viento canta\u201d del autor Jos\u00e9 Ram\u00f3n<br>Frete. (Coordinaci\u00f3n de EIB)<\/p>\n\n\n\n<p>GALERIA COLON, 3\u00b0 PISO.<\/p>\n\n\n\n<p>D\u00eda 1: Mi\u00e9rcoles 09 de Julio<br>18 HS Mujeres en la poes\u00eda (Storni, Ibarbourou, Mistral). Stand CUENCA DEL<br>PLATA<\/p>\n\n\n\n<p>Dia 2: Jueves 10 de Julio<br>18 HS Poes\u00eda correntina (Sosa Cordero, Zappa, Castel\u00e1n, R\u00faveda, Morales.<br>Stand CUENCA DEL PLATA<br>Dia 3: Viernes 11 de Julio<br>18 HS Poes\u00eda espa\u00f1ola (Garc\u00eda Lorca, Machado, Alberti, Neira). Stand CUENCA<br>DEL PLATA<\/p>\n\n\n\n<p>D\u00eda 4: S\u00e1bado 12 de Julio<br>18 HS Poes\u00eda l\u00edrica universal (Ortiz Guerrero, Neruda, Nervo, B\u00e9cquer, Fern\u00e1ndez<br>Moreno). Stand CUENCA DEL PLATA<\/p>\n\n\n\n<p>Dia 5: Domingo 13 de Julio<\/p>\n\n\n\n<p>18 HS Poes\u00eda infantil (Walsh, Bornemann, R\u00faveda). Stand CUENCA DEL PLATA<br>Dia 6: Lunes 14 de Julio<br>18 HS Personal de la UCP y del IDIC NEA realizar\u00e1n lecturas de obras del acervo<br>donado por el escritor correntino Alejandro Mauri\u00f1o. CUENCA DEL PLATA<\/p>\n\n\n\n<p>Dia 7: Martes 15 de Julio<br>18 HS Personal de la UCP y del IDIC NEA realizar\u00e1n lecturas de obras del acervo<br>donado por el escritor correntino Alejandro Mauri\u00f1o.. CUENCA DEL PLATA<\/p>\n\n\n\n<p>D\u00eda 8: Mi\u00e9rcoles 16 de Julio<br>18 HS Personal de la UCP y del IDIC NEA realizar\u00e1n lecturas de obras del acervo<br>donado por el escritor correntino Alejandro Mauri\u00f1o.. CUENCA DEL PLATA<\/p>\n\n\n\n<p>Dia 9: Jueves 17 de Julio<br>18 HS Personal de la UCP y del IDIC NEA realizar\u00e1n lecturas de obras del acervo<br>donado por el escritor correntino Alejandro Mauri\u00f1o.. CUENCA DEL PLATA<\/p>\n\n\n\n<p>Dia 10: Viernes 18 de Julio<br>18 HS Personal de la UCP y del IDIC NEA realizar\u00e1n lecturas de obras del acervo<br>donado por el escritor correntino Alejandro Mauri\u00f1o.. CUENCA DEL PLATA<\/p>\n\n\n\n<p>CANCHA AL AIRE LIBRE<\/p>\n\n\n\n<p>D\u00eda 1: Mi\u00e9rcoles 09 de Julio<br>&#8211; NADA<br>Dia 2: Jueves 10 de Julio<br>09 a<br>12 HS<br>Ajedrez Educativo. Tenis de Mesa. Circuitos ludomotrices. Juegos de<br>ingenio. Lanzamientos a Blancos fijos y m\u00f3viles. Kerm\u00e9s. RCP. (Direcci\u00f3n<\/p>\n\n\n\n<p>de Educaci\u00f3n F\u00edsica)<br>14 a<br>17 HS<br>Ajedrez Educativo. Tenis de Mesa. Circuitos ludomotrices. Juegos de<br>ingenio. Lanzamientos a Blancos fijos y m\u00f3viles. Kerm\u00e9s. RCP. (Direcci\u00f3n<br>de Educaci\u00f3n F\u00edsica)<br>Dia 3: Viernes 11 de Julio<br>09 a<br>10:30<br>HS<br>Stand \u201cCuidARTE\u201d (Coordinaci\u00f3n de Educaci\u00f3n Art\u00edstica en articulaci\u00f3n<br>con la Direcci\u00f3n de Sanidad Escolar)<br>09 a<br>12 HS Circuito con autos el\u00e9ctricos (Direcci\u00f3n de Educaci\u00f3n Art\u00edstica)<br>10 a<br>11 HS &#8220;Coro de ni\u00f1os de sala de 5 a\u00f1os del jard\u00edn&#8221; San Benito IPP-2 (DIGEP).<\/p>\n\n\n\n<p>GALERIA (entrada por 9 de julio)<\/p>\n\n\n\n<p>D\u00eda 1: Mi\u00e9rcoles 09 de Julio<br>&#8211; NADA<br>Dia 2: Jueves 10 de Julio<br>09 HS \u201cAprendemos RCP\u201d CRUZ ROJA (DIGEP)<br>14 HS Presentaci\u00f3n Juego \u201cEn se\u00f1as\u201d (Direcci\u00f3n de EPJA)<br>Dia 3: Viernes 11 de Julio<br>09 a<br>12 HS Presentaci\u00f3n Juego \u201cEn se\u00f1as\u201d (EPJA)<\/p>\n","protected":false},"excerpt":{"rendered":"<p>El Gobierno de Corrientes, a trav\u00e9s del Instituto de Cultura, avanza en los preparativos para una nueva edici\u00f3n de la Feria Provincial del Libro, a desarrollarse del 9 al 18&hellip; <\/p>\n","protected":false},"author":4,"featured_media":215704,"comment_status":"closed","ping_status":"open","sticky":false,"template":"","format":"standard","meta":{"footnotes":""},"categories":[15],"tags":[],"class_list":["post-215703","post","type-post","status-publish","format-standard","has-post-thumbnail","hentry","category-cultura"],"_links":{"self":[{"href":"https:\/\/corrientesdetarde.com\/index.php\/wp-json\/wp\/v2\/posts\/215703","targetHints":{"allow":["GET"]}}],"collection":[{"href":"https:\/\/corrientesdetarde.com\/index.php\/wp-json\/wp\/v2\/posts"}],"about":[{"href":"https:\/\/corrientesdetarde.com\/index.php\/wp-json\/wp\/v2\/types\/post"}],"author":[{"embeddable":true,"href":"https:\/\/corrientesdetarde.com\/index.php\/wp-json\/wp\/v2\/users\/4"}],"replies":[{"embeddable":true,"href":"https:\/\/corrientesdetarde.com\/index.php\/wp-json\/wp\/v2\/comments?post=215703"}],"version-history":[{"count":1,"href":"https:\/\/corrientesdetarde.com\/index.php\/wp-json\/wp\/v2\/posts\/215703\/revisions"}],"predecessor-version":[{"id":215705,"href":"https:\/\/corrientesdetarde.com\/index.php\/wp-json\/wp\/v2\/posts\/215703\/revisions\/215705"}],"wp:featuredmedia":[{"embeddable":true,"href":"https:\/\/corrientesdetarde.com\/index.php\/wp-json\/wp\/v2\/media\/215704"}],"wp:attachment":[{"href":"https:\/\/corrientesdetarde.com\/index.php\/wp-json\/wp\/v2\/media?parent=215703"}],"wp:term":[{"taxonomy":"category","embeddable":true,"href":"https:\/\/corrientesdetarde.com\/index.php\/wp-json\/wp\/v2\/categories?post=215703"},{"taxonomy":"post_tag","embeddable":true,"href":"https:\/\/corrientesdetarde.com\/index.php\/wp-json\/wp\/v2\/tags?post=215703"}],"curies":[{"name":"wp","href":"https:\/\/api.w.org\/{rel}","templated":true}]}}