{"id":215712,"date":"2025-07-04T01:33:03","date_gmt":"2025-07-04T04:33:03","guid":{"rendered":"https:\/\/corrientesdetarde.com\/?p=215712"},"modified":"2025-07-04T01:33:15","modified_gmt":"2025-07-04T04:33:15","slug":"murio-un-joven-motociclista-tras-chocar-con-un-camion","status":"publish","type":"post","link":"https:\/\/corrientesdetarde.com\/index.php\/policiales\/murio-un-joven-motociclista-tras-chocar-con-un-camion\/","title":{"rendered":"Muri\u00f3 un joven motociclista tras chocar con un cami\u00f3n"},"content":{"rendered":"\n<p>El siniestro ocurri\u00f3 en la tarde del jueves 3 sobre la Ruta Nacional 119, a la altura del kil\u00f3metro 33. La v\u00edctima, de 21 a\u00f1os y oriunda de Curuz\u00fa Cuati\u00e1, falleci\u00f3 en el acto.<\/p>\n\n\n\n<p>Un grave accidente de tr\u00e1nsito se registr\u00f3 este jueves 3 por la tarde en el acceso principal a la ciudad de Curuz\u00fa Cuati\u00e1, en cercan\u00edas a la Isla de Los Palos. Cerca de las 16, una motocicleta de alta cilindrada colision\u00f3 desde atr\u00e1s con un cami\u00f3n que se dirig\u00eda desde Roque S\u00e1enz Pe\u00f1a hacia la provincia de Buenos Aires.<\/p>\n\n\n\n<p>El joven conductor de la moto, de 21 a\u00f1os, termin\u00f3 tendido al costado de la ruta. Cuando llegaron los equipos de emergencia, ya no presentaba signos vitales. Se confirm\u00f3 que era oriundo de Curuz\u00fa Cuati\u00e1.<\/p>\n\n\n\n<figure class=\"wp-block-image\"><img decoding=\"async\" src=\"https:\/\/www.diarioepoca.com\/content\/bucket\/0\/1437320w380h506c.jpg.webp\" alt=\"\"\/><\/figure>\n\n\n\n<p>En el lugar trabaj\u00f3 personal de la Comisar\u00eda Segunda, bajo la direcci\u00f3n del subcomisario Rodrigo D\u00edaz, junto a la fiscal doctora Clara Bel\u00e9n Arr\u00faa. La ruta fue parcialmente cortada para permitir el trabajo de los peritos, quienes buscan establecer las causas del siniestro.<\/p>\n\n\n\n<figure class=\"wp-block-image\"><img decoding=\"async\" src=\"https:\/\/www.diarioepoca.com\/content\/bucket\/2\/1437322w380h254c.jpg.webp\" alt=\"\"\/><\/figure>\n\n\n\n<p>Desde la Polic\u00eda se\u00f1alaron que hay al menos dos testigos clave que podr\u00edan aportar datos para esclarecer lo sucedido. El conductor del cami\u00f3n no fue demorado, aunque qued\u00f3 identificado en el marco de la investigaci\u00f3n.<\/p>\n","protected":false},"excerpt":{"rendered":"<p>El siniestro ocurri\u00f3 en la tarde del jueves 3 sobre la Ruta Nacional 119, a la altura del kil\u00f3metro 33. La v\u00edctima, de 21 a\u00f1os y oriunda de Curuz\u00fa Cuati\u00e1,&hellip; <\/p>\n","protected":false},"author":4,"featured_media":215713,"comment_status":"closed","ping_status":"open","sticky":false,"template":"","format":"standard","meta":{"footnotes":""},"categories":[33],"tags":[],"class_list":["post-215712","post","type-post","status-publish","format-standard","has-post-thumbnail","hentry","category-policiales"],"_links":{"self":[{"href":"https:\/\/corrientesdetarde.com\/index.php\/wp-json\/wp\/v2\/posts\/215712","targetHints":{"allow":["GET"]}}],"collection":[{"href":"https:\/\/corrientesdetarde.com\/index.php\/wp-json\/wp\/v2\/posts"}],"about":[{"href":"https:\/\/corrientesdetarde.com\/index.php\/wp-json\/wp\/v2\/types\/post"}],"author":[{"embeddable":true,"href":"https:\/\/corrientesdetarde.com\/index.php\/wp-json\/wp\/v2\/users\/4"}],"replies":[{"embeddable":true,"href":"https:\/\/corrientesdetarde.com\/index.php\/wp-json\/wp\/v2\/comments?post=215712"}],"version-history":[{"count":1,"href":"https:\/\/corrientesdetarde.com\/index.php\/wp-json\/wp\/v2\/posts\/215712\/revisions"}],"predecessor-version":[{"id":215714,"href":"https:\/\/corrientesdetarde.com\/index.php\/wp-json\/wp\/v2\/posts\/215712\/revisions\/215714"}],"wp:featuredmedia":[{"embeddable":true,"href":"https:\/\/corrientesdetarde.com\/index.php\/wp-json\/wp\/v2\/media\/215713"}],"wp:attachment":[{"href":"https:\/\/corrientesdetarde.com\/index.php\/wp-json\/wp\/v2\/media?parent=215712"}],"wp:term":[{"taxonomy":"category","embeddable":true,"href":"https:\/\/corrientesdetarde.com\/index.php\/wp-json\/wp\/v2\/categories?post=215712"},{"taxonomy":"post_tag","embeddable":true,"href":"https:\/\/corrientesdetarde.com\/index.php\/wp-json\/wp\/v2\/tags?post=215712"}],"curies":[{"name":"wp","href":"https:\/\/api.w.org\/{rel}","templated":true}]}}