{"id":215737,"date":"2025-07-04T08:00:58","date_gmt":"2025-07-04T11:00:58","guid":{"rendered":"https:\/\/corrientesdetarde.com\/?p=215737"},"modified":"2025-07-04T08:00:59","modified_gmt":"2025-07-04T11:00:59","slug":"capital-renueva-la-carteleria-vial-del-corredor-manuel-belgrano","status":"publish","type":"post","link":"https:\/\/corrientesdetarde.com\/index.php\/actualidad\/capital-renueva-la-carteleria-vial-del-corredor-manuel-belgrano\/","title":{"rendered":"Capital renueva la carteler\u00eda vial del corredor Manuel Belgrano"},"content":{"rendered":"\n<p>La optimizaci\u00f3n de la se\u00f1al\u00e9tica inici\u00f3 en la bajada del puente interprovincial, prosigui\u00f3 por 3 de Abril y Pedro Ferr\u00e9 y actualmente se halla en el \u00faltimo tramo de Independencia. Desde Infraestructura de la Municipalidad recordaron que, a la par, tambi\u00e9n realizaron trabajos de bacheo.<\/p>\n\n\n\n<p>La administraci\u00f3n capitalina dio a conocer que realiza, de manera sostenida, trabajos en la infraestructura del Corredor Manuel Belgrano. Es en ese contexto que en los \u00faltimos d\u00edas los operarios municipales avanzaron en la restauraci\u00f3n de la se\u00f1al\u00e9tica.<\/p>\n\n\n\n<p>Siempre de acuerdo a lo precisado, las labores se extendieron desde la explanada del puente hasta la rotonda de la Virgen.<\/p>\n\n\n\n<p>Las labores son desarrolladas por la Secretar\u00eda de Infraestructura con el objetivo de mejorar la carteler\u00eda vial de la avenida que es altamente transitada. Estas obras se complementan al bacheo e iluminaci\u00f3n que ya se llevaron adelante en todo el corredor.<\/p>\n\n\n\n<p>El secretario de Infraestructura, Mathias Cabrera, sostuvo que la acci\u00f3n &#8220;es important\u00edsima porque es la avenida m\u00e1s importante de la ciudad, por donde transitan no solamente los correntinos de la capital, sino tambi\u00e9n todos los que pasan por ac\u00e1&#8221;.<\/p>\n\n\n\n<p>Adem\u00e1s, el funcionario resalt\u00f3 que las tareas iniciaron desde el puente hacia la rotonda de la Virgen. &#8220;Empezamos en avenida 3 de Abril, Ferr\u00e9, y ahora ya estamos terminando la \u00faltima etapa, que es la avenida Independencia, o sea que se ha intervenido en todo el corredor&#8221;.<\/p>\n\n\n\n<figure class=\"wp-block-image\"><img decoding=\"async\" src=\"https:\/\/www.diarioepoca.com\/content\/bucket\/1\/1437341w380h211c.jpg.webp\" alt=\"\"\/><figcaption class=\"wp-element-caption\">LOS OPERARIOS REALIZAN ESTAS ACCIONES DESDE HACE YA VARIOS D\u00cdAS.<\/figcaption><\/figure>\n\n\n\n<p>De igual modo, Cabrera record\u00f3 que ya se realiz\u00f3 en toda la extensi\u00f3n de la avenida &#8220;el mantenimiento del bacheo, luego fuimos avanzando con la modernizaci\u00f3n integral de toda la semaforizaci\u00f3n y finalmente hicimos la pintura de todas las sendas peatonales&#8221;.<\/p>\n\n\n\n<p>Por otra parte, el funcionario citadino sum\u00f3: &#8220;Seguimos con la puesta en valor de nuestros espacios p\u00fablicos y la refuncionalizaci\u00f3n y reforma. Estamos trabajando en dos puntos muy importantes de la ciudad: en el acceso, en la plaza del MERCOSUR, que va a ser totalmente renovada, y en la plaza del Bicentenario en el barrio San Ger\u00f3nimo tambi\u00e9n, y un nuevo espacio p\u00fablico para el barrio Santa Catalina&#8221;.<\/p>\n\n\n\n<p><\/p>\n","protected":false},"excerpt":{"rendered":"<p>La optimizaci\u00f3n de la se\u00f1al\u00e9tica inici\u00f3 en la bajada del puente interprovincial, prosigui\u00f3 por 3 de Abril y Pedro Ferr\u00e9 y actualmente se halla en el \u00faltimo tramo de Independencia.&hellip; <\/p>\n","protected":false},"author":3,"featured_media":215743,"comment_status":"closed","ping_status":"open","sticky":false,"template":"","format":"standard","meta":{"footnotes":""},"categories":[23],"tags":[],"class_list":["post-215737","post","type-post","status-publish","format-standard","has-post-thumbnail","hentry","category-actualidad"],"_links":{"self":[{"href":"https:\/\/corrientesdetarde.com\/index.php\/wp-json\/wp\/v2\/posts\/215737","targetHints":{"allow":["GET"]}}],"collection":[{"href":"https:\/\/corrientesdetarde.com\/index.php\/wp-json\/wp\/v2\/posts"}],"about":[{"href":"https:\/\/corrientesdetarde.com\/index.php\/wp-json\/wp\/v2\/types\/post"}],"author":[{"embeddable":true,"href":"https:\/\/corrientesdetarde.com\/index.php\/wp-json\/wp\/v2\/users\/3"}],"replies":[{"embeddable":true,"href":"https:\/\/corrientesdetarde.com\/index.php\/wp-json\/wp\/v2\/comments?post=215737"}],"version-history":[{"count":1,"href":"https:\/\/corrientesdetarde.com\/index.php\/wp-json\/wp\/v2\/posts\/215737\/revisions"}],"predecessor-version":[{"id":215749,"href":"https:\/\/corrientesdetarde.com\/index.php\/wp-json\/wp\/v2\/posts\/215737\/revisions\/215749"}],"wp:featuredmedia":[{"embeddable":true,"href":"https:\/\/corrientesdetarde.com\/index.php\/wp-json\/wp\/v2\/media\/215743"}],"wp:attachment":[{"href":"https:\/\/corrientesdetarde.com\/index.php\/wp-json\/wp\/v2\/media?parent=215737"}],"wp:term":[{"taxonomy":"category","embeddable":true,"href":"https:\/\/corrientesdetarde.com\/index.php\/wp-json\/wp\/v2\/categories?post=215737"},{"taxonomy":"post_tag","embeddable":true,"href":"https:\/\/corrientesdetarde.com\/index.php\/wp-json\/wp\/v2\/tags?post=215737"}],"curies":[{"name":"wp","href":"https:\/\/api.w.org\/{rel}","templated":true}]}}