{"id":215752,"date":"2025-07-04T08:19:55","date_gmt":"2025-07-04T11:19:55","guid":{"rendered":"https:\/\/corrientesdetarde.com\/?p=215752"},"modified":"2025-07-04T08:20:25","modified_gmt":"2025-07-04T11:20:25","slug":"traspaso-de-mando-en-el-rotary-club-corrientes","status":"publish","type":"post","link":"https:\/\/corrientesdetarde.com\/index.php\/informacion-general\/traspaso-de-mando-en-el-rotary-club-corrientes\/","title":{"rendered":"Traspaso de Mando en el Rotary Club Corrientes"},"content":{"rendered":"\n<p>Melisa Mecca asume la presidencia con un fuerte compromiso de servicio<br>En un acto desarrollado en el Sal\u00f3n de Usos M\u00faltiples del Club de Regatas Corrientes, se llev\u00f3 a cabo el traspaso de mando del Rotary Club Corrientes. Bajo el lema &#8220;Unidos para hacer el bien&#8221;, la Dra. Melisa Mecca asumi\u00f3 la presidencia de la instituci\u00f3n para el periodo 2025-2026, sucediendo a la Dra. Lilita Pasetto. La ceremonia cont\u00f3 con la presencia del vicegobernador de la provincia, Dr. Pedro Braillard Poccard, y del intendente de la ciudad de Corrientes, Eduardo Tassano, entre otras autoridades y miembros rotarios.<br>Melisa Mecca pronunci\u00f3 un discurso en el que resalt\u00f3 la emoci\u00f3n de asumir este nuevo desaf\u00edo y el profundo compromiso con los valores de Rotary. \u201cEs un honor y me llena de gratitud y tambi\u00e9n de un profundo compromiso con cada uno de ustedes y con nuestra comunidad\u201d, expres\u00f3.<br>La flamante presidenta record\u00f3 sus inicios en Rotary y destac\u00f3 que llegar a la presidencia era un sue\u00f1o largamente anhelado. \u201cHoy estoy ac\u00e1. Un deseo que naci\u00f3 hace a\u00f1os desde la ilusi\u00f3n y las ganas de servir, hoy se hace realidad\u201d, dijo.<\/p>\n\n\n\n<figure class=\"wp-block-image size-large\"><img loading=\"lazy\" decoding=\"async\" width=\"1024\" height=\"682\" src=\"https:\/\/corrientesdetarde.com\/wp-content\/uploads\/2025\/07\/732c9aab-62ff-422f-93f5-7caddea2dd53-1024x682.jpg\" alt=\"\" class=\"wp-image-215754\" srcset=\"https:\/\/corrientesdetarde.com\/wp-content\/uploads\/2025\/07\/732c9aab-62ff-422f-93f5-7caddea2dd53-1024x682.jpg 1024w, https:\/\/corrientesdetarde.com\/wp-content\/uploads\/2025\/07\/732c9aab-62ff-422f-93f5-7caddea2dd53-300x200.jpg 300w, https:\/\/corrientesdetarde.com\/wp-content\/uploads\/2025\/07\/732c9aab-62ff-422f-93f5-7caddea2dd53-768x512.jpg 768w, https:\/\/corrientesdetarde.com\/wp-content\/uploads\/2025\/07\/732c9aab-62ff-422f-93f5-7caddea2dd53.jpg 1280w\" sizes=\"auto, (max-width: 1024px) 100vw, 1024px\" \/><\/figure>\n\n\n\n<p><br>A su vez, Mecca remarc\u00f3 que ejercer\u00e1 su liderazgo con responsabilidad, en equipo y con una visi\u00f3n clara: trabajar por el bien com\u00fan. \u201cEste a\u00f1o, Rotario nos inspira un lema que lo dice todo: unidos para hacer el bien. Pero hacer el bien no es una realidad individual, sino colectiva\u201d, afirm\u00f3. En ese marco, inst\u00f3 a trabajar con empat\u00eda, pasi\u00f3n y alegr\u00eda, promoviendo los valores rotarios de compa\u00f1erismo, integridad, diversidad, liderazgo y servicio desinteresado.<br>Por su parte, el vicegobernador Pedro Braillard Poccard, rotario de larga trayectoria, ofreci\u00f3 un mensaje cargado de reflexi\u00f3n y memoria. \u201cSiempre que hablo de Rotary no puedo dejar de mencionar los dos grandes principios que lo definen: la amistad y el servicio\u201d, sostuvo.<br>Destac\u00f3 el esp\u00edritu de hermandad rotaria que permite sentirse parte de una gran familia en cualquier lugar del mundo, y rindi\u00f3 homenaje al recordado ingeniero Romero Fonseca, a quien evoc\u00f3 como \u201cun Rotario como pocos, que am\u00f3 al Rotary y vivi\u00f3 seg\u00fan sus principios\u201d.<br>El vicegobernador tambi\u00e9n ponder\u00f3 el rol de la organizaci\u00f3n en el \u00e1mbito sanitario, haciendo especial menci\u00f3n al Programa Polio Plus, una de las campa\u00f1as m\u00e1s exitosas de salud p\u00fablica impulsadas por una organizaci\u00f3n no gubernamental. \u201cPocas herramientas tan eficientes para servir como esta instituci\u00f3n\u201d, subray\u00f3, reiterando su compromiso con el Rotary y con su misi\u00f3n de servicio a la comunidad.<br>El Rotary Club Corrientes contin\u00faa consolid\u00e1ndose como un espacio de transformaci\u00f3n social. A lo largo de su historia, ha promovido iniciativas solidarias, campa\u00f1as de salud, proyectos educativos y acciones comunitarias orientadas al desarrollo humano, siempre desde el compromiso con los valores rotarios.<br>Con el liderazgo de Melisa Mecca, el club encara un nuevo ciclo con renovadas energ\u00edas, convicciones y la vocaci\u00f3n de seguir construyendo puentes de solidaridad, amistad y compromiso social. Como lo afirm\u00f3 la presidenta entrante: \u201cGracias de coraz\u00f3n a quienes me dieron esta oportunidad. Gracias, Lilita Pasetto, por dejarme un club fuerte, activo, lleno de vida y con tantas ganas de seguir creciendo. Y para cerrar, y como muchos saben, me caracterizo por hacer todo con intensidad y esto no va a ser la excepci\u00f3n. As\u00ed que prep\u00e1rense que vamos con todo. Comencemos este nuevo a\u00f1o rotario. Much\u00edsimas gracias\u201d.<\/p>\n\n\n\n<p><\/p>\n","protected":false},"excerpt":{"rendered":"<p>Melisa Mecca asume la presidencia con un fuerte compromiso de servicioEn un acto desarrollado en el Sal\u00f3n de Usos M\u00faltiples del Club de Regatas Corrientes, se llev\u00f3 a cabo el&hellip; <\/p>\n","protected":false},"author":3,"featured_media":215753,"comment_status":"closed","ping_status":"open","sticky":false,"template":"","format":"standard","meta":{"footnotes":""},"categories":[1],"tags":[],"class_list":["post-215752","post","type-post","status-publish","format-standard","has-post-thumbnail","hentry","category-informacion-general"],"_links":{"self":[{"href":"https:\/\/corrientesdetarde.com\/index.php\/wp-json\/wp\/v2\/posts\/215752","targetHints":{"allow":["GET"]}}],"collection":[{"href":"https:\/\/corrientesdetarde.com\/index.php\/wp-json\/wp\/v2\/posts"}],"about":[{"href":"https:\/\/corrientesdetarde.com\/index.php\/wp-json\/wp\/v2\/types\/post"}],"author":[{"embeddable":true,"href":"https:\/\/corrientesdetarde.com\/index.php\/wp-json\/wp\/v2\/users\/3"}],"replies":[{"embeddable":true,"href":"https:\/\/corrientesdetarde.com\/index.php\/wp-json\/wp\/v2\/comments?post=215752"}],"version-history":[{"count":1,"href":"https:\/\/corrientesdetarde.com\/index.php\/wp-json\/wp\/v2\/posts\/215752\/revisions"}],"predecessor-version":[{"id":215755,"href":"https:\/\/corrientesdetarde.com\/index.php\/wp-json\/wp\/v2\/posts\/215752\/revisions\/215755"}],"wp:featuredmedia":[{"embeddable":true,"href":"https:\/\/corrientesdetarde.com\/index.php\/wp-json\/wp\/v2\/media\/215753"}],"wp:attachment":[{"href":"https:\/\/corrientesdetarde.com\/index.php\/wp-json\/wp\/v2\/media?parent=215752"}],"wp:term":[{"taxonomy":"category","embeddable":true,"href":"https:\/\/corrientesdetarde.com\/index.php\/wp-json\/wp\/v2\/categories?post=215752"},{"taxonomy":"post_tag","embeddable":true,"href":"https:\/\/corrientesdetarde.com\/index.php\/wp-json\/wp\/v2\/tags?post=215752"}],"curies":[{"name":"wp","href":"https:\/\/api.w.org\/{rel}","templated":true}]}}