{"id":215774,"date":"2025-07-04T08:50:53","date_gmt":"2025-07-04T11:50:53","guid":{"rendered":"https:\/\/corrientesdetarde.com\/?p=215774"},"modified":"2025-07-04T08:50:58","modified_gmt":"2025-07-04T11:50:58","slug":"el-julio-porteno-arranca-con-una-variedad-cultural-variopinta","status":"publish","type":"post","link":"https:\/\/corrientesdetarde.com\/index.php\/cultura\/el-julio-porteno-arranca-con-una-variedad-cultural-variopinta\/","title":{"rendered":"EL JULIO PORTE\u00d1O ARRANCA CON UNA VARIEDAD CULTURAL VARIOPINTA"},"content":{"rendered":"\n<p>(Por Bel\u00e9n Pap\u00e1 Orfano para CDT) &#8211; El primer fin de semana de julio llega con mucha m\u00fasica, tanto en los teatros, como en los museos y en la Usina del Arte para los m\u00e1s chicos de la familia.\u00a0<br><br><\/p>\n\n\n\n<p><strong>ARTE<\/strong><\/p>\n\n\n\n<p>El Museo de Arte Moderno de Buenos Aires exhibe \u201cEsto es teatro. Once escenas experimentales: del Di Tella al&nbsp;Parakultural\u201d. Se trata de una exposici\u00f3n&nbsp;sobre la interrelaci\u00f3n entre las vanguardias de las artes visuales y la intensa experimentaci\u00f3n que se dio en el teatro argentino entre los a\u00f1os 1960 y 1980.<\/p>\n\n\n\n<p>Museo de Arte Moderno de Buenos Aires&nbsp;&#8211; Av. San Juan 350<\/p>\n\n\n\n<p><strong>M\u00daSICA<\/strong><\/p>\n\n\n\n<p>El s\u00e1bado 5 de julio a las 16 horas&nbsp;el Museo&nbsp;Perlotti(Pujol 644) ser\u00e1 escenario de&nbsp;<em>Conciertos \u00cdntimos<\/em>, con distintos elencos corales de la Red Coral Argentina. M\u00e1s tarde, a las 17 horas, el Museo Saavedra (Cris\u00f3logoLarralde 6309) presentar\u00e1&nbsp;<em>El Saavedra le pone m\u00fasica al barrio<\/em>, con un concierto de Juanjo&nbsp;Spiani&nbsp;y el Tr\u00edo Morel. Ambas actividades est\u00e1n incluidas con la entrada al museo y no requieren inscripci\u00f3n previa.<\/p>\n\n\n\n<p><strong>CINE<\/strong><\/p>\n\n\n\n<p>El domingo 6 de julio comienza el ciclo&nbsp;\u201cMirtha Legrand: la diva total\u201d&nbsp;en&nbsp;el&nbsp;auditorio del Museo del Cine.&nbsp;Los&nbsp;s\u00e1bados y&nbsp;domingos&nbsp;podr\u00e1n&nbsp;verse&nbsp;ocho&nbsp;t\u00edtulos&nbsp;clave del cine&nbsp;argentino, con la&nbsp;actuaci\u00f3n&nbsp;de&nbsp;la gran diva de los almuerzos,&nbsp;Mirtha Legrand.&nbsp;Algunas&nbsp;ser\u00e1n&nbsp;proyecciones&nbsp;en&nbsp;f\u00edlmico,&nbsp;en&nbsp;16 mm, y&nbsp;otras&nbsp;en&nbsp;formato&nbsp;digital.&nbsp;<\/p>\n\n\n\n<p>Adem\u00e1s,&nbsp;como&nbsp;parte&nbsp;de&nbsp;este&nbsp;mismo&nbsp;ciclo, se&nbsp;realizar\u00e1n&nbsp;otras&nbsp;funciones&nbsp;en el Malba.&nbsp;<\/p>\n\n\n\n<p>Museo del Cine&nbsp;&#8211;&nbsp;Caffarena&nbsp;51, La Boca<\/p>\n\n\n\n<p><strong>TEATRO<\/strong><\/p>\n\n\n\n<p>El&nbsp;Centro Cultural 25 de&nbsp;Mayo&nbsp;se presentar\u00e1 El&nbsp;Troesma, un espect\u00e1culo de m\u00fasica en vivo protagonizado por Marcelo&nbsp;Mazzarello&nbsp;que rinde tributo al legado art\u00edstico de Carlos Gardel a 90 a\u00f1os de su muerte.&nbsp;<\/p>\n\n\n\n<p>Habr\u00e1 funciones los s\u00e1bados a las 20 y los domingos a las 19 durante todo el mes de julio.&nbsp;Las entradas son gratuitas y con reserva previa a trav\u00e9s de la plataforma&nbsp;EntradasBA.<\/p>\n\n\n\n<p>El&nbsp;Centro Cultural 25 de&nbsp;Mayo&nbsp;&#8211; Av. Triunvirato 4444<\/p>\n\n\n\n<p><strong>PARA LOS M\u00c1S CHICOS<\/strong><\/p>\n\n\n\n<p>El grupo musical Los&nbsp;Rockan&nbsp;presentar\u00e1&nbsp;en&nbsp;la Usina del&nbsp;arte&nbsp;\u201cEl&nbsp;mundo&nbsp;de la&nbsp;ternura\u201d,&nbsp;un show de&nbsp;m\u00fasica,&nbsp;teatro, cuentos y&nbsp;juegos&nbsp;para&nbsp;los&nbsp;chicos. Se&nbsp;har\u00e1&nbsp;este&nbsp;domingo&nbsp;a las 17&nbsp;en&nbsp;la Usina del Arte. El&nbsp;acceso&nbsp;es con&nbsp;reserva&nbsp;previa a&nbsp;trav\u00e9s&nbsp;de&nbsp;la cuenta de Instagram de Usina del Arte.&nbsp;<\/p>\n\n\n\n<p>Usina del Arte &#8211; Caffarena 1<\/p>\n","protected":false},"excerpt":{"rendered":"<p>(Por Bel\u00e9n Pap\u00e1 Orfano para CDT) &#8211; El primer fin de semana de julio llega con mucha m\u00fasica, tanto en los teatros, como en los museos y en la Usina&hellip; <\/p>\n","protected":false},"author":11,"featured_media":215775,"comment_status":"closed","ping_status":"open","sticky":false,"template":"","format":"standard","meta":{"footnotes":""},"categories":[15],"tags":[],"class_list":["post-215774","post","type-post","status-publish","format-standard","has-post-thumbnail","hentry","category-cultura"],"_links":{"self":[{"href":"https:\/\/corrientesdetarde.com\/index.php\/wp-json\/wp\/v2\/posts\/215774","targetHints":{"allow":["GET"]}}],"collection":[{"href":"https:\/\/corrientesdetarde.com\/index.php\/wp-json\/wp\/v2\/posts"}],"about":[{"href":"https:\/\/corrientesdetarde.com\/index.php\/wp-json\/wp\/v2\/types\/post"}],"author":[{"embeddable":true,"href":"https:\/\/corrientesdetarde.com\/index.php\/wp-json\/wp\/v2\/users\/11"}],"replies":[{"embeddable":true,"href":"https:\/\/corrientesdetarde.com\/index.php\/wp-json\/wp\/v2\/comments?post=215774"}],"version-history":[{"count":1,"href":"https:\/\/corrientesdetarde.com\/index.php\/wp-json\/wp\/v2\/posts\/215774\/revisions"}],"predecessor-version":[{"id":215776,"href":"https:\/\/corrientesdetarde.com\/index.php\/wp-json\/wp\/v2\/posts\/215774\/revisions\/215776"}],"wp:featuredmedia":[{"embeddable":true,"href":"https:\/\/corrientesdetarde.com\/index.php\/wp-json\/wp\/v2\/media\/215775"}],"wp:attachment":[{"href":"https:\/\/corrientesdetarde.com\/index.php\/wp-json\/wp\/v2\/media?parent=215774"}],"wp:term":[{"taxonomy":"category","embeddable":true,"href":"https:\/\/corrientesdetarde.com\/index.php\/wp-json\/wp\/v2\/categories?post=215774"},{"taxonomy":"post_tag","embeddable":true,"href":"https:\/\/corrientesdetarde.com\/index.php\/wp-json\/wp\/v2\/tags?post=215774"}],"curies":[{"name":"wp","href":"https:\/\/api.w.org\/{rel}","templated":true}]}}